{"id":12098,"date":"2019-09-23T17:02:47","date_gmt":"2019-09-23T17:02:47","guid":{"rendered":"https:\/\/redsemlac.com\/semmexico\/?p=12098"},"modified":"2023-07-21T15:11:37","modified_gmt":"2023-07-21T20:11:37","slug":"guerrero-41","status":"publish","type":"post","link":"https:\/\/redsemlac.com\/semmexico\/guerrero-41\/","title":{"rendered":"Capacitaci\u00f3n al funcionariado fundamental para atender la violencia digital"},"content":{"rendered":"\n<p class=\"wp-block-paragraph\"><strong>* Las Revueltas esperan que pronto el\ncongreso tipifique el delito<\/strong><\/p>\n\n\n\n<p class=\"wp-block-paragraph\"><strong>* MP deben saber c\u00f3mo actuar frente a\nlas denuncias<\/strong><\/p>\n\n\n\n<p class=\"wp-block-paragraph\"><strong>Josefina Aguilar Pastor&nbsp; <\/strong><\/p>\n\n\n\n<p class=\"wp-block-paragraph\">SemM\u00e9xico, Chilpancingo, Gro., 23 septiembre 2019.- El problema de la violencia digital no se resolver\u00e1 con su tipificaci\u00f3n en el C\u00f3digo Penal, requerir\u00e1 de toda una campa\u00f1a de informaci\u00f3n y visibilizaci\u00f3n, no solo entre la ciudadan\u00eda, sino principalmente entre el funcionariado de las distintas instancias gubernamentales que deber\u00e1n atender a las v\u00edctimas, advirti\u00f3 la abogada y activista Yelitza Ruiz \u00c1ngel.<\/p>\n\n\n\n<p class=\"wp-block-paragraph\">La abogada e integrante de la cooperativa Las Revueltas, una de las organizaciones que, junto con Olimpia Coral Melo Cruz, han impulsado el paquete de reformas para tipificar y reconcomer la violencia digital en el Estado de Guerrero, dentro de la llamada Ley Olimpia, admiti\u00f3 que ser\u00e1 un gran avance la aprobaci\u00f3n de las innovaciones legislativas que en los pr\u00f3ximos d\u00edas, pudiera darse en el Congreso del Estado.<\/p>\n\n\n\n<p class=\"wp-block-paragraph\">Su aprobaci\u00f3n, traer\u00e1 consigo pol\u00edticas p\u00fablicas transversales, ejecuci\u00f3n de programas de prevenci\u00f3n, atenci\u00f3n y erradicaci\u00f3n de esta modalidad de violencia \u2013digital-, y despu\u00e9s de eso, campa\u00f1as de visibilizaci\u00f3n del tema y, sobre todo, de atenci\u00f3n a las usuarias, \u201cporque no se resuelve el problema de violencia digital tipific\u00e1ndolo\u201d, subray\u00f3.<\/p>\n\n\n\n<p class=\"wp-block-paragraph\">La labor para las abogadas con perspectiva feminista, para las instituciones es sobre de como dar\u00e1n la atenci\u00f3n legal a quienes lleguen a denunciar \u201cese es el siguiente paso\u201d, la capacitaci\u00f3n a los ministerios p\u00fablicos, los encargados de dise\u00f1ar pol\u00edticas p\u00fablicas, deben ir de la mano, debe ser una capacitaci\u00f3n constante.<\/p>\n\n\n\n<p class=\"wp-block-paragraph\">Una vez que se reforme la ley 553, dicha capacitaci\u00f3n deber\u00e1 ser obligatoria, a fin de los ministerios p\u00fablicos, por ejemplo, sepan c\u00f3mo encuadrar la denuncia que se interponga y no ocurra como hasta ahora, que nieguen la atenci\u00f3n a una usuaria, por desconocimiento y, segundo, por no estar considera ni reconocida en la ley, como ha quedado constancia en un par de casos a los que Las Revueltas, dieron acompa\u00f1amiento, refiri\u00f3 Ruiz \u00c1ngel.<\/p>\n\n\n\n<p class=\"wp-block-paragraph\">La activista resalt\u00f3 que, para atender la violencia digital, se requerir\u00e1 de la voluntad pol\u00edtica y capacitaci\u00f3n no solo del gobierno sino de sus funcionarios y servidores p\u00fablicos, para acatar lo que dice la ley \u201cla violencia de g\u00e9nero ya est\u00e1 completamente englobada en la ley de acceso, se reconocen exactamente los puntos, lo que necesitamos es que se ejecute, que lo que ya existe en los c\u00f3digos, en las leyes, se implemente y no quede en letra muerta, sea acci\u00f3n, praxis\u201d.<\/p>\n\n\n\n<p class=\"wp-block-paragraph\"><strong>SEM\/jap\/sj<\/strong><\/p>\n","protected":false},"excerpt":{"rendered":"<p>Las Revueltas esperan que pronto el congreso tipifique el delito<\/p>\n","protected":false},"author":3,"featured_media":12099,"comment_status":"open","ping_status":"open","sticky":false,"template":"","format":"standard","meta":{"_monsterinsights_skip_tracking":false,"footnotes":""},"categories":[690,54],"tags":[],"class_list":["post-12098","post","type-post","status-publish","format-standard","has-post-thumbnail","category-690","category-mujeres"],"_links":{"self":[{"href":"https:\/\/redsemlac.com\/semmexico\/wp-json\/wp\/v2\/posts\/12098","targetHints":{"allow":["GET"]}}],"collection":[{"href":"https:\/\/redsemlac.com\/semmexico\/wp-json\/wp\/v2\/posts"}],"about":[{"href":"https:\/\/redsemlac.com\/semmexico\/wp-json\/wp\/v2\/types\/post"}],"author":[{"embeddable":true,"href":"https:\/\/redsemlac.com\/semmexico\/wp-json\/wp\/v2\/users\/3"}],"replies":[{"embeddable":true,"href":"https:\/\/redsemlac.com\/semmexico\/wp-json\/wp\/v2\/comments?post=12098"}],"version-history":[{"count":0,"href":"https:\/\/redsemlac.com\/semmexico\/wp-json\/wp\/v2\/posts\/12098\/revisions"}],"wp:featuredmedia":[{"embeddable":true,"href":"https:\/\/redsemlac.com\/semmexico\/wp-json\/wp\/v2\/media\/12099"}],"wp:attachment":[{"href":"https:\/\/redsemlac.com\/semmexico\/wp-json\/wp\/v2\/media?parent=12098"}],"wp:term":[{"taxonomy":"category","embeddable":true,"href":"https:\/\/redsemlac.com\/semmexico\/wp-json\/wp\/v2\/categories?post=12098"},{"taxonomy":"post_tag","embeddable":true,"href":"https:\/\/redsemlac.com\/semmexico\/wp-json\/wp\/v2\/tags?post=12098"}],"curies":[{"name":"wp","href":"https:\/\/api.w.org\/{rel}","templated":true}]}}