{"id":12078,"date":"2019-09-22T21:45:25","date_gmt":"2019-09-22T21:45:25","guid":{"rendered":"https:\/\/redsemlac.com\/semmexico\/?p=12078"},"modified":"2023-07-21T15:09:57","modified_gmt":"2023-07-21T20:09:57","slug":"merida-4","status":"publish","type":"post","link":"https:\/\/redsemlac.com\/semmexico\/merida-4\/","title":{"rendered":"Comunidad LGBT+ de Yucat\u00e1n exige a las autoridades aprobaci\u00f3n del matrimonio igualitario en la Cumbre de los Premios Nobel"},"content":{"rendered":"\n<p class=\"wp-block-paragraph\"><strong>Lorena Castellanos Rinc\u00f3n.<\/strong><\/p>\n\n\n\n<p class=\"wp-block-paragraph\">SemM\u00e9xico. M\u00e9rida, Yucat\u00e1n.  22 de septiembre de 2019.- En el marco de la XVII edici\u00f3n de la Cumbre Mundial de los Premios Nobel de la Paz, miembros de la comunidad LGBT+ de Yucat\u00e1n se reunieron este s\u00e1bado 21 de septiembre en una manifestaci\u00f3n pac\u00edfica por el matrimonio igualitario en la entidad y para exigirle al gobernador del estado Mauricio Vila Dosal, tomar una postura relacionada al tema. <\/p>\n\n\n\n<p class=\"wp-block-paragraph\">La protesta tuvo lugar en el\nParque de la Mejorada, ubicado en el centro de la ciudad de M\u00e9rida, donde\ndiversos colectivos y civiles se reunieron con carteles y banderas del orgullo,\nas\u00ed como banderas de la comunidad trans y la comunidad bisexual, para hacerse\nvisibles ante Yucat\u00e1n y ante el mundo, pues, tal como expresaron a los medios\nde comunicaci\u00f3n, la Cumbre de la Paz resulta ser el escaparate perfecto para\nalzar la voz en favor del respeto a sus derechos.<\/p>\n\n\n\n<p class=\"wp-block-paragraph\">Poco despu\u00e9s de las 7:00 de la\nnoche, los manifestantes se reunieron en el centro del parque para leer un\nmanifiesto, donde recalcaron \u201cla hostilidad\u201d del Gobierno del Estado en contra\nde la comunidad LGBT+, desde que el Congreso local vot\u00f3 en dos ocasiones, y de\nmanera secreta, en contra de la iniciativa de matrimonio entre personas del\nmismo sexo.<\/p>\n\n\n\n<p class=\"wp-block-paragraph\">En este sentido, exigieron al\ngobernador Mauricio Vila tomar una postura m\u00e1s all\u00e1 de la supuesta neutralidad,\nya que, recordaron, durante su campa\u00f1a de 2018, firm\u00f3 la agenda del Frente\nNacional por la Familia (FNF), pero sigue sin proponer pol\u00edticas p\u00fablicas a\nfavor de la comunidad. &nbsp;<\/p>\n\n\n\n<p class=\"wp-block-paragraph\">\u201cEl gobierno anfitri\u00f3n de\nMauricio Vila dice estar comprometido en la construcci\u00f3n de la paz, y\ncontradictoriamente tambi\u00e9n es el gobierno que hoy en d\u00eda no reconoce a todas\nlas familias y no protege a todas las personas.&nbsp;\nLa Cumbre es la perfecta oportunidad para revirar sus posturas\nantiderechos e impulsar pol\u00edticas que verdaderamente atiendan a todas las\npersonas y familias yucatecas, incluyendo a las conformadas por personas\nLGBT+\u201d, afirmaron reunidos codo con codo miembros de los colectivos\nconvocantes. <\/p>\n\n\n\n<p class=\"wp-block-paragraph\">En este sentido, detallaron que\nsus voces se han hecho cada vez m\u00e1s fuertes, ya que, desde el mes de abril en\nel que se turn\u00f3 a votaci\u00f3n por primera vez la iniciativa, voces institucionales\na nivel estatal, nacional e internacional se han unido para \u201cexhortar\u201d al\nGobierno y al Congreso estatales reconocer los derechos humanos de la\ncomunidad, entre ellos la Suprema Corte de Justicia de la Naci\u00f3n, la Conapred,\nla Corte Internacional de Derechos Humanos, la CNDH, la Codhey y el Infonavit,\nposturas que han llegado a o\u00eddos de Mauricio Vila, pero sin haber respuesta, <\/p>\n\n\n\n<ul class=\"wp-block-gallery columns-2 is-cropped wp-block-gallery-1 is-layout-flex wp-block-gallery-is-layout-flex\"><li class=\"blocks-gallery-item\"><figure><img decoding=\"async\" src=\"https:\/\/redsemlac.com\/semmexico\/wp-content\/uploads\/2019\/09\/lgbt-merida-1-1024x768.jpeg\" alt=\"\" data-id=\"12079\" data-link=\"https:\/\/redsemlac.com\/semmexico\/?attachment_id=12079\" class=\"wp-image-12079\"\/><\/figure><\/li><li class=\"blocks-gallery-item\"><figure><img decoding=\"async\" src=\"https:\/\/redsemlac.com\/semmexico\/wp-content\/uploads\/2019\/09\/lgbt-merida-3-1024x768.jpeg\" alt=\"\" data-id=\"12080\" data-link=\"https:\/\/redsemlac.com\/semmexico\/?attachment_id=12080\" class=\"wp-image-12080\"\/><\/figure><\/li><\/ul>\n\n\n\n<p class=\"wp-block-paragraph\">\u201cSabemos que Vila sabe que\nexistimos, porque marchamos m\u00e1s de ocho mil ciudadanos frente al Palacio de\nGobierno el 8 de Junio en la Marcha del Orgullo, y nos fuimos a casa sin una\nmuestra de apoyo ese d\u00eda, y su silencio fue ensordecedor. Tambi\u00e9n el 17 de mayo\ncuando el presidente (de la Rep\u00fablica) lo declar\u00f3 el D\u00eda Nacional contra la Homofobia,\nLesbofobia, Bifobia y Transfobia\u201d, afirmaron.<\/p>\n\n\n\n<p class=\"wp-block-paragraph\">Destacaron que el silencio el\nEjecutivo Estatal, sumado a la firma de la agenta del FNF replican la propagan\nde los discursos de odio y la vulneraci\u00f3n de los derechos humanos de la\ncomunidad LGBT+, por lo que, de manera abierta, ante los medios de comunicaci\u00f3n\nlocales y aprovechando la Cumbre de los Premios Nobel plantean al gobernador\nlas siguientes preguntas:<\/p>\n\n\n\n<ul class=\"wp-block-list\"><li>\u00bfCu\u00e1ndo le asignar\u00e1n presupuesto al Centro para\nPrevenir la Discriminar del Estado de Yucat\u00e1n para que pueda operar?<\/li><li>\u00bfEnviar\u00e1s al Congreso de Yucat\u00e1n una iniciativa\nde ley a favor del matrimonio igualitario?<\/li><li>\u00bfCu\u00e1l es tu postura al respecto de la votaci\u00f3n\nilegal en secreto del Congreso de Yucat\u00e1n sobre el tema del matrimonio\nigualitario los pasados 10 de abril y 15 de Julio?<\/li><li>\u00bfImpulsar\u00e1s campa\u00f1as y capacitaciones de\nconcientizaci\u00f3n para el sector salud para garantizar el acceso a este derecho\nsin discriminaci\u00f3n?<\/li><li>\u00bfTrabajar\u00e1 con la Fiscal\u00eda General del Estado de\nYucat\u00e1n para garantizar el acceso a la justicia en los casos que involucren\nviolencia por homofobia y transfobia, as\u00ed como en la prevenci\u00f3n de cr\u00edmenes de\nodio?<\/li><\/ul>\n\n\n\n<p class=\"wp-block-paragraph\"><strong>La log\u00edstica de\nCumbre de la Paz no fue LGBT-friendly<\/strong><\/p>\n\n\n\n<p class=\"wp-block-paragraph\">Entrevistado por reporteros de la fuente, Alex Oru\u00e9,\nintegrante del Colectivo por la Protecci\u00f3n de Todas las Familias de Yucat\u00e1n y\ndirector de It Gets Better M\u00e9xico, detall\u00f3 que dicha manifestaci\u00f3n no se\nrealiz\u00f3 en contra ni de la Cumbre ni de Ricky Martin, como algunos pol\u00edticos\nyucatecos quisieron dar a entender.<\/p>\n\n\n\n<p class=\"wp-block-paragraph\">Sin embargo, detall\u00f3 que durante la realizaci\u00f3n del evento\nen el Centro Internacional de Congresos, vulneraron la libertad de expresi\u00f3n de\ndiversos miembros de la comunidad, ya que, a algunos de ellos, todos\nintegrantes del Colectivo que representa, se les fue negado el acceso, a pesar\nque se registraron debidamente y obtuvieron sus correos de confirmaci\u00f3n.<\/p>\n\n\n\n<p class=\"wp-block-paragraph\">Detall\u00f3 que elementos policiales lo detuvieron en la entrada\ndel edificio, justo antes de comenzar su entrevista con la cadena nacional W\nRadio, \u201cporque quer\u00edan impedir la entrevista\u201d. <\/p>\n\n\n\n<p class=\"wp-block-paragraph\">De igual forma, comunic\u00f3 que, adem\u00e1s de esto, a la entrada\ndel recinto, las autoridades se dedicaron a confiscar banderas del orgullo\nLGBT+, siendo unas pocas las que pudieron pasar sin que las descubrieran, y\nrecrimin\u00f3 las declaraciones de esperanza la secretaria de Fomento Tur\u00edstico,\nMichelle Fridman, al \u201cver tantas banderas que son el futuro\u201d&nbsp; presentes en las ponencias.<\/p>\n\n\n\n<p class=\"wp-block-paragraph\">Por otra parte, reconoci\u00f3 la importancia de que aliados como\nDiego Luna, Miguel Bos\u00e9, Martha Debayle, Yuriria Sierra, Joy Huerta y Ricky\nMartin se pronunciaran abiertamente a favor del matrimonio igualitario en la\nentidad.<\/p>\n\n\n\n<p class=\"wp-block-paragraph\">\u201cEso da esperanzas ver que en esta lucha no estamos solos\naunque el Gobierno del Estado busque ignorarnos y busque seguir dej\u00e1ndonos en\nesta situaci\u00f3n de vulnerabilidad\u2026&nbsp; Cuando\nla gente nos ignora en nuestra casa es importante que los vecinos y que la\ngente de fuera alce la voz y solamente as\u00ed van a voltear. El mundo est\u00e1\nvoltendo a ver hoy a Yucat\u00e1n por la Cumbre\u201d.<\/p>\n\n\n\n<p class=\"wp-block-paragraph\">Y remarc\u00f3 que estos pronunciamentos est\u00e1n ligados al \u201cruido\u201d\nque miembros de la comunidad y sus aliados han realizado durante los \u00faltimos\nmeses en redes sociales, ya que, como se recordar\u00e1, la noticia de que el\nCongreso del Estado neg\u00f3 por segunda vez la iniciativa, lleg\u00f3 a medios\nnacionales e internacionales, y desde que se confirm\u00f3 que M\u00e9rida ser\u00eda la sede\ndel citado evento, comenzaron a haber campa\u00f1as en redes sociales para\nvisibilizar dicha situaci\u00f3n, especialmente por la llegada del cantante y\nactivista LGBT+ Ricky Martin.<\/p>\n\n\n\n<p class=\"wp-block-paragraph\">Por otra parte, Kelly Ram\u00edrez de Igualdad Sustantiva Yucat\u00e1n\ny una de las organizadoras del evento, destac\u00f3 la importancia de que estas\npersonalidades hayan alzado la voz dentro de un evento de magnitud mundial\ndesde dentro, ya que los mismos miembros de la comunidad no tuvieron\noportunidad de hacerlo.<\/p>\n\n\n\n<p class=\"wp-block-paragraph\">Por \u00faltimo asegur\u00f3 que a nivel mundial, Yucat\u00e1n env\u00eda un\nmensaje muy claro: <\/p>\n\n\n\n<p class=\"wp-block-paragraph\">\u201cEl hecho de que Mauricio Vila se quede imparcial o nulo\nhabla mucho que es un tema que no quiere tocar\u2026 (que) es un gobierno y un\nCongreso que no est\u00e1n a favor de los derechos humanos, que quieren tratar de\ninvisibilizar a la comunidad cuando realmente somos bastantes y que realmente\nse creen muy sesgados en cuestiones pol\u00edticas y sociales, y Yucat\u00e1n no est\u00e1 a\nla vanguardia de esto\u201d, finaliz\u00f3.<\/p>\n","protected":false},"excerpt":{"rendered":"<p>Miembros de la comunidad LGBT+ de Yucat\u00e1n se reunieron este s\u00e1bado 21 de septiembre en una manifestaci\u00f3n pac\u00edfica por el matrimonio igualitario en la entidad y para exigirle al gobernador del estado Mauricio Vila Dosal, tomar una postura relacionada al tema. <\/p>\n","protected":false},"author":3,"featured_media":12081,"comment_status":"open","ping_status":"open","sticky":false,"template":"","format":"standard","meta":{"_monsterinsights_skip_tracking":false,"footnotes":""},"categories":[690,52],"tags":[],"class_list":["post-12078","post","type-post","status-publish","format-standard","has-post-thumbnail","category-690","category-hombres"],"_links":{"self":[{"href":"https:\/\/redsemlac.com\/semmexico\/wp-json\/wp\/v2\/posts\/12078","targetHints":{"allow":["GET"]}}],"collection":[{"href":"https:\/\/redsemlac.com\/semmexico\/wp-json\/wp\/v2\/posts"}],"about":[{"href":"https:\/\/redsemlac.com\/semmexico\/wp-json\/wp\/v2\/types\/post"}],"author":[{"embeddable":true,"href":"https:\/\/redsemlac.com\/semmexico\/wp-json\/wp\/v2\/users\/3"}],"replies":[{"embeddable":true,"href":"https:\/\/redsemlac.com\/semmexico\/wp-json\/wp\/v2\/comments?post=12078"}],"version-history":[{"count":0,"href":"https:\/\/redsemlac.com\/semmexico\/wp-json\/wp\/v2\/posts\/12078\/revisions"}],"wp:featuredmedia":[{"embeddable":true,"href":"https:\/\/redsemlac.com\/semmexico\/wp-json\/wp\/v2\/media\/12081"}],"wp:attachment":[{"href":"https:\/\/redsemlac.com\/semmexico\/wp-json\/wp\/v2\/media?parent=12078"}],"wp:term":[{"taxonomy":"category","embeddable":true,"href":"https:\/\/redsemlac.com\/semmexico\/wp-json\/wp\/v2\/categories?post=12078"},{"taxonomy":"post_tag","embeddable":true,"href":"https:\/\/redsemlac.com\/semmexico\/wp-json\/wp\/v2\/tags?post=12078"}],"curies":[{"name":"wp","href":"https:\/\/api.w.org\/{rel}","templated":true}]}}