{"id":12031,"date":"2019-09-20T21:56:22","date_gmt":"2019-09-20T21:56:22","guid":{"rendered":"https:\/\/redsemlac.com\/semmexico\/?p=12031"},"modified":"2023-07-21T15:09:58","modified_gmt":"2023-07-21T20:09:58","slug":"cdmx-23","status":"publish","type":"post","link":"https:\/\/redsemlac.com\/semmexico\/cdmx-23\/","title":{"rendered":"Lesvy Berl\u00edn no se suicid\u00f3, fue asesinada: m\u00e9dico forense"},"content":{"rendered":"\n<p class=\"wp-block-paragraph\"><strong>El perito internacional explic\u00f3 que la joven estaba en severo estado de indefensi\u00f3n por el nivel de alcohol que ten\u00eda en el cuerpo<\/strong>.<\/p>\n\n\n\n<p class=\"wp-block-paragraph\"><strong>Cecilia Nava\/Foto: Cuartoscuro<\/strong><\/p>\n\n\n\n<p class=\"wp-block-paragraph\">SemM\u00e9xico\/El Sol de M\u00e9xico. Ciudad de M\u00e9xico. 20 de septiembre 2019.- Lesvy Berl\u00edn Rivera Osorio no se suicid\u00f3, fue asesinada y la principal prueba es que la joven de 22 a\u00f1os estaba en severo estado de indefensi\u00f3n por el nivel de alcohol que ten\u00eda en el cuerpo la madrugada del 3 de septiembre del 2017, explic\u00f3 el perito internacional, Jos\u00e9 Mario Najera Ochoa.<\/p>\n\n\n\n<p class=\"wp-block-paragraph\">El m\u00e9dico forense, proveniente de Guatemala, dijo que la necropsia que se le realiz\u00f3 a Lesvy Berl\u00edn en el Instituto de Ciencias Forenses de la Ciudad de M\u00e9xico (Incifo) no fue la adecuada, ya que el personal no tom\u00f3 en cuenta el contexto del espacio donde amaneci\u00f3 estrangulada la v\u00edctima.<\/p>\n\n\n\n<p class=\"wp-block-paragraph\">Najera Ochoa coment\u00f3 que otro de los errores que cometi\u00f3 el Incifo es que no realiz\u00f3 la necropsia desde el levantamiento del cuerpo.<\/p>\n\n\n\n<p class=\"wp-block-paragraph\">Agreg\u00f3 que Lesvy Berl\u00edn ten\u00eda 256 miligramos de alcohol en el cuerpo por lo que era incapaz de colgarse con el cable de la caseta telef\u00f3nica en la Universidad Nacional Aut\u00f3noma de M\u00e9xico (UNAM) en Ciudad Universitaria (CU).<\/p>\n\n\n\n<p class=\"wp-block-paragraph\">Durante su testimonio, expuso las reacciones que tiene el cuerpo por naturaleza cuando una persona se suicida, entre ellos hay acciones como orinarse o defecar, sin embargo, la v\u00edctima no lo hizo.<\/p>\n\n\n\n<p class=\"wp-block-paragraph\">Cabe mencionar que el doctor Najera Ochoa tambi\u00e9n llev\u00f3 los casos de feminicidio de la mexicana Mariana Lima y de la guatemalteca Mariana Carre\u00f3n.<\/p>\n\n\n\n<p class=\"wp-block-paragraph\">SEM\/El Sol de M\u00e9xico<\/p>\n","protected":false},"excerpt":{"rendered":"<p>El perito internacional explic\u00f3 que la joven estaba en severo estado de indefensi\u00f3n por el nivel de alcohol que ten\u00eda en el cuerpo.<\/p>\n","protected":false},"author":3,"featured_media":12032,"comment_status":"open","ping_status":"open","sticky":false,"template":"","format":"standard","meta":{"_monsterinsights_skip_tracking":false,"footnotes":""},"categories":[690,56],"tags":[],"class_list":["post-12031","post","type-post","status-publish","format-standard","has-post-thumbnail","category-690","category-redes"],"_links":{"self":[{"href":"https:\/\/redsemlac.com\/semmexico\/wp-json\/wp\/v2\/posts\/12031","targetHints":{"allow":["GET"]}}],"collection":[{"href":"https:\/\/redsemlac.com\/semmexico\/wp-json\/wp\/v2\/posts"}],"about":[{"href":"https:\/\/redsemlac.com\/semmexico\/wp-json\/wp\/v2\/types\/post"}],"author":[{"embeddable":true,"href":"https:\/\/redsemlac.com\/semmexico\/wp-json\/wp\/v2\/users\/3"}],"replies":[{"embeddable":true,"href":"https:\/\/redsemlac.com\/semmexico\/wp-json\/wp\/v2\/comments?post=12031"}],"version-history":[{"count":0,"href":"https:\/\/redsemlac.com\/semmexico\/wp-json\/wp\/v2\/posts\/12031\/revisions"}],"wp:featuredmedia":[{"embeddable":true,"href":"https:\/\/redsemlac.com\/semmexico\/wp-json\/wp\/v2\/media\/12032"}],"wp:attachment":[{"href":"https:\/\/redsemlac.com\/semmexico\/wp-json\/wp\/v2\/media?parent=12031"}],"wp:term":[{"taxonomy":"category","embeddable":true,"href":"https:\/\/redsemlac.com\/semmexico\/wp-json\/wp\/v2\/categories?post=12031"},{"taxonomy":"post_tag","embeddable":true,"href":"https:\/\/redsemlac.com\/semmexico\/wp-json\/wp\/v2\/tags?post=12031"}],"curies":[{"name":"wp","href":"https:\/\/api.w.org\/{rel}","templated":true}]}}