{"id":11908,"date":"2019-09-17T21:19:22","date_gmt":"2019-09-17T21:19:22","guid":{"rendered":"https:\/\/redsemlac.com\/semmexico\/?p=11908"},"modified":"2023-07-21T15:10:01","modified_gmt":"2023-07-21T20:10:01","slug":"cdmx-21","status":"publish","type":"post","link":"https:\/\/redsemlac.com\/semmexico\/cdmx-21\/","title":{"rendered":"Revisar la Alerta de Violencia de G\u00e9nero sin simulaciones ni hipocres\u00edas: Sheinbaum"},"content":{"rendered":"\n<p class=\"wp-block-paragraph\"><strong>Elda Montiel<\/strong><\/p>\n\n\n\n<p class=\"wp-block-paragraph\">SemM\u00e9xico. Cd. de M\u00e9xico. 17 de septiembre de 2019.- Sin simulaciones ni hipocres\u00edas es sustantivo buscar la erradicaci\u00f3n de la violencia de g\u00e9nero contra las mujeres en conjunto con la Secretar\u00eda de Gobernaci\u00f3n, con la CONAVIM, con el Instituto de las Mujeres, con las organizaciones, civiles, legisladoras y legisladores, la sociedad y con las mujeres, se pronunci\u00f3 la jefa de gobierno de la Ciudad de M\u00e9xico, Claudia Sheinbaum.<\/p>\n\n\n\n<p class=\"wp-block-paragraph\">Al rendir su primer informe constitucional en el Congreso de la Ciudad de M\u00e9xico, aclar\u00f3 que no se opone a la declaraci\u00f3n de Alerta de Violencia de G\u00e9nero, y se dijo contenta de que haya un inter\u00e9s conjunto, pero hay que preguntarse \u2013dijo- \u00bfCu\u00e1les son las medidas que se deben tomar? Tras se\u00f1alar que actualmente en 17 estados de la Republica existen las Alertas de Violencia de G\u00e9nero, pero no ha habido mejor\u00eda.&nbsp;<\/p>\n\n\n\n<p class=\"wp-block-paragraph\">Reiter\u00f3 que en su administraci\u00f3n no hay simulaci\u00f3n ni hipocres\u00eda, por lo que cuestion\u00f3 que muchos se quedar\u00e1n callados cuando el feminicidio se catalogaba como suicidio, cuando en su momento se hablaba del viejer\u00edo, en clara alusi\u00f3n a los cuestionamientos a su administraci\u00f3n por parte de las y los legisladores.<\/p>\n\n\n\n<p class=\"wp-block-paragraph\">Tambi\u00e9n se refiri\u00f3 a las protestas feministas en la Ciudad de M\u00e9xico que demandan acciones contra la violencia, a las que respondi\u00f3 que se tomaron medidas emergentes que ser\u00e1n un hecho entre septiembre y diciembre, y que consisten en seguridad para las ni\u00f1as y mujeres en los transportes p\u00fablicos, en los caminos, en los centros de atenci\u00f3n&nbsp;&nbsp;&nbsp;a v\u00edctimas, as\u00ed como campa\u00f1as que visibilicen y cambien conductas.<\/p>\n\n\n\n<p class=\"wp-block-paragraph\">Nuestro objetivo es avanzar sustancialmente en la erradicaci\u00f3n de la violencia contra las mujeres, dijo, e inform\u00f3 de la creaci\u00f3n de la red de abogadas que operan 24 horas y que con su asesor\u00eda a las mujeres v\u00edctimas de violencia sexual y familiar, atendieron a 28 mil 135 mujeres y se iniciaron 5 mil 670 carpetas de investigaci\u00f3n, en casos que probablemente nunca se hubieran presentado.<\/p>\n\n\n\n<p class=\"wp-block-paragraph\">Se fortalecieron los Centros de Justicia para las Mujeres, se cre\u00f3 la Fiscal\u00eda Especializada en Feminicidios y se cuenta con el apoyo de organizaciones civiles para casas de emergencia. Los centros de atenci\u00f3n a las mujeres y a la violencia familiar ubicados en las alcald\u00edas se fusionaron para convertirse en las unidades para la atenci\u00f3n de las mujeres.<\/p>\n\n\n\n<p class=\"wp-block-paragraph\">Anteriormente, la jefa de Gobierno de la Ciudad de M\u00e9xico, Claudia Sheinbaum, se\u00f1al\u00f3 que su gobierno decidi\u00f3 elevar a nivel de Secretar\u00eda lo que era el Instituto de las Mujeres al mismo nivel de importancia que las dem\u00e1s secretarias para que trabajen en forma horizontal, intersectorial con las alcald\u00edas y la sociedad para hacer efectivo los derechos de las mujeres.<\/p>\n\n\n\n<p class=\"wp-block-paragraph\">Al finalizar, Sheinbaum asegur\u00f3 que la ciudad recupera su camino, que qued\u00f3 atr\u00e1s la corrupci\u00f3n, la simulaci\u00f3n, la frivolidad. Que no hay tiempo que perder, y que ella empe\u00f1\u00f3 su palabra, que ahora es cambio de construir una sociedad m\u00e1s justa, m\u00e1s fraterna y m\u00e1s igualitaria.&nbsp;<\/p>\n\n\n\n<p class=\"wp-block-paragraph\">Tambi\u00e9n mencion\u00f3 que se estableci\u00f3 la red de mujeres por la igualdad y no violencia que tiene como objetivo promover procesos organizativos para ejercer sus derechos, en barrios, colonias y pueblos de mayor vulnerabilidad.<\/p>\n\n\n\n<p class=\"wp-block-paragraph\">En el informe de los derechos de las mujeres se cuenta con un apoyo econ\u00f3mico de 1,500 pesos y una prima de seguro de vida mensual por seis meses, para apoyar a las mujeres v\u00edctimas de violencia de genero con el fin de solventar algunos de los gastos que conlleva los procesos jur\u00eddicos.<\/p>\n\n\n\n<p class=\"wp-block-paragraph\">Respecto a la atenci\u00f3n a la prevenci\u00f3n de adolescentes embarazadas se ha implementado un grupo estatal para promover los derechos sexuales y reproductivos e impulsar el uso de protecci\u00f3n como p\u00edldora y cond\u00f3n, aunado a trabajos de informaci\u00f3n, orientaci\u00f3n y sensibilizaci\u00f3n, y fortalecidos con jornadas de prevenci\u00f3n.<\/p>\n\n\n\n<p class=\"wp-block-paragraph\">Tambi\u00e9n se da a conocer un Plan de Atenci\u00f3n a Mujeres Privadas de la Libertad que convoca a la participaci\u00f3n y coordinaci\u00f3n de distintas instancias de gobierno para apoyar a mujeres que, por su condici\u00f3n de vulnerabilidad, tienen la posibilidad de cumplir su sanci\u00f3n penal en libertad mediante la aplicaci\u00f3n del art\u00edculo 146 de la Ley Nacional de Ejecuci\u00f3n Penal.<\/p>\n\n\n\n<p class=\"wp-block-paragraph\">Por otra parte, en el documento del informe se se\u00f1ala la intenci\u00f3n de realizar una consulta p\u00fablica para someter la revocaci\u00f3n de mandato de la Jefa de Gobierno en las elecciones intermedias.<br><\/p>\n","protected":false},"excerpt":{"rendered":"<p>Al rendir su primer informe constitucional en el Congreso de la Ciudad de M\u00e9xico, aclar\u00f3 que no se opone a la declaraci\u00f3n de Alerta de Violencia de G\u00e9nero<\/p>\n","protected":false},"author":3,"featured_media":11909,"comment_status":"open","ping_status":"open","sticky":false,"template":"","format":"standard","meta":{"_monsterinsights_skip_tracking":false,"footnotes":""},"categories":[690,51],"tags":[],"class_list":["post-11908","post","type-post","status-publish","format-standard","has-post-thumbnail","category-690","category-ejecutivo"],"_links":{"self":[{"href":"https:\/\/redsemlac.com\/semmexico\/wp-json\/wp\/v2\/posts\/11908","targetHints":{"allow":["GET"]}}],"collection":[{"href":"https:\/\/redsemlac.com\/semmexico\/wp-json\/wp\/v2\/posts"}],"about":[{"href":"https:\/\/redsemlac.com\/semmexico\/wp-json\/wp\/v2\/types\/post"}],"author":[{"embeddable":true,"href":"https:\/\/redsemlac.com\/semmexico\/wp-json\/wp\/v2\/users\/3"}],"replies":[{"embeddable":true,"href":"https:\/\/redsemlac.com\/semmexico\/wp-json\/wp\/v2\/comments?post=11908"}],"version-history":[{"count":0,"href":"https:\/\/redsemlac.com\/semmexico\/wp-json\/wp\/v2\/posts\/11908\/revisions"}],"wp:featuredmedia":[{"embeddable":true,"href":"https:\/\/redsemlac.com\/semmexico\/wp-json\/wp\/v2\/media\/11909"}],"wp:attachment":[{"href":"https:\/\/redsemlac.com\/semmexico\/wp-json\/wp\/v2\/media?parent=11908"}],"wp:term":[{"taxonomy":"category","embeddable":true,"href":"https:\/\/redsemlac.com\/semmexico\/wp-json\/wp\/v2\/categories?post=11908"},{"taxonomy":"post_tag","embeddable":true,"href":"https:\/\/redsemlac.com\/semmexico\/wp-json\/wp\/v2\/tags?post=11908"}],"curies":[{"name":"wp","href":"https:\/\/api.w.org\/{rel}","templated":true}]}}