{"id":11900,"date":"2019-09-17T17:08:59","date_gmt":"2019-09-17T17:08:59","guid":{"rendered":"https:\/\/redsemlac.com\/semmexico\/?p=11900"},"modified":"2023-07-21T15:10:01","modified_gmt":"2023-07-21T20:10:01","slug":"opinion-113","status":"publish","type":"post","link":"https:\/\/redsemlac.com\/semmexico\/opinion-113\/","title":{"rendered":"Feminismos"},"content":{"rendered":"\n<h2 class=\"wp-block-heading\">LAS FEMINISTAS Y \u201cEL PR\u00cdNCIPE\u201d<\/h2>\n\n\n\n<p class=\"wp-block-paragraph\"><strong><em>Segunda Parte<\/em><\/strong><\/p>\n\n\n\n<p class=\"wp-block-paragraph\"><strong>In\u00e9s Castro Apreza<\/strong><\/p>\n\n\n\n<p class=\"wp-block-paragraph\">SemM\u00e9xico. Chiapas. 17de septiembre de 2019.- Es septiembre.\nEstamos solas.<\/p>\n\n\n\n<p class=\"wp-block-paragraph\">Una joven de 25 a\u00f1os es v\u00edctima de abuso sexual por un\npolic\u00eda preventivo en la colonia Morelos de la Ciudad de M\u00e9xico. En Santiago\nTlacotepec una mujer fue encontrada muerta con las manos atadas en un lote\nbald\u00edo. Los cuerpos de una mujer en Almoloya de Ju\u00e1rez y los de otras dos\nadultas en un fraccionamiento privado en Ciudad Ju\u00e1rez, se sumaron a los\nfeminicidios \u00faltimos.<\/p>\n\n\n\n<p class=\"wp-block-paragraph\">En un mismo d\u00eda, en Chiapas, dos ni\u00f1as fueron asesinadas con\nherbicidas por sus propios familiares; una ni\u00f1a de seis a\u00f1os es raptada y\nasesinada y una mujer adulta, quemada en su domicilio presuntamente por su\nesposo.<\/p>\n\n\n\n<p class=\"wp-block-paragraph\">Son algunas de las estampas de septiembre. Justo el mes del\ninforme presidencial y&nbsp; de las llamadas\nfiestas patrias.<\/p>\n\n\n\n<p class=\"wp-block-paragraph\">Seg\u00fan un recuento difundido, el presidente Andr\u00e9s Manuel\nL\u00f3pez Obrador mencion\u00f3 en su tercer informe presidencial la palabra \u201cmujeres\u201d\nuna sola vez. Una sola vez. Un informe del m\u00e1s alto nivel, por lo dem\u00e1s,\nescrito en clave masculina, en un contexto donde el feminismo y las feministas\nhan alzado sus voces en los espacios p\u00fablicos. No s\u00f3lo en M\u00e9xico, sino en toda\nAm\u00e9rica Latina.<\/p>\n\n\n\n<p class=\"wp-block-paragraph\">Un contexto donde los mismos funcionarios p\u00fablicos, una y\notra vez, dibujan de lenguaje machista sus acciones como tal, esto es, aquellas\nque derivan de su investidura en la administraci\u00f3n p\u00fablica.<\/p>\n\n\n\n<p class=\"wp-block-paragraph\">El \u00faltimo caso, tambi\u00e9n en este septiembre, fue el de Jos\u00e9\nManuel Mireles, subdelegado m\u00e9dico del Instituto de Seguridad y Servicios\nSociales para los Trabajadores del Estado, quien habl\u00f3 con desd\u00e9n y lenguaje\ninjurioso contra las mujeres. El presidente en su ma\u00f1anera s\u00f3lo coment\u00f3 al\nrespecto, a pregunta expresa, que hab\u00eda que \u201cperdonarlo\u201d. \u00c9l, Mireles,\nsol\u00edcito, prometi\u00f3 tomar talleres de g\u00e9nero y presumi\u00f3 de haberlo hecho d\u00edas\ndespu\u00e9s de los dos incidentes p\u00fablicos en los que se vio envuelto. \u201cPirujas\u201d y\n\u201cnalguita\u201d fueron las palabras que dirigi\u00f3 a las mujeres.<\/p>\n\n\n\n<p class=\"wp-block-paragraph\">Perd\u00f3n por aqu\u00ed, perd\u00f3n por all\u00e1, amnist\u00eda acull\u00e1: eso nos\npide el presidente de la rep\u00fablica.<\/p>\n\n\n\n<p class=\"wp-block-paragraph\">Las mujeres no merecemos justicia ni menci\u00f3n siquiera en un\ninforme del m\u00e1s alto nivel: el presidencial. \u00bfC\u00f3mo interpretarlo?<\/p>\n\n\n\n<p class=\"wp-block-paragraph\">Estamos solas.<\/p>\n\n\n\n<p class=\"wp-block-paragraph\">Porque no basta ya con hacer aparecer como un triunfo del\nprincipio de paridad de g\u00e9nero (me refiero a la C\u00e1mara de Senadores y la C\u00e1mara\nde Diputados) lo que, en realidad, hay a su lado o detr\u00e1s de s\u00ed: una pugna\nentre hombres de partido o facciones partidarias.<\/p>\n\n\n\n<p class=\"wp-block-paragraph\">Porque no basta ya con simular la paridad, cuando detr\u00e1s de\nella siguen siendo hombres quienes llevan la conducci\u00f3n de gobierno. Tal como\nocurre en Chiapas en varias de las presidencias municipales de los Altos y de\notras regiones.<\/p>\n\n\n\n<p class=\"wp-block-paragraph\">Si la representaci\u00f3n descriptiva, num\u00e9rica, es importante\nper se, ahora urge la representaci\u00f3n sustantiva. \u00bfQui\u00e9nes representan a las mujeres?<\/p>\n\n\n\n<p class=\"wp-block-paragraph\">La representaci\u00f3n pol\u00edtica seguir\u00e1 en debate interminable\nporque nada garantiza que mujeres por el hecho de ser mujeres representen a\notras. En medio del pluralismo pol\u00edtico, adem\u00e1s, una mujer (de \u201ccentro\u201d o de\n\u201cderecha\u201d) puede oponerse a los objetivos y las luchas que las feministas hemos\nllevado a cabo en M\u00e9xico por lo menos desde los a\u00f1os setenta del siglo XX.<\/p>\n\n\n\n<p class=\"wp-block-paragraph\">Tanto frente a las violencias contra las mujeres y los\nfeminicidios no basta, pues, tener mujeres en cargos de elecci\u00f3n popular y toma\nde decisiones. Han de ser mujeres con trayectorias sociopol\u00edticas probadas; han\nde ser mujeres feministas si queremos soluciones reales&nbsp; a las problem\u00e1ticas que vivimos hoy por hoy.<\/p>\n\n\n\n<p class=\"wp-block-paragraph\">No basta incluso la llamada \u201cagenda de g\u00e9nero\u201d, no s\u00f3lo\nporque los hombres pueden enarbolarla y por tal v\u00eda correr el riesgo de echar\nreversa a la paridad de g\u00e9nero porque lo importante es eso, la agenda de g\u00e9nero\ny no el sexo de quien la impulse. No basta porque la pol\u00edtica institucional\ntiene que abrirse a mujeres con experiencia y trayectoria probadas. Tiene que\nabrirse a las feministas.<\/p>\n\n\n\n<p class=\"wp-block-paragraph\">Y adem\u00e1s, las feministas en cargos de elecci\u00f3n popular y\ntoma de decisiones han de contar con presupuestos. Porque sin recursos no es\nposible impulsar pol\u00edticas ni programas de fondo orientados a mujeres.<\/p>\n\n\n\n<p class=\"wp-block-paragraph\">La pol\u00edtica ya no puede ser solamente virtud y fortuna,\ncitando a El Pr\u00edncipe de Maquiavelo. Ning\u00fan discurso oficial serio puede\npronunciarse en clave masculina, sin un lenguaje incluyente. Ning\u00fan gobierno\nserio puede simplemente sugerir \u201cel perd\u00f3n\u201d frente a las violencias masculinas.<\/p>\n\n\n\n<p class=\"wp-block-paragraph\">La \u201cpol\u00edtica de la presencia\u201d \u2013como la llama la te\u00f3rica\nfeminista Anne Phillips- obliga a la representaci\u00f3n descriptiva: g\u00e9nero y\netnia, g\u00e9nero y raza, los ejes centrales (no \u00fanicos). El otro gran ausente,\nprecisamente, en el tercer informe de gobierno de Andr\u00e9s Manuel L\u00f3pez Obrador:\nlos pueblos originarios.<\/p>\n\n\n\n<p class=\"wp-block-paragraph\">La pol\u00edtica de la presencia, sin embargo, tambi\u00e9n ha de\nderivar, ya mismo, en la representaci\u00f3n sustantiva. Y m\u00e1s all\u00e1.<\/p>\n\n\n\n<p class=\"wp-block-paragraph\">M\u00e1s mujeres con trayectorias sociales y pol\u00edticas probadas\nen cargos de elecci\u00f3n popular y toma de decisiones.<\/p>\n\n\n\n<p class=\"wp-block-paragraph\">M\u00e1s mujeres feministas.<\/p>\n\n\n\n<p class=\"wp-block-paragraph\">M\u00e1s presupuestos.<\/p>\n\n\n\n<p class=\"wp-block-paragraph\">\u00bfEstamos solas?<\/p>\n","protected":false},"excerpt":{"rendered":"<p>LAS FEMINISTAS Y \u201cEL PR\u00cdNCIPE\u201d<\/p>\n","protected":false},"author":3,"featured_media":11901,"comment_status":"open","ping_status":"open","sticky":false,"template":"","format":"standard","meta":{"_monsterinsights_skip_tracking":false,"footnotes":""},"categories":[690,82,110],"tags":[],"class_list":["post-11900","post","type-post","status-publish","format-standard","has-post-thumbnail","category-690","category-la-opinion","category-la-opinion-columnas"],"_links":{"self":[{"href":"https:\/\/redsemlac.com\/semmexico\/wp-json\/wp\/v2\/posts\/11900","targetHints":{"allow":["GET"]}}],"collection":[{"href":"https:\/\/redsemlac.com\/semmexico\/wp-json\/wp\/v2\/posts"}],"about":[{"href":"https:\/\/redsemlac.com\/semmexico\/wp-json\/wp\/v2\/types\/post"}],"author":[{"embeddable":true,"href":"https:\/\/redsemlac.com\/semmexico\/wp-json\/wp\/v2\/users\/3"}],"replies":[{"embeddable":true,"href":"https:\/\/redsemlac.com\/semmexico\/wp-json\/wp\/v2\/comments?post=11900"}],"version-history":[{"count":0,"href":"https:\/\/redsemlac.com\/semmexico\/wp-json\/wp\/v2\/posts\/11900\/revisions"}],"wp:featuredmedia":[{"embeddable":true,"href":"https:\/\/redsemlac.com\/semmexico\/wp-json\/wp\/v2\/media\/11901"}],"wp:attachment":[{"href":"https:\/\/redsemlac.com\/semmexico\/wp-json\/wp\/v2\/media?parent=11900"}],"wp:term":[{"taxonomy":"category","embeddable":true,"href":"https:\/\/redsemlac.com\/semmexico\/wp-json\/wp\/v2\/categories?post=11900"},{"taxonomy":"post_tag","embeddable":true,"href":"https:\/\/redsemlac.com\/semmexico\/wp-json\/wp\/v2\/tags?post=11900"}],"curies":[{"name":"wp","href":"https:\/\/api.w.org\/{rel}","templated":true}]}}