{"id":11894,"date":"2019-09-17T16:09:05","date_gmt":"2019-09-17T16:09:05","guid":{"rendered":"https:\/\/redsemlac.com\/semmexico\/?p=11894"},"modified":"2023-07-21T15:10:01","modified_gmt":"2023-07-21T20:10:01","slug":"asesinada-una-activista-guatemalteca-por-su-lucha-en-la-proteccion-del-medioambiente","status":"publish","type":"post","link":"https:\/\/redsemlac.com\/semmexico\/asesinada-una-activista-guatemalteca-por-su-lucha-en-la-proteccion-del-medioambiente\/","title":{"rendered":"Asesinada una activista guatemalteca por su lucha en la protecci\u00f3n del medioambiente"},"content":{"rendered":"\n<p class=\"wp-block-paragraph\"><strong>Por Redacci\u00f3n<\/strong><\/p>\n\n\n\n<p class=\"wp-block-paragraph\">SemM\u00e9xico\/ AmecoPress . Madrid, 17 septiembre. 19.- Organizaciones sociales y comunitarias de Guatemala denuncian el estado de sitio, decretado hace una semana, en seis de los 22 departamentos del pa\u00eds por el presidente del pa\u00eds, Jimmy Morales, y ratificado por el Congreso. Con esta medida aumenta el riesgo de acoso y de violencia contra personas que lideran las zonas comunitarias y ambientales, utilizando para ello la justificaci\u00f3n de perseguir a los narcotraficantes asentados en dicha zona.<\/p>\n\n\n\n<p class=\"wp-block-paragraph\">La \u00faltima v\u00edctima de esta escalada de violencia ha sido la maestra Diana Isabel Hern\u00e1ndez Ju\u00e1rez, de 35 a\u00f1os, coordinadora de Medio Ambiente de la Parroquia Nuestra Se\u00f1ora de Guadalupe, en el departamento de Suchitep\u00e9quez. Diana Isabel fue asesinada el s\u00e1bado 14 de septiembre con arma de fuego cuando participaba en una procesi\u00f3n de Monte Gloria, por unos desconocidos que huyeron del lugar. La profesora lideraba varias iniciativas que promov\u00edan la protecci\u00f3n del medio ambiente. Hab\u00eda dedicado gran parte de su vida a la sensibilizaci\u00f3n y recuperaci\u00f3n de las especies nativas que permitieran la reforestaci\u00f3n comunitaria y, con ello, paliar los diferentes problemas ambientales que se enfrentan en la regi\u00f3n, sobre todo el de la falta de agua.<\/p>\n\n\n\n<p class=\"wp-block-paragraph\">Alianza por la Solidaridad se solidariza, y se suma a la Asociaci\u00f3n de Mujeres Madre Tierra de Suchitep\u00e9quez para expresar su repulsa ante el \u00abcobarde asesinato\u00bb. Este nuevo crimen se a\u00f1ade a los muchos casos de ataques a los encargados de liderar el trabajo por el bien com\u00fan y qu\u00e9, hasta el momento, son cr\u00edmenes que no han sido esclarecidos.<\/p>\n\n\n\n<h5 class=\"wp-block-heading\">39 personas asesinadas por el activismo ambiental<\/h5>\n\n\n\n<p class=\"wp-block-paragraph\">S\u00f3lo entre 2017 y 2018 fueron asesinadas 39 personas relacionadas con el activismo ambiental en el pa\u00eds centroamericano. Desde la Asociaci\u00f3n, han exigido a las autoridades que investiguen a fondo para encontrar a los responsables y que la muerte de esta joven no quede, como tantas, impune. Petici\u00f3n a la que se suma Alianza. La situaci\u00f3n en gran parte de Guatemala es ca\u00f3tica, sobre todo despu\u00e9s de que el pasado 5 de septiembre se decretara el estado de excepci\u00f3n y, con \u00e9l, la presencia del Ej\u00e9rcito en muchos departamentos del pa\u00eds.<\/p>\n\n\n\n<p class=\"wp-block-paragraph\">Alianza por la Solidaridad, as\u00ed como numerosas organizaciones sociales guatemaltecas, temen que se produzcan abusos en unas zonas que se caracterizan por una alta conflictividad social generada por grandes mega proyectos empresariales, como grandes hidroel\u00e9ctricas, miner\u00eda o agronegocios.<\/p>\n\n\n\n<p class=\"wp-block-paragraph\">Si bien debe investigarse el asesinato de los militares, por el que se declar\u00f3 este Estado de Excepci\u00f3n, desde las organizaciones defienden que el combate contra el narcotr\u00e1fico en Guatemala requiere investigaciones coordinadas de forma integral en las instituciones del Estado, incluyendo tambi\u00e9n el lavado de dinero y la corrupci\u00f3n que impera en el pa\u00eds centroamericano.<\/p>\n\n\n\n<p class=\"wp-block-paragraph\">Alianza por la Solidaridad exige a las autoridades espa\u00f1olas y europeas que presionen al Gobierno de Guatemala para que cumpla escrupulosamente la normativa internacional y resuelva el grave problema del tr\u00e1fico de drogas sin vulnerar los Derechos Humanos.<\/p>\n","protected":false},"excerpt":{"rendered":"<p>39 personas asesinadas por el activismo ambiental<\/p>\n","protected":false},"author":3,"featured_media":11895,"comment_status":"open","ping_status":"open","sticky":false,"template":"","format":"standard","meta":{"_monsterinsights_skip_tracking":false,"footnotes":""},"categories":[690,53],"tags":[],"class_list":["post-11894","post","type-post","status-publish","format-standard","has-post-thumbnail","category-690","category-internacional"],"_links":{"self":[{"href":"https:\/\/redsemlac.com\/semmexico\/wp-json\/wp\/v2\/posts\/11894","targetHints":{"allow":["GET"]}}],"collection":[{"href":"https:\/\/redsemlac.com\/semmexico\/wp-json\/wp\/v2\/posts"}],"about":[{"href":"https:\/\/redsemlac.com\/semmexico\/wp-json\/wp\/v2\/types\/post"}],"author":[{"embeddable":true,"href":"https:\/\/redsemlac.com\/semmexico\/wp-json\/wp\/v2\/users\/3"}],"replies":[{"embeddable":true,"href":"https:\/\/redsemlac.com\/semmexico\/wp-json\/wp\/v2\/comments?post=11894"}],"version-history":[{"count":0,"href":"https:\/\/redsemlac.com\/semmexico\/wp-json\/wp\/v2\/posts\/11894\/revisions"}],"wp:featuredmedia":[{"embeddable":true,"href":"https:\/\/redsemlac.com\/semmexico\/wp-json\/wp\/v2\/media\/11895"}],"wp:attachment":[{"href":"https:\/\/redsemlac.com\/semmexico\/wp-json\/wp\/v2\/media?parent=11894"}],"wp:term":[{"taxonomy":"category","embeddable":true,"href":"https:\/\/redsemlac.com\/semmexico\/wp-json\/wp\/v2\/categories?post=11894"},{"taxonomy":"post_tag","embeddable":true,"href":"https:\/\/redsemlac.com\/semmexico\/wp-json\/wp\/v2\/tags?post=11894"}],"curies":[{"name":"wp","href":"https:\/\/api.w.org\/{rel}","templated":true}]}}