{"id":11882,"date":"2019-09-17T15:32:52","date_gmt":"2019-09-17T15:32:52","guid":{"rendered":"https:\/\/redsemlac.com\/semmexico\/?p=11882"},"modified":"2023-07-21T15:10:02","modified_gmt":"2023-07-21T20:10:02","slug":"opinion-112","status":"publish","type":"post","link":"https:\/\/redsemlac.com\/semmexico\/opinion-112\/","title":{"rendered":"Miradas de reportero"},"content":{"rendered":"\n<h2 class=\"wp-block-heading\"><strong>Se buscan entre s\u00ed los comunistas mexicanos<\/strong><\/h2>\n\n\n\n<p class=\"wp-block-paragraph\"><strong>Rogelio Hern\u00e1ndez L\u00f3pez<\/strong><\/p>\n\n\n\n<p class=\"wp-block-paragraph\">SemM\u00e9xico. Cd. de M\u00e9xico. 17 de septiembre de 2019.- Desde hace 38 a\u00f1os no se registraba tal agitaci\u00f3n de tantos mexicanos de pensamiento comunista con el prop\u00f3sito de que hacer sentir a esta corriente pol\u00edtica como factor del desarrollo de la democracia mexicana.<\/p>\n\n\n\n<p class=\"wp-block-paragraph\">En estos d\u00edas cientos de mujeres y hombres han intensificado actividades desde tres polos y su causa visible es conmemorar los 100 a\u00f1os de la fundaci\u00f3n del Partido Comunista Mexicano (PCM), su instrumento pol\u00edtico electoral m\u00e1s desarrollado que, en aras de la unidad de la izquierda, fue disuelto en 1981.<\/p>\n\n\n\n<figure class=\"wp-block-image\"><img loading=\"lazy\" decoding=\"async\" width=\"960\" height=\"571\" src=\"https:\/\/redsemlac.com\/semmexico\/wp-content\/uploads\/2019\/09\/rogelio-5.jpg\" alt=\"\" class=\"wp-image-11883\"\/><\/figure>\n\n\n\n<p class=\"wp-block-paragraph\"><strong>MCM<\/strong><\/p>\n\n\n\n<p class=\"wp-block-paragraph\">Por un lado, el Movimiento Comunista Mexicano (MCM) &#8211;que ha logrado estructurar a decenas de exmilitantes del desaparecido PCM&#8211;, prepara una reuni\u00f3n de su Direcci\u00f3n Nacional para el 21 de septiembre. Apenas el 30 de agosto festej\u00f3, con un acto p\u00fablico, el s\u00e9ptimo aniversario de su revista-libro- digital-semanal,&nbsp;<em>Tribuna Comunista,&nbsp;<\/em>encabezado por Marcos Leonel Posadas, Gerardo de la Fuente, Benito Collantes y Juan Pablo Jard\u00f3n.<\/p>\n\n\n\n<p class=\"wp-block-paragraph\">En su revista-libro 351, el MCM comenz\u00f3 otra b\u00fasqueda de sus iguales. Convoca a sus lectores y otros a que relaten \u201cC\u00f3mo ingres\u00e9 al Partido Comunista\u201d para difundirlo en su siguiente edici\u00f3n, que seguramente contendr\u00e1 m\u00e1s de 100 p\u00e1ginas.<\/p>\n\n\n\n<p class=\"wp-block-paragraph\">Respecto de la fuerza que alcanz\u00f3 el PCM, el historiador Barry Carr, hizo una cr\u00f3nica detallada de su XIX Congreso. En ella refiere que en su \u00faltima etapa hab\u00eda tenido una incorporaci\u00f3n acelerada de \u201ccuadros\u201d (personas con formaci\u00f3n ideol\u00f3gica s\u00f3lida, capacitadas para organizar y dirigir).<\/p>\n\n\n\n<p class=\"wp-block-paragraph\">En 1974 &#8211;seg\u00fan los datos&#8211;, contaba con unos 1,400 afiliados, incluyendo un n\u00facleo de s\u00f3lo 800 militantes activos. Y siete a\u00f1os despu\u00e9s, para 1981 cuando t\u00e9cnicamente se decidi\u00f3 su disoluci\u00f3n, los delegados al congreso representaban a m\u00e1s de 4 mil \u201ccuadros\u201d (militantes activos sin salarios profesionales) y varias decenas de miles de afiliados en casi todos los estados del pa\u00eds.<\/p>\n\n\n\n<p class=\"wp-block-paragraph\"><strong>Comisi\u00f3n organizadora<\/strong><\/p>\n\n\n\n<p class=\"wp-block-paragraph\">Otro segmento de ex miembros del PCM en agitaci\u00f3n es el organizado por Hiqu\u00edngari Carranza, Francisco Rosas, Gabino Palomares, Elvira Concheiro, Antonia Candela, Samuel paz, Alberto Betancourt, Salom\u00e9 Mendoza y otros. Iniciaron un chat de WhatsApp \u201cpara juntar a m\u00e1s camaradas\u201d en torno a la \u201creivindicaci\u00f3n de los aportes de los comunistas en el desarrollo de la democracia, las instituciones de la justicia social y de los movimientos de la izquierda\u201d.<\/p>\n\n\n\n<p class=\"wp-block-paragraph\">Ese Muro se llama \u201cComisi\u00f3n Organizadora CENT\u201d y lo integran 126 mujeres y hombres, en su mayor\u00eda \u201ccuadros\u201d del ex PCM de la capital del pa\u00eds, del Estado de M\u00e9xico, Guerrero, Puebla, Chihuahua y Guanajuato. La mayor\u00eda son firmantes de un llamamiento &#8211;que ser\u00e1 difundido esta semana&#8211; a todas las izquierdas (pol\u00edticas, sociales, sindicales, rurales) para iniciar el ciclo de actividades que culminar\u00e1 el 24 de noviembre y lograr nuevamente \u201cQue se vean los comunistas\u201d.<\/p>\n\n\n\n<p class=\"wp-block-paragraph\">Buena parte de quienes participan en el MCM y en la Comisi\u00f3n Organizadora tambi\u00e9n confluyen en una cuenta especial de Facebook con el nombre de&nbsp;<em>Haciendo Memoria<\/em>. All\u00ed, el exdirigente y formador de c\u00e9lulas de artistas y escritores David Flores Guerrero comenz\u00f3 a incorporar breves fichas biogr\u00e1ficas de decenas de mujeres y hombres \u201ccomunistas que hicieron historia\u201d.<\/p>\n\n\n\n<p class=\"wp-block-paragraph\"><strong>El otro partido<\/strong><\/p>\n\n\n\n<p class=\"wp-block-paragraph\">El tercer foco de actividad se comenz\u00f3 a notar m\u00e1s desde enero de 2019 cuando algunas decenas de mujeres y hombres, relativamente j\u00f3venes, se presentaron ante el Instituto Nacional Electoral (INE) a solicitar registro con el nombre de Partido Comunista de M\u00e9xico (PCdM, fundado en 1994). Observadores aseguran que entre sus representantes no se encuentran exdirigentes ni notables del PCM.<\/p>\n\n\n\n<p class=\"wp-block-paragraph\">Este agrupamiento tambi\u00e9n se incorpor\u00f3, a su manera, a las conmemoraciones del centenario de la fundaci\u00f3n del PCM. Realiz\u00f3 un foro especial el s\u00e1bado 14 de septiembre en las instalaciones del sindicato de telefonistas dentro del \u201ccentenario del congreso socialista de agosto-septiembre de 1919\u201d.<\/p>\n\n\n\n<p class=\"wp-block-paragraph\">Para ese foro programaron a Elizabeth M\u00fajica de la&nbsp;<em>Uni\u00f3n de La Juventud Revolucionaria de M\u00e9xico,&nbsp;<\/em>Omar Cota de la<em>&nbsp;Federaci\u00f3n de J\u00f3venes Comunistas,&nbsp;<\/em>Luciano L\u00f3pez Zamudio (ex de la JC y asistente de Arnoldo Mart\u00ednez Verdugo) y Arturo Mart\u00ednez Nateras, \u00faltimo secretario de organizaci\u00f3n del desaparecido PCM.<\/p>\n\n\n\n<p class=\"wp-block-paragraph\">Para reflejar una presencia m\u00e1s permanente es probable que estos d\u00edas se hagan p\u00fablicos los resultados de las cinco reuniones que discretamente han realizado representantes del MCM, del Partido Comunista de M\u00e9xico, del Partido Popular Socialista de M\u00e9xico y de un agrupamiento estudiantil llamado MONAE-M-18. Buscan unidad.<\/p>\n\n\n\n<p class=\"wp-block-paragraph\">La agitaci\u00f3n de estos d\u00edas entre los comunistas formados ideol\u00f3gica y \u00e9ticamente se reflejar\u00e1 tambi\u00e9n en la aparici\u00f3n de los libros&nbsp;<em>El 68 en rojo<\/em>&nbsp;y el tercer tomo de la Enciclopedia de la Izquierda Mexicana &#8211;de cinco tomos&#8211; que han generado Mart\u00ednez Nateras, Marcos Leonel Posadas y otros.<\/p>\n\n\n\n<p class=\"wp-block-paragraph\"><strong>Vac\u00edo devastador: AMN<\/strong><\/p>\n\n\n\n<p class=\"wp-block-paragraph\">Barry Carr el historiador ubic\u00f3 que en \u201clas cercan\u00edas del congreso de 1981, el PCM se hab\u00eda convertido ya en una parte \u00b4normal\u00b4 de la vida pol\u00edtica para un segmento sustancial de la poblaci\u00f3n mexicana.<\/p>\n\n\n\n<p class=\"wp-block-paragraph\">\u201ceste se reflejaba en los cerca de tres cuartos de mill\u00f3n de votos y en las dieciocho curules ganadas en la C\u00e1mara de Diputados por la Coalici\u00f3n de Izquierda en las elecciones de 1979, as\u00ed como en la presencia de columnistas del PCM en la prensa diaria de la ciudad de M\u00e9xico: Valent\u00edn Campa, Arturo Mart\u00ednez Nateras, Roger Bartra, Eduardo Montes, para nombrar unos pocos) y en el siempre creciente n\u00famero de revistas tales como D\u00ed, Machete y Cr\u00edtica Pol\u00edtica.<\/p>\n\n\n\n<p class=\"wp-block-paragraph\">\u201cFuera de la ciudad de M\u00e9xico, el PCM fue capaz de construir una presencia modesta en ciertas legislaturas estatales, y ganar algunos municipios (en alianza con la COCEI, en Juchit\u00e1n y Alcozauca en la monta\u00f1a de Guerrero)\u201d, recapitul\u00f3 el historiador en la cr\u00f3nica referida.}<\/p>\n\n\n\n<p class=\"wp-block-paragraph\">La liquidaci\u00f3n del PCM, en aras de la unidad electoral de las izquierdas pol\u00edticas, cumpli\u00f3 ya 38 a\u00f1os. Durante ese tiempo &#8211;escribi\u00f3 Mart\u00ednez Nateras en Tribuna Comunista de septiembre\u2014 \u201cse ha resentido un vac\u00edo devastador, por la falta de un partido marxista, socialista de izquierda democr\u00e1tica\u201d.<\/p>\n\n\n\n<p class=\"wp-block-paragraph\">As\u00ed, en este 2019 los comunistas andan agitados y se buscan m\u00e1s entre s\u00ed. \u00bfQu\u00e9 sigue?<\/p>\n","protected":false},"excerpt":{"rendered":"<p>Se buscan entre s\u00ed los comunistas mexicanos<\/p>\n","protected":false},"author":3,"featured_media":8473,"comment_status":"open","ping_status":"open","sticky":false,"template":"","format":"standard","meta":{"_monsterinsights_skip_tracking":false,"footnotes":""},"categories":[690,106,85],"tags":[],"class_list":["post-11882","post","type-post","status-publish","format-standard","has-post-thumbnail","category-690","category-mirada-de-reportero","category-rogelio-hernandez-lopez"],"_links":{"self":[{"href":"https:\/\/redsemlac.com\/semmexico\/wp-json\/wp\/v2\/posts\/11882","targetHints":{"allow":["GET"]}}],"collection":[{"href":"https:\/\/redsemlac.com\/semmexico\/wp-json\/wp\/v2\/posts"}],"about":[{"href":"https:\/\/redsemlac.com\/semmexico\/wp-json\/wp\/v2\/types\/post"}],"author":[{"embeddable":true,"href":"https:\/\/redsemlac.com\/semmexico\/wp-json\/wp\/v2\/users\/3"}],"replies":[{"embeddable":true,"href":"https:\/\/redsemlac.com\/semmexico\/wp-json\/wp\/v2\/comments?post=11882"}],"version-history":[{"count":0,"href":"https:\/\/redsemlac.com\/semmexico\/wp-json\/wp\/v2\/posts\/11882\/revisions"}],"wp:featuredmedia":[{"embeddable":true,"href":"https:\/\/redsemlac.com\/semmexico\/wp-json\/wp\/v2\/media\/8473"}],"wp:attachment":[{"href":"https:\/\/redsemlac.com\/semmexico\/wp-json\/wp\/v2\/media?parent=11882"}],"wp:term":[{"taxonomy":"category","embeddable":true,"href":"https:\/\/redsemlac.com\/semmexico\/wp-json\/wp\/v2\/categories?post=11882"},{"taxonomy":"post_tag","embeddable":true,"href":"https:\/\/redsemlac.com\/semmexico\/wp-json\/wp\/v2\/tags?post=11882"}],"curies":[{"name":"wp","href":"https:\/\/api.w.org\/{rel}","templated":true}]}}