{"id":11880,"date":"2019-09-17T15:28:33","date_gmt":"2019-09-17T15:28:33","guid":{"rendered":"https:\/\/redsemlac.com\/semmexico\/?p=11880"},"modified":"2023-07-21T15:10:02","modified_gmt":"2023-07-21T20:10:02","slug":"opinion-111","status":"publish","type":"post","link":"https:\/\/redsemlac.com\/semmexico\/opinion-111\/","title":{"rendered":"Botella al Mar"},"content":{"rendered":"\n<h1 class=\"wp-block-heading\"><strong>Pina<\/strong><\/h1>\n\n\n\n<p class=\"wp-block-paragraph\"><strong>Martha Canseco Gonz\u00e1lez<\/strong><\/p>\n\n\n\n<p class=\"wp-block-paragraph\">SemM\u00e9xico. Hidalgo. 17 de septiembre de 2019.-<strong>&nbsp;\u201cCuando Pina Bausch entra en tu vida se queda para siempre, cada espect\u00e1culo suyo es un estremecimiento, un revulsivo, tambi\u00e9n un fest\u00edn para la inteligencia y los sentidos del que rara vez se sale indemne\u201d&nbsp;<\/strong>Teresa Ses\u00e9, periodista espa\u00f1ola.<\/p>\n\n\n\n<p class=\"wp-block-paragraph\"><strong>\u201cLa vida actual no puede ser bailada a la manera tradicional. No me interesa la est\u00e9tica del gesto por el gesto. Tuve que sacrificar mi propia danza para encontrar la forma de incluir en el movimiento los problemas de nuestro mundo<\/strong>\u201d&nbsp;&nbsp;Pina Bausch.<\/p>\n\n\n\n<p class=\"wp-block-paragraph\">Desde el primer movimiento que hizo Marina Urrutia en el espect\u00e1culo&nbsp;<strong>\u201cCons\u00e1grame la Primavera\u201d<\/strong>, del&nbsp;<strong>Colectivo Medias de Cabaret<\/strong>, supe que estaba ante una obra que no me dejar\u00eda indemne y adem\u00e1s al estilo Bausch.<\/p>\n\n\n\n<p class=\"wp-block-paragraph\">El espacio donde se present\u00f3 dej\u00f3 de ser&nbsp;<strong>Casa Encantada<\/strong>&nbsp;para convertirse en el mism\u00edsimo&nbsp;<strong>Caf\u00e9 Muller<\/strong>, no s\u00f3lo Marina mir\u00f3 la violencia de g\u00e9nero aferrada a las patas de una silla yo tambi\u00e9n, s\u00f3lo que ya no somos unas ni\u00f1as.<\/p>\n\n\n\n<p class=\"wp-block-paragraph\">La violencia contra las mujeres detona todas esas emociones que las bailarinas actrices de Cons\u00e1grame la Primavera, Alejandra Luna, Rosana L\u00f3pez, Cinthia Navarrete, Jazm\u00edn Vel\u00e1zquez, Nancy Nieto y Marina Urrutia logran transmitir de manera impecable. La direcci\u00f3n de Charly Castellanos y la escenograf\u00eda de Artemisa Valtierra no dejaron pasar ni un detalle, ah\u00ed estuvieron presentes los fetiches de Pina, los alt\u00edsimos zapatos de tac\u00f3n y la tierra en forma natural y de manera simb\u00f3lica en los brazos de Rosana.<\/p>\n\n\n\n<p class=\"wp-block-paragraph\">Angustia, miedo, ira, zozobra, desesperanza, eso detona en la sociedad la violencia de g\u00e9nero, eso sent\u00ed durante \u00e9sta representaci\u00f3n de&nbsp;<strong>Cons\u00e1grame la Primavera<\/strong>,&nbsp;&nbsp;y lo reconozco muy bien, porque despu\u00e9s de capacitar a 14 mil mujeres en autodefensa feminista y preguntarles que sienten cuando entra en acci\u00f3n \u201cEl Pinche Juan\u201d, as\u00ed lo describen.<\/p>\n\n\n\n<p class=\"wp-block-paragraph\">\u00a1No!, no es una moda que ahora estemos hablando tanto de violencia de g\u00e9nero, c\u00f3mo alguien trat\u00f3 de sugerir en una conferencia de prensa que recientemente encabez\u00f3 el Secretario de Cultura Jos\u00e9 Olaf Hern\u00e1ndez S\u00e1nchez, estamos hablando de una realidad que lacera a las mujeres mexicanas.<\/p>\n\n\n\n<p class=\"wp-block-paragraph\">No es casualidad que de los 714 materiales que recibieron las compa\u00f1eras de Dulc\u00edsimo Ovario para la Tercera Edici\u00f3n del Festival de Video y Cine Femenino el 85% hable de feminicidio, violencia sexual y hostigamiento.<\/p>\n\n\n\n<p class=\"wp-block-paragraph\">Estamos hablando de lo que nos sucede y estamos gritando as\u00ed que esto tiene que terminar, que las mujeres ya no podemos seguir siendo la carne de ca\u00f1\u00f3n para que tantos hombres afirmen su fr\u00e1gil masculinidad.<\/p>\n\n\n\n<p class=\"wp-block-paragraph\">De verdad, reflexionando sobre la pregunta que hac\u00eda en una columna anterior: \u00bfporqu\u00e9 tantos hombres en \u00e9ste pa\u00eds est\u00e1n tan enojados con las mujeres?, una de las conclusiones que llego es qu\u00e9 les provoca ira \u00e9ste vano intento de independencia extrema. Que les da rabia depender de las mujeres para llenar \u00e9sta necesidad humana de afecto y reconocimiento. \u00c9sta dependencia de las mujeres incluso para demostrar su abuso de poder.<\/p>\n\n\n\n<p class=\"wp-block-paragraph\">Que se han tragado como pastilla de lim\u00f3n la imposici\u00f3n del sistema patriarcal de que hombres y mujeres somos diferentes, pero sobre todo opuestos y resulta que no,&nbsp;&nbsp;\u00a1que ambos somos humanos!, que Superman es pura fantas\u00eda masculina.<\/p>\n\n\n\n<p class=\"wp-block-paragraph\">Al termino de la presentaci\u00f3n de Cons\u00e1grame la Primavera, junto a Fernando P\u00e9rez Romero, nos pregunt\u00e1bamos s\u00ed a los hombres que asistieron al espect\u00e1culo les habr\u00eda provocado alguna reflexi\u00f3n. Espero que s\u00ed y que no s\u00f3lo ellos sino todos, decidan de una vez por todas reparar \u00e9se hoyo negro que se han provocado en la mitad del pecho y no renuncien nunca a su parte humana.<\/p>\n\n\n\n<p class=\"wp-block-paragraph\">Al Colectivo Medias de Cabaret, gracias por haber tra\u00eddo de vuelta a Pina Bausch, hace 25 a\u00f1os que no la ve\u00eda.<\/p>\n\n\n\n<p class=\"wp-block-paragraph\">botellalmar2017@<a href=\"http:\/\/gmail.com\/\" target=\"_blank\" rel=\"noreferrer noopener\">gmail.com<\/a><\/p>\n","protected":false},"excerpt":{"rendered":"<p>Pina<\/p>\n","protected":false},"author":3,"featured_media":9095,"comment_status":"open","ping_status":"open","sticky":false,"template":"","format":"standard","meta":{"_monsterinsights_skip_tracking":false,"footnotes":""},"categories":[690,98,84],"tags":[],"class_list":["post-11880","post","type-post","status-publish","format-standard","has-post-thumbnail","category-690","category-botella-al-mar","category-martha-canseco"],"_links":{"self":[{"href":"https:\/\/redsemlac.com\/semmexico\/wp-json\/wp\/v2\/posts\/11880","targetHints":{"allow":["GET"]}}],"collection":[{"href":"https:\/\/redsemlac.com\/semmexico\/wp-json\/wp\/v2\/posts"}],"about":[{"href":"https:\/\/redsemlac.com\/semmexico\/wp-json\/wp\/v2\/types\/post"}],"author":[{"embeddable":true,"href":"https:\/\/redsemlac.com\/semmexico\/wp-json\/wp\/v2\/users\/3"}],"replies":[{"embeddable":true,"href":"https:\/\/redsemlac.com\/semmexico\/wp-json\/wp\/v2\/comments?post=11880"}],"version-history":[{"count":0,"href":"https:\/\/redsemlac.com\/semmexico\/wp-json\/wp\/v2\/posts\/11880\/revisions"}],"wp:featuredmedia":[{"embeddable":true,"href":"https:\/\/redsemlac.com\/semmexico\/wp-json\/wp\/v2\/media\/9095"}],"wp:attachment":[{"href":"https:\/\/redsemlac.com\/semmexico\/wp-json\/wp\/v2\/media?parent=11880"}],"wp:term":[{"taxonomy":"category","embeddable":true,"href":"https:\/\/redsemlac.com\/semmexico\/wp-json\/wp\/v2\/categories?post=11880"},{"taxonomy":"post_tag","embeddable":true,"href":"https:\/\/redsemlac.com\/semmexico\/wp-json\/wp\/v2\/tags?post=11880"}],"curies":[{"name":"wp","href":"https:\/\/api.w.org\/{rel}","templated":true}]}}