{"id":11873,"date":"2019-09-17T15:14:09","date_gmt":"2019-09-17T15:14:09","guid":{"rendered":"https:\/\/redsemlac.com\/semmexico\/?p=11873"},"modified":"2023-07-21T15:10:02","modified_gmt":"2023-07-21T20:10:02","slug":"cdmx-19","status":"publish","type":"post","link":"https:\/\/redsemlac.com\/semmexico\/cdmx-19\/","title":{"rendered":"La AVGM en la CDMX va, CONAVIM acatar\u00e1 resoluci\u00f3n del Poder Judicial"},"content":{"rendered":"\n<p class=\"wp-block-paragraph\"><strong>Habr\u00e1 declaratoria de AVGM el 10 de octubre<\/strong><\/p>\n\n\n\n<p class=\"wp-block-paragraph\"><strong>Claudia Sheinbaum est\u00e1 obligada tambi\u00e9n a acatar las medidas<\/strong><\/p>\n\n\n\n<p class=\"wp-block-paragraph\"><strong>Sara Lovera y Elda Montiel&nbsp;&nbsp;<\/strong><\/p>\n\n\n\n<p class=\"wp-block-paragraph\">SemM\u00e9xico. Cd. de M\u00e9xico. 17 de septiembre de 2019.- Se acatar\u00e1 la resoluci\u00f3n del Poder Judicial de la Federaci\u00f3n, por lo que ser\u00e1 declarada la Alerta de Violencia de G\u00e9nero contra las Mujeres en la Ciudad de M\u00e9xico el 10 de octubre, afirm\u00f3 esta ma\u00f1ana a SemM\u00e9xico Candelaria Ochoa, responsable de la Comisi\u00f3n Nacional para Prevenir y Erradicar la Violencia Contra las Mujeres (CONAVIM) y dijo que \u201cel gobierno de la CDMX est\u00e1 obligado a aceptar esa resoluci\u00f3n\u201d.<\/p>\n\n\n\n<p class=\"wp-block-paragraph\">Explic\u00f3 que la CDMX y CONAVIM nunca negaron la violencia creciente contra las mujeres en la Ciudad de M\u00e9xico, no obstante, dijo que \u201clo que se evalu\u00f3 fueron las acciones del gobierno pasado. Porque yo no tengo atribuciones para incluir nueva informaci\u00f3n\u201d.<\/p>\n\n\n\n<p class=\"wp-block-paragraph\">La comisionada habr\u00eda dicho el uno de julio pasado en entrevista con SemM\u00e9xico que se hab\u00eda negado la Alerta en la CDMX&nbsp;&nbsp;\u201cporque en 6 meses se hab\u00eda hecho lo que no se hizo en a\u00f1os\u201d, luego vinieron las protestas y las marchas, tras los acontecimientos de Azcapotzalco.<\/p>\n\n\n\n<p class=\"wp-block-paragraph\">Lo que ahora se acatar\u00e1 es la resoluci\u00f3n del viernes 13 de septiembre donde, el Poder Judicial de la Federaci\u00f3n resolvi\u00f3 el juicio de amparo 968\/2019-I, que ordena a la Segob v\u00eda la CONAVIM declarar la AVGM para la CDMX, despu\u00e9s de 10 d\u00edas naturales y est\u00e9 en firme el plazo m\u00e1ximo, que es el 10 de octubre.<\/p>\n\n\n\n<p class=\"wp-block-paragraph\">A pesar de ello, la noche del 16 de septiembre la jefa de Gobierno Claudia Sheibaum declar\u00f3 a los medios de comunicaci\u00f3n que no acatar\u00eda la resoluci\u00f3n del Poder Judicial y manifest\u00f3 que se puede continuar con las acciones emprendidas en las \u00faltimas semanas, cuando abri\u00f3 mesas de di\u00e1logo y estableci\u00f3 una pol\u00edtica emergente para atender la violencia contra las mujeres.<\/p>\n\n\n\n<p class=\"wp-block-paragraph\">Ahora la comisionada Candelaria Ochoa dej\u00f3 clar\u00edsimo que est\u00e1 obligada a declararla y lo har\u00e1, y que tambi\u00e9n debe hacerlo el gobierno capitalino.<\/p>\n\n\n\n<p class=\"wp-block-paragraph\">Por su parte Mar\u00eda de la Luz Estrada, coordinadora del Observatorio Ciudadano Nacional del Feminicidio, se\u00f1al\u00f3 que la gesti\u00f3n de Sheinbaum ha implementado mecanismos para erradicar la violencia en contra de la mujer, mismos, que dijo \u201cno se apegan a la realidad\u201d.<\/p>\n\n\n\n<p class=\"wp-block-paragraph\">Luego agreg\u00f3 que hacen \u201cun llamado a la jefa de Gobierno como ella lo ha hecho a nosotras de que no interfiera en el proceso de la declaratoria. La permanencia de la declaratoria de la Alerta de G\u00e9nero en CDMX es responsabilidad de la actual administraci\u00f3n, no de la pasada, por lo que debe dejar que el Gobierno Federal la declare\u201d.<\/p>\n\n\n\n<h4 class=\"wp-block-heading\">Antecedentes<\/h4>\n\n\n\n<p class=\"wp-block-paragraph\">La CONAVIM antes fue urgida a declarar la Alerta por los grupos peticionarios, hace tiempo, ahora la resoluci\u00f3n del juicio de amparo interpuesto por las organizaciones peticionarias el pasado 28 de junio del 2019, despu\u00e9s de una negativa del 7 de junio, emitida por este mismo organismo, resuelve el asunto.<\/p>\n\n\n\n<p class=\"wp-block-paragraph\">La resoluci\u00f3n del Poder Judicial es contundente; reconoce la existencia de la violencia feminicida en la Ciudad de M\u00e9xico y mandata la participaci\u00f3n de las organizaciones de la Sociedad Civil (OSC) en la ejecuci\u00f3n de las acciones derivadas de la AVG.<\/p>\n\n\n\n<p class=\"wp-block-paragraph\">Con la Ciudad de M\u00e9xico, al igual que Puebla y Nuevo Le\u00f3n, serian tres estados donde se declara la Alerta de Violencia de G\u00e9nero por mandato judicial, precis\u00f3 Mar\u00eda de la Luz Estrada, coordinadora del Observatorio Ciudadano Nacional del Feminicidio (OCNF).<\/p>\n\n\n\n<p class=\"wp-block-paragraph\">Las organizaciones peticionarias est\u00e1n conscientes de que la resoluci\u00f3n podr\u00eda apelarse, \u201csin embargo, este d\u00eda sabemos que no ser\u00e1 as\u00ed. Eso ser\u00eda una evidencia m\u00e1s de dilaci\u00f3n, omisi\u00f3n y violaci\u00f3n a los derechos de las mujeres\u201d.<\/p>\n\n\n\n<p class=\"wp-block-paragraph\">Cuando se neg\u00f3 la AVGM, la CONAVIM se fund\u00f3 en 13 acciones implementadas por el gobierno capitalino para protecci\u00f3n de las mujeres, y no en el estudio del Grupo de Trabajo de la declaratoria, sobre el que s\u00ed se bas\u00f3 la resoluci\u00f3n, y ahora, insisten los grupos de mujeres en que la jefa de Gobierno Claudia Sheinbaum debe \u201chacerse a un lado\u201d y no impedir la declaraci\u00f3n de Alerta.<\/p>\n\n\n\n<p class=\"wp-block-paragraph\">Tambi\u00e9n, le solicitaron que, si ella quisiera, podr\u00eda decretar la Alerta inmediatamente, y que las deje trabajar en conjunto para la erradicaci\u00f3n de la violencia contra las mujeres. Candelaria Ochoa, afirma que es ella la \u00fanica que puede declararla, y no la jefa de Gobierno, aunque s\u00ed deber\u00e1 acatar las medidas.&nbsp;&nbsp;<\/p>\n\n\n\n<p class=\"wp-block-paragraph\">Las organizaciones peticionarias de la Alerta fueron Justicia Pro Persona del Observatorio Ciudadano, y el Centro de Derechos Humanos \u201cFray Francisco de Vitoria\u201d O.P. A.C.<\/p>\n\n\n\n<h4 class=\"wp-block-heading\"><strong>Dos a\u00f1os de espera<\/strong><\/h4>\n\n\n\n<p class=\"wp-block-paragraph\">La petici\u00f3n de declaratoria de la AVGM data del 7 de septiembre de 2017 y la resoluci\u00f3n negativa se conoci\u00f3 7 de junio de este a\u00f1o. Por lo que las mujeres de los grupos, en conferencia de prensa este 16 de septiembre, se\u00f1alaron que no es v\u00e1lido el argumento de que era del pasado y no de esta administraci\u00f3n.<\/p>\n\n\n\n<p class=\"wp-block-paragraph\">Dijeron que el retraso en resolver sobre la AVGM y pretender no decretarla, contraviene el par\u00e1metro de regularidad constitucional de los derechos humanos de las mujeres, pues se perdi\u00f3 de vista la naturaleza de emergencia del mecanismo, as\u00ed como las cifras relacionadas con feminicidios y homicidios de mujeres en la Ciudad de M\u00e9xico.<\/p>\n\n\n\n<p class=\"wp-block-paragraph\">La resoluci\u00f3n tambi\u00e9n se\u00f1ala una indebida fundamentaci\u00f3n para rechazar la declaratoria, ya que, a partir del an\u00e1lisis del Grupo de Trabajo, de las acciones realizadas por el gobierno capitalino, s\u00f3lo se cumplieron tres de seis acciones; una en proceso y otras dos parcialmente cumplidas.<\/p>\n\n\n\n<p class=\"wp-block-paragraph\">Por otra parte, de los 72 indicadores contenidos en las 20 conclusiones, se cumplieron 22 (30.5%), siete (9.7%) est\u00e1n en proceso de cumplimiento, 11 (15.2%) se consideraron parcialmente cumplidas, y 32 (44.6%) no fueron cumplidas.<\/p>\n\n\n\n<p class=\"wp-block-paragraph\">Tambi\u00e9n, destacaron que, de enero a julio de 2019, hubo un total de 2 mil 700 llamadas de emergencia relacionadas con incidentes de violencia contra las mujeres, y que de 2017 a la fecha \u2013a\u00f1o en que se solicit\u00f3 la AVGM- 77 mujeres fueron v\u00edctimas de feminicidio: 37 en 2017 y 40 en 2018; adem\u00e1s de otros delitos como violencia sexual, trata de personas y desaparici\u00f3n, de acuerdo con los datos del Secretariado Ejecutivo del Sistema Nacional de Seguridad P\u00fablica.<\/p>\n\n\n\n<p class=\"wp-block-paragraph\">Adem\u00e1s de que estaba justificado el contexto de violencia de la Ciudad de M\u00e9xico, CONAVIM, no tom\u00f3 en cuenta que cuatro de los siete integrantes del propio Grupo de Trabajo se manifestaron a favor de la Declaratoria de la AVGM, por lo que incumpli\u00f3 con el art\u00edculo 24 de la Ley General de Acceso a las Mujeres a una Vida Libre de Violencia.<\/p>\n\n\n\n<p class=\"wp-block-paragraph\">Se destac\u00f3 en la conferencia de prensa, que las organizaciones peticionarias est\u00e1n ante una indefensi\u00f3n jur\u00eddica ante los gobiernos de los estados, y afirmaron que CONAVIM est\u00e1 limitando la participaci\u00f3n civil y de peticionarias en las mesas de seguimiento de las declaratorias, lo que calificaron como \u201cmuy grave\u201d ya que las violencias feminicidios siguen en los estados de Jalisco, Veracruz y Estado de M\u00e9xico.<\/p>\n\n\n\n<p class=\"wp-block-paragraph\">Ante los anuncios reiterados de CONAVIM de reorientar a su origen la AVGM \u2013 como reales acciones de emergencia- las peticionarias y el Observatorio, dijeron desconocer c\u00f3mo se van a reencauzar las declaraciones de Alerta en los estados del pa\u00eds y aseguran que \u201cdebemos trabajar en equipo\u201d, es decir gobierno y feministas.<\/p>\n\n\n\n<h5 class=\"wp-block-heading\">El PRD exige a CONAVIM declarar la AVGM<\/h5>\n\n\n\n<p class=\"wp-block-paragraph\">Ayer, tras conocerse la resoluci\u00f3n del Poder Judicial de la Federaci\u00f3n a trav\u00e9s de un comunicado, la dirigente nacional de las mujeres del Partido de la Revoluci\u00f3n Democr\u00e1tica (PRD) Karen Quiroga Anguiano, urgi\u00f3 a la Secretar\u00eda de Gobernaci\u00f3n y el gobierno de Claudia Sheinbaum a declarar la&nbsp;&nbsp;AVGM en la Ciudad de M\u00e9xico.<\/p>\n\n\n\n<p class=\"wp-block-paragraph\">Record\u00f3 que, por tercera ocasi\u00f3n, hace ese llamado especialmente la secretaria de Gobernaci\u00f3n, Olga S\u00e1nchez Cordero; y la jefa de Gobierno de la capital, Claudia Sheinbaum y resumi\u00f3: \u201cNo entendemos por qu\u00e9 la negativa a implementar la AVG cuando todo nos dice que es urgente implementar acciones en el corto, mediano y largo plazo para comenzar a detener la ola de violencia\u201d.<\/p>\n\n\n\n<p class=\"wp-block-paragraph\">La dirigente consider\u00f3 que la negativa responde a&nbsp;&nbsp;intereses pol\u00edticos, en el gobierno de CDMX y en la Secretar\u00eda de la Mujer.<\/p>\n","protected":false},"excerpt":{"rendered":"<p>Habr\u00e1 declaratoria de AVGM antes del 30 de septiembre<\/p>\n","protected":false},"author":3,"featured_media":11874,"comment_status":"open","ping_status":"open","sticky":false,"template":"","format":"standard","meta":{"_monsterinsights_skip_tracking":false,"footnotes":""},"categories":[690,51],"tags":[],"class_list":["post-11873","post","type-post","status-publish","format-standard","has-post-thumbnail","category-690","category-ejecutivo"],"_links":{"self":[{"href":"https:\/\/redsemlac.com\/semmexico\/wp-json\/wp\/v2\/posts\/11873","targetHints":{"allow":["GET"]}}],"collection":[{"href":"https:\/\/redsemlac.com\/semmexico\/wp-json\/wp\/v2\/posts"}],"about":[{"href":"https:\/\/redsemlac.com\/semmexico\/wp-json\/wp\/v2\/types\/post"}],"author":[{"embeddable":true,"href":"https:\/\/redsemlac.com\/semmexico\/wp-json\/wp\/v2\/users\/3"}],"replies":[{"embeddable":true,"href":"https:\/\/redsemlac.com\/semmexico\/wp-json\/wp\/v2\/comments?post=11873"}],"version-history":[{"count":0,"href":"https:\/\/redsemlac.com\/semmexico\/wp-json\/wp\/v2\/posts\/11873\/revisions"}],"wp:featuredmedia":[{"embeddable":true,"href":"https:\/\/redsemlac.com\/semmexico\/wp-json\/wp\/v2\/media\/11874"}],"wp:attachment":[{"href":"https:\/\/redsemlac.com\/semmexico\/wp-json\/wp\/v2\/media?parent=11873"}],"wp:term":[{"taxonomy":"category","embeddable":true,"href":"https:\/\/redsemlac.com\/semmexico\/wp-json\/wp\/v2\/categories?post=11873"},{"taxonomy":"post_tag","embeddable":true,"href":"https:\/\/redsemlac.com\/semmexico\/wp-json\/wp\/v2\/tags?post=11873"}],"curies":[{"name":"wp","href":"https:\/\/api.w.org\/{rel}","templated":true}]}}