{"id":11871,"date":"2019-09-17T15:09:37","date_gmt":"2019-09-17T15:09:37","guid":{"rendered":"https:\/\/redsemlac.com\/semmexico\/?p=11871"},"modified":"2023-07-21T15:10:02","modified_gmt":"2023-07-21T20:10:02","slug":"opinion-108","status":"publish","type":"post","link":"https:\/\/redsemlac.com\/semmexico\/opinion-108\/","title":{"rendered":"Textura Violeta"},"content":{"rendered":"\n<h2 class=\"wp-block-heading\"><strong>M\u00e1s all\u00e1 de las encuestas, que respondan los candidatos<\/strong><\/h2>\n\n\n\n<p class=\"wp-block-paragraph\"><strong>Drina Ergueta<\/strong><\/p>\n\n\n\n<p class=\"wp-block-paragraph\">SemM\u00e9xico. Bolivia. 17 de septiembre de 2019.- Con sorpresa le\u00ed que en Bolivia en los \u00faltimos meses se han realizado y difundido 47 encuestas electorales; sin embargo, sus resultados (siempre dudosos cuando no dicen lo que nos gustar\u00eda) muestran una realidad tan parcial, tanto por su cobertura como por su muestra, que finalmente nos dejan en las mismas.<\/p>\n\n\n\n<p class=\"wp-block-paragraph\">Entonces, \u00bfpara qu\u00e9 tanto revuelo por ellas? Seguramente por sus efectos, por una parte: se sabe que hay gente que vota a ganador; y, por otra parte: pueden llamar al voto para evitar algo o desanimar de votar porque ya no hay nada que hacer.<\/p>\n\n\n\n<p class=\"wp-block-paragraph\">Propongo dejar a un lado las encuestas y centrar la atenci\u00f3n en algunos puntos que importan y restar tensi\u00f3n a esta etapa, tr\u00e1gica por los incendios y el uso que se hace de ellos. Planteo algunas preguntas dirigidas a las candidaturas, que podr\u00edan ser de inter\u00e9s a quien vaya a votar.<\/p>\n\n\n\n<p class=\"wp-block-paragraph\">a)&nbsp;&nbsp;&nbsp;&nbsp;&nbsp;&nbsp;&nbsp;\u00bfHa le\u00eddo usted el programa electoral del partido que representa? (Es una pregunta v\u00e1lida para candidatos\/as ya que pr\u00e1cticamente \u00e9stos no hablan de ello y se centran en blandir la bandera del 21F, en culpabilizar al otro por los incendios o en defenderse sin atinar a nada. Hay m\u00e1s asuntos en los que fijarse a la hora de votar).<\/p>\n\n\n\n<p class=\"wp-block-paragraph\">b)&nbsp;&nbsp;&nbsp;&nbsp;&nbsp;&nbsp;\u00bfEn el binomio que integra hay alguna mujer? (Si son dos varones candidatos y usted es uno de ellos sepa que est\u00e1 quitando el lugar a una mujer porque usted no es m\u00e1s capaz ni menos mediocre que muchas posibles candidatas. Muy mal, eso es machismo) Aqu\u00ed hay que se\u00f1alar con preocupaci\u00f3n que la \u00fanica candidata a la presidencia Ruth Nina denunci\u00f3 fuertes presiones desde dentro de su partido (Pan-Bol) para que desistiera; mientras que la candidata a vicepresidenta a por PDC, Paola Barriga, a\u00fan no termina de renunciar luego de verse de compa\u00f1era de un LGTBIfobo y macho redomado que piensa que a las mujeres hay que educarlas para que se comporten como deben \u00a1Cu\u00e1ntas contradicciones! y \u00a1Cu\u00e1nto sapo para tragar ofrece la pol\u00edtica!<\/p>\n\n\n\n<p class=\"wp-block-paragraph\">c)&nbsp;&nbsp;&nbsp;&nbsp;&nbsp;&nbsp;&nbsp;Se ha publicado el patrimonio de cada candidato\/a, pero \u00bfCu\u00e1nto paga de impuestos y qu\u00e9 pol\u00edtica impositiva propone? (Un candidato\/a debe pagar impuestos y dar ejemplo, adem\u00e1s que escaquearse es robar a la poblaci\u00f3n. Si su propuesta es reducirlos es m\u00e1s liberal; si es ampliarlos a quienes m\u00e1s tienen para destinarlos a servicios p\u00fablicos, como educaci\u00f3n y salud, tiene una visi\u00f3n m\u00e1s social. Lo ideal es que finalmente sea una pol\u00edtica impositiva clara y eficiente y no retorcida y persecutoria).<\/p>\n\n\n\n<p class=\"wp-block-paragraph\">d)&nbsp;&nbsp;&nbsp;&nbsp;&nbsp;&nbsp;Respecto a robos y otros abusos de autoridad \u00bfQu\u00e9 promete respecto a la corrupci\u00f3n? \u00bfQu\u00e9 ejemplos ofrece? \u00bfQu\u00e9 garant\u00edas?<\/p>\n\n\n\n<p class=\"wp-block-paragraph\">e)&nbsp;&nbsp;&nbsp;&nbsp;&nbsp;&nbsp;Ya que Bolivia es un pa\u00eds de econom\u00eda fundamentalmente extractivista, \u00bfqu\u00e9 har\u00e1n para desarrollar un sistema econ\u00f3mico productivo y moderno?<\/p>\n\n\n\n<p class=\"wp-block-paragraph\">f)&nbsp;&nbsp;&nbsp;&nbsp;&nbsp;&nbsp;&nbsp;&nbsp;Dado que Bolivia es uno de los pa\u00edses m\u00e1s desiguales del mundo tanto en distribuci\u00f3n de la riqueza por raz\u00f3n de clases sociales, origen \u00e9tnico y g\u00e9nero \u00bfQu\u00e9 pol\u00edticas pondr\u00e1 en pr\u00e1ctica para reducir estas desigualdades?<\/p>\n\n\n\n<p class=\"wp-block-paragraph\">g)&nbsp;&nbsp;&nbsp;&nbsp;&nbsp;&nbsp;&nbsp;\u00bfRespecto a g\u00e9nero, qu\u00e9 pol\u00edtica propone? (O sea, \u00bfqu\u00e9 har\u00e1 para reducir o eliminar las desigualdades entre hombres y mujeres y otros g\u00e9neros?, \u00bfigualar\u00e1 salarios por el mismo trabajo?, \u00bfsancionar\u00e1 o no contratar\u00e1 a empresas que no tengan plantillas y distribuci\u00f3n de cargos igualitarios?, \u00bfhar\u00e1 campa\u00f1as serias para cambiar los valores masculinos y femeninos? \u00bfQu\u00e9 har\u00e1 para disminuir la violencia machista? \u00bfC\u00f3mo incluir\u00e1 a la poblaci\u00f3n LGTBI en cualquier actividad econ\u00f3mica de forma normalizada?, etc.).<\/p>\n\n\n\n<p class=\"wp-block-paragraph\">h)&nbsp;&nbsp;&nbsp;&nbsp;&nbsp;&nbsp;\u00bfHa respondido que su partido propone una pol\u00edtica de g\u00e9nero? Pues aqu\u00ed se sabe si es cierto: \u00bfDespenalizar\u00e1 el aborto? (\u00a1Ahh\u2026 no se vale tomar el pelo! El cuerpo de las mujeres es de ellas y ellas deciden. Un aborto despenalizado salva vidas. Ojo con este punto que define al candidato).&nbsp;&nbsp;<\/p>\n\n\n\n<p class=\"wp-block-paragraph\">Ya va siendo hora de que los candidatos\/as expliquen y debatan aspectos relevantes relacionados con las grandes necesidades del pa\u00eds.<\/p>\n","protected":false},"excerpt":{"rendered":"<p>M\u00e1s all\u00e1 de las encuestas, que respondan los candidatos<\/p>\n","protected":false},"author":3,"featured_media":8467,"comment_status":"open","ping_status":"open","sticky":false,"template":"","format":"standard","meta":{"_monsterinsights_skip_tracking":false,"footnotes":""},"categories":[690,77,102],"tags":[],"class_list":["post-11871","post","type-post","status-publish","format-standard","has-post-thumbnail","category-690","category-drina-ergueta","category-textura-violeta"],"_links":{"self":[{"href":"https:\/\/redsemlac.com\/semmexico\/wp-json\/wp\/v2\/posts\/11871","targetHints":{"allow":["GET"]}}],"collection":[{"href":"https:\/\/redsemlac.com\/semmexico\/wp-json\/wp\/v2\/posts"}],"about":[{"href":"https:\/\/redsemlac.com\/semmexico\/wp-json\/wp\/v2\/types\/post"}],"author":[{"embeddable":true,"href":"https:\/\/redsemlac.com\/semmexico\/wp-json\/wp\/v2\/users\/3"}],"replies":[{"embeddable":true,"href":"https:\/\/redsemlac.com\/semmexico\/wp-json\/wp\/v2\/comments?post=11871"}],"version-history":[{"count":0,"href":"https:\/\/redsemlac.com\/semmexico\/wp-json\/wp\/v2\/posts\/11871\/revisions"}],"wp:featuredmedia":[{"embeddable":true,"href":"https:\/\/redsemlac.com\/semmexico\/wp-json\/wp\/v2\/media\/8467"}],"wp:attachment":[{"href":"https:\/\/redsemlac.com\/semmexico\/wp-json\/wp\/v2\/media?parent=11871"}],"wp:term":[{"taxonomy":"category","embeddable":true,"href":"https:\/\/redsemlac.com\/semmexico\/wp-json\/wp\/v2\/categories?post=11871"},{"taxonomy":"post_tag","embeddable":true,"href":"https:\/\/redsemlac.com\/semmexico\/wp-json\/wp\/v2\/tags?post=11871"}],"curies":[{"name":"wp","href":"https:\/\/api.w.org\/{rel}","templated":true}]}}