{"id":11863,"date":"2019-09-13T23:35:32","date_gmt":"2019-09-13T23:35:32","guid":{"rendered":"https:\/\/redsemlac.com\/semmexico\/?p=11863"},"modified":"2023-07-21T15:10:02","modified_gmt":"2023-07-21T20:10:02","slug":"guerrero-36","status":"publish","type":"post","link":"https:\/\/redsemlac.com\/semmexico\/guerrero-36\/","title":{"rendered":"\u201cLa Nana\u201d llevar\u00e1 cultura y perspectiva de g\u00e9nero a ni\u00f1as y mujeres en Guerrero"},"content":{"rendered":"\n<p class=\"wp-block-paragraph\"><strong>Josefina Aguilar Pastor \u00a0<\/strong><\/p>\n\n\n\n<p class=\"wp-block-paragraph\">SemM\u00e9xico. Chilpancingo Guerrero, 11 de septiembre de 2019.-\u00a0Anuncia la directora del Instituto de Bellas Artes y Literatura,\u00a0Lucina Jim\u00e9nez L\u00f3pez, la implementaci\u00f3n de \u201cLa Nana\u201d, programa con perspectiva de g\u00e9nero, dirigida a mujeres,\u00a0ni\u00f1as\u00a0y ni\u00f1os\u00a0del Estado de Guerrero.<\/p>\n\n\n\n<p class=\"wp-block-paragraph\">Este viernes, la funcionaria federal asisti\u00f3 a la inauguraci\u00f3n del Centro de Artes, en Chilpancingo, donde anunci\u00f3 la puesta en marcha desde lo que llam\u00f3 \u201cLa Nana\u201d, un laboratorio explic\u00f3, comprometido con la cultura de paz, con los derechos las ni\u00f1as y los ni\u00f1os, pero tambi\u00e9n da la posibilidad de formar a ciudadanos y ciudadanas en un ambiente libre de violencia.<\/p>\n\n\n\n<p class=\"wp-block-paragraph\">Se pretende con este proyecto, implantar el respeto a la igualdad y equidad de g\u00e9nero, reconociendo la diversidad de las culturas que conforman el Estado de Guerrero. La propuesta se gest\u00f3 desde el di\u00e1logo con representantes de&nbsp;las&nbsp;ocho regiones&nbsp;que conforman la entidad, a trav\u00e9s del programa \u201cPasaporte, una ruta de autovaloraci\u00f3n\u201d, explic\u00f3 Jim\u00e9nez L\u00f3pez.<\/p>\n\n\n\n<p class=\"wp-block-paragraph\">Con esta iniciativa, el Estado de Guerrero, tendr\u00e1 mayor proyecci\u00f3n pero al mismo tiempo indic\u00f3 la funcionaria federal, se incorporar\u00e1 a la red nacional de educaci\u00f3n e investigaci\u00f3n art\u00edsticas.<\/p>\n\n\n\n<p class=\"wp-block-paragraph\">En esta visita, la directora de Bellas Artes y el gobernador del Estado, H\u00e9ctor Astudillo Flores, firmaron un convenio de colaboraci\u00f3n, para la implementaci\u00f3n de diversos programas de manera conjunta, entre ellos, \u201cLa Nana\u201d.<\/p>\n","protected":false},"excerpt":{"rendered":"<p>Se pretende con este proyecto, implantar el respeto a la igualdad y equidad de g\u00e9nero, reconociendo la diversidad de las culturas<\/p>\n","protected":false},"author":3,"featured_media":11864,"comment_status":"open","ping_status":"open","sticky":false,"template":"","format":"standard","meta":{"_monsterinsights_skip_tracking":false,"footnotes":""},"categories":[690,51],"tags":[],"class_list":["post-11863","post","type-post","status-publish","format-standard","has-post-thumbnail","category-690","category-ejecutivo"],"_links":{"self":[{"href":"https:\/\/redsemlac.com\/semmexico\/wp-json\/wp\/v2\/posts\/11863","targetHints":{"allow":["GET"]}}],"collection":[{"href":"https:\/\/redsemlac.com\/semmexico\/wp-json\/wp\/v2\/posts"}],"about":[{"href":"https:\/\/redsemlac.com\/semmexico\/wp-json\/wp\/v2\/types\/post"}],"author":[{"embeddable":true,"href":"https:\/\/redsemlac.com\/semmexico\/wp-json\/wp\/v2\/users\/3"}],"replies":[{"embeddable":true,"href":"https:\/\/redsemlac.com\/semmexico\/wp-json\/wp\/v2\/comments?post=11863"}],"version-history":[{"count":0,"href":"https:\/\/redsemlac.com\/semmexico\/wp-json\/wp\/v2\/posts\/11863\/revisions"}],"wp:featuredmedia":[{"embeddable":true,"href":"https:\/\/redsemlac.com\/semmexico\/wp-json\/wp\/v2\/media\/11864"}],"wp:attachment":[{"href":"https:\/\/redsemlac.com\/semmexico\/wp-json\/wp\/v2\/media?parent=11863"}],"wp:term":[{"taxonomy":"category","embeddable":true,"href":"https:\/\/redsemlac.com\/semmexico\/wp-json\/wp\/v2\/categories?post=11863"},{"taxonomy":"post_tag","embeddable":true,"href":"https:\/\/redsemlac.com\/semmexico\/wp-json\/wp\/v2\/tags?post=11863"}],"curies":[{"name":"wp","href":"https:\/\/api.w.org\/{rel}","templated":true}]}}