{"id":11860,"date":"2019-09-13T23:22:33","date_gmt":"2019-09-13T23:22:33","guid":{"rendered":"https:\/\/redsemlac.com\/semmexico\/?p=11860"},"modified":"2023-07-21T15:10:02","modified_gmt":"2023-07-21T20:10:02","slug":"opinion-107","status":"publish","type":"post","link":"https:\/\/redsemlac.com\/semmexico\/opinion-107\/","title":{"rendered":"Ellas en el Retrovisor"},"content":{"rendered":"\n<h2 class=\"wp-block-heading\"><strong>Al carajo, mis\u00f3gino Mireles<\/strong><\/h2>\n\n\n\n<p class=\"wp-block-paragraph\"><strong>Ivonne Melgar<\/strong><\/p>\n\n\n\n<p class=\"wp-block-paragraph\">SemM\u00e9xico. 13 de septiembre 2019.- Si Jos\u00e9 Manuel Mireles\ncontin\u00faa en su cargo de subdelegado del ISSSTE en Michoac\u00e1n, siempre llevar\u00e1 la\nmarca de que el Congreso le pidi\u00f3 su renuncia. Y \u00e9l, carente de pudor, se\naferr\u00f3 al nombramiento del que ya fue moralmente deslegitimado.<\/p>\n\n\n\n<p class=\"wp-block-paragraph\">Porque esta semana tanto los diputados como los senadores se\npronunciaron por la remoci\u00f3n del majadero y mis\u00f3gino funcionario.<\/p>\n\n\n\n<p class=\"wp-block-paragraph\">As\u00ed que legisladores de todos los partidos que integran el\nPoder Legislativo se han puesto de acuerdo en ese punto: el exl\u00edder de las\nautodefensas no debe ser parte de un gobierno que se ha propuesto la\ntransformaci\u00f3n de M\u00e9xico.<\/p>\n\n\n\n<p class=\"wp-block-paragraph\">En el caso de San L\u00e1zaro, las integrantes de la Comisi\u00f3n de\nEquidad de G\u00e9nero avalaron un punto de acuerdo en el que pidieron la\ndestituci\u00f3n de Mireles, en una carta dirigida al director del Instituto de\nSeguridad y Servicios Sociales de los Trabajadores del Estado, Luis Antonio\nRam\u00edrez.<\/p>\n\n\n\n<p class=\"wp-block-paragraph\">Los senadores, sin embargo, por las gestiones de la bancada\nde Morena, no pudieron contradecir el llamado presidencial a Mireles para que\nse autocorrigiera. As\u00ed que tuvieron que conformarse con un llamado al propio\nsubdelegado del ISSSTE para que deje el puesto.<\/p>\n\n\n\n<p class=\"wp-block-paragraph\">Esto porque el activista armado volvi\u00f3 a las injurias contra\nlas mujeres. Y despu\u00e9s de llamar \u201cpirujas\u201d a las parejas de los derechohabientes,\nquej\u00e1ndose de que todas quer\u00edan servicios m\u00e9dicos, esta semana emple\u00f3 el\nt\u00e9rmino \u201cnalguitas\u201d.<\/p>\n\n\n\n<p class=\"wp-block-paragraph\">El pronunciamiento de la C\u00e1mara Alta exhort\u00f3 a Mireles a\npresentar la renuncia a su cargo \u201cen raz\u00f3n de las expresiones machistas,\nmis\u00f3ginas y violentas pronunciadas contras las mujeres derechohabientes del\ninstituto y todas las mujeres del pa\u00eds\u201d.<\/p>\n\n\n\n<p class=\"wp-block-paragraph\">El documento que en la historia parlamentaria mexicana\ndeber\u00e1 servir, a partir de ahora, de mecanismo de prevenci\u00f3n establece que el\nSenado \u201cse pronuncia en contra de toda utilizaci\u00f3n del lenguaje\ndiscriminatorio, sexista o violento proferido en contra de la mujer, tanto por\nel ciudadano Jos\u00e9 Manuel Mireles Valverde como por cualquier otro servidos\np\u00fablico\u201d.<\/p>\n\n\n\n<p class=\"wp-block-paragraph\">Este pronunciamiento surgi\u00f3 en la Comisi\u00f3n de Igualdad del\nSenado, donde la panista Kenia L\u00f3pez Rabad\u00e1n, reclam\u00f3 a las legisladoras de\nMorena no sumarse a un exhorto dirigido al Presidente de la Rep\u00fablica para que\ndestituyera al funcionario.<\/p>\n\n\n\n<p class=\"wp-block-paragraph\">&nbsp;\u201cEsta Comisi\u00f3n no\npuede cerrar los ojos a la realidad, y la realidad es que lo que est\u00e1 pasando\nen el pa\u00eds es absolutamente lamentable. Nos est\u00e1n matando por el hecho de ser\nmujeres, pobres, ind\u00edgenas y la falta de andamiajes institucionales (\u2026) Y si a\nuna persona que hoy le pagamos y que en su encargo como servidor p\u00fablico se\natreve a decir lo que dijo y no hay un reclamo, a m\u00ed me parece vergonzante\u201d,\naleg\u00f3 la tambi\u00e9n presidenta de la Comisi\u00f3n de Derechos Humanos.<\/p>\n\n\n\n<p class=\"wp-block-paragraph\">La presidenta de la Comisi\u00f3n, la morenista Martha Luc\u00eda\nM\u00edcher Camarena, argument\u00f3: \u201cSe debe hacer una solicitud personal a Manuel\nMireles y no dejar la responsabilidad a otras personas. Tiene un puesto\ndirectivo. No acepto su disculpa\u201d.<\/p>\n\n\n\n<p class=\"wp-block-paragraph\">Posteriormente, ya en la sesi\u00f3n del pleno del Senado, de\neste jueves 12 de septiembre, con los atenuantes propuestos por Morena, se\naval\u00f3 por unanimidad el llamado a Mireles.<\/p>\n\n\n\n<p class=\"wp-block-paragraph\">Dicho documento tambi\u00e9n incluy\u00f3 al director general del\nISSSTE, a quien le solicitaron que realice las acciones pertinentes y legales\npara garantizar el aprecio a la dignidad y los derechos humanos de todos los\nderechohabientes y ciudadanos que acudan al Instituto.<\/p>\n\n\n\n<p class=\"wp-block-paragraph\">Al proponer a sus compa\u00f1eros la elaboraci\u00f3n de ese\npronunciamiento, la panista Josefina V\u00e1zquez Mota expuso:<\/p>\n\n\n\n<p class=\"wp-block-paragraph\">&nbsp;\u201cEste no es un asunto\nde partido, este no es un asunto de voluntarismo. Es rechazar el ataque soez,\nreiterado, la violencia por la que tanto hemos trabajado en contra de ella en\neste Senado de la Rep\u00fablica. Les solicito a todas y a todos los Senadores que\nfirmemos hoy mismo una carta dirigida al director del ISSSTE para la\ndestituci\u00f3n inmediata de este funcionario (LIGAR) Estar del lado del agresor es\nestar del lado de la complicidad y del lado de la violencia. No podemos\npermitir como Senado estas agresiones reiteradas cada vez m\u00e1s soeces y\nvergonzantes\u201d.<\/p>\n\n\n\n<p class=\"wp-block-paragraph\">La senadora del PT Alejandra del Carmen Le\u00f3n Gast\u00e9lum se\nsum\u00f3 al reclamo, al igual que la priista<\/p>\n\n\n\n<p class=\"wp-block-paragraph\">Vanessa Rubio M\u00e1rquez, el independiente Emilio Alvarez\nIcaza, Leonor Noyola del PVEM y los ciudadanos Ver\u00f3nica Delgadillo y Juan\nZepeda.<\/p>\n\n\n\n<p class=\"wp-block-paragraph\">Y un senador morenista, Germ\u00e1n Mart\u00ednez C\u00e1zares, clav\u00f3 la\nestocada:<\/p>\n\n\n\n<p class=\"wp-block-paragraph\">&nbsp;\u201cRepudio, como\nmichoacano, las expresiones de Mireles y digo, como michoacano, que apoyo al\nPresidente L\u00f3pez Obrador, que Mireles, y lo digo con palabras del Presidente\nL\u00f3pez Obrador: Mireles al carajo. Debe renunciar Mireles del cargo que tiene de\nfuncionario p\u00fablico, porque eso no representa a los ciudadanos y no los est\u00e1\natendiendo en un clima de tranquilidad que merece Michoac\u00e1n\u201d.<\/p>\n\n\n\n<p class=\"wp-block-paragraph\">\u00bfPodr\u00e1 m\u00e1s la impunidad del me vale madres?<\/p>\n\n\n\n<p class=\"wp-block-paragraph\">Pronto lo sabremos.<\/p>\n","protected":false},"excerpt":{"rendered":"<p>Al carajo, mis\u00f3gino Mireles<\/p>\n","protected":false},"author":3,"featured_media":11861,"comment_status":"open","ping_status":"open","sticky":false,"template":"","format":"standard","meta":{"_monsterinsights_skip_tracking":false,"footnotes":""},"categories":[690,82,110],"tags":[],"class_list":["post-11860","post","type-post","status-publish","format-standard","has-post-thumbnail","category-690","category-la-opinion","category-la-opinion-columnas"],"_links":{"self":[{"href":"https:\/\/redsemlac.com\/semmexico\/wp-json\/wp\/v2\/posts\/11860","targetHints":{"allow":["GET"]}}],"collection":[{"href":"https:\/\/redsemlac.com\/semmexico\/wp-json\/wp\/v2\/posts"}],"about":[{"href":"https:\/\/redsemlac.com\/semmexico\/wp-json\/wp\/v2\/types\/post"}],"author":[{"embeddable":true,"href":"https:\/\/redsemlac.com\/semmexico\/wp-json\/wp\/v2\/users\/3"}],"replies":[{"embeddable":true,"href":"https:\/\/redsemlac.com\/semmexico\/wp-json\/wp\/v2\/comments?post=11860"}],"version-history":[{"count":0,"href":"https:\/\/redsemlac.com\/semmexico\/wp-json\/wp\/v2\/posts\/11860\/revisions"}],"wp:featuredmedia":[{"embeddable":true,"href":"https:\/\/redsemlac.com\/semmexico\/wp-json\/wp\/v2\/media\/11861"}],"wp:attachment":[{"href":"https:\/\/redsemlac.com\/semmexico\/wp-json\/wp\/v2\/media?parent=11860"}],"wp:term":[{"taxonomy":"category","embeddable":true,"href":"https:\/\/redsemlac.com\/semmexico\/wp-json\/wp\/v2\/categories?post=11860"},{"taxonomy":"post_tag","embeddable":true,"href":"https:\/\/redsemlac.com\/semmexico\/wp-json\/wp\/v2\/tags?post=11860"}],"curies":[{"name":"wp","href":"https:\/\/api.w.org\/{rel}","templated":true}]}}