{"id":11854,"date":"2019-09-13T22:30:14","date_gmt":"2019-09-13T22:30:14","guid":{"rendered":"https:\/\/redsemlac.com\/semmexico\/?p=11854"},"modified":"2023-07-21T15:10:02","modified_gmt":"2023-07-21T20:10:02","slug":"guerrero-35","status":"publish","type":"post","link":"https:\/\/redsemlac.com\/semmexico\/guerrero-35\/","title":{"rendered":"En Guerrero exigen destituci\u00f3n del secretario de Salud"},"content":{"rendered":"\n<p class=\"wp-block-paragraph\"><strong>Josefina Aguilar Pastor \u00a0<\/strong><\/p>\n\n\n\n<p class=\"wp-block-paragraph\">SemM\u00e9xico. Chilpancingo, Guerrero. 11 de septiembre de 2019.- Activistas feministas, marcharon por las principales calles de la capital del Estado, y tomaron de manera simb\u00f3lica las oficinas de las Secretaria de Salud, en exigencia de la destituci\u00f3n del titular de dicha dependencia, Carlos de la Pe\u00f1a Pintos, luego de la violaci\u00f3n de una mujer embarazada, el viernes pasado.<\/p>\n\n\n\n<p class=\"wp-block-paragraph\">Las activistas salieron de la Alameda Granados Maldonado, en lo que llamaron la \u201cMarcha de la Indignaci\u00f3n\u201d, &nbsp;por el caso de la mujer embarazada, violada el viernes pasado, por un qu\u00edmico, en la unidad de Parter\u00eda. Caminaron por las c\u00e9ntricas calles de la capital del Estado, avenida Ignacio Ram\u00edrez,&nbsp;L\u00e1zaro C\u00e1rdenas, Ruffo Figueroa, hasta llegar a las oficinas de la Secretaria de Salud, en la colonia&nbsp;Bur\u00f3cratas, al sur de la ciudad.<\/p>\n\n\n\n<figure class=\"wp-block-video\"><video height=\"480\" style=\"aspect-ratio: 848 \/ 480;\" width=\"848\" controls src=\"https:\/\/redsemlac.com\/semmexico\/wp-content\/uploads\/2019\/09\/WhatsApp-Video-2019-09-13-at-1.33.25-PM.mp4\"><\/video><figcaption><em>Activistas feministas tomaron la secretar\u00eda de salud, exigen la destituci\u00f3n del secretario de salud<\/em><\/figcaption><\/figure>\n\n\n\n<p class=\"wp-block-paragraph\">Viridiana Guti\u00e9rrez Sotelo, representante delObservatorio Ciudadano de Violencia hacia las Mujeres en Guerrero (Obvio- Guerrero), dio a conocer un posicionamiento, en el que las activistas recalcan que la&nbsp;violencia hacia las mujeres en Guerrero &nbsp;no se detiene. Refiri\u00f3 que seg\u00fan cifras del&nbsp;Secretariado Ejecutivo&nbsp;del Sistema&nbsp;Nacional&nbsp;de&nbsp;Seguridad P\u00fablica<strong>&nbsp;(<\/strong>SECSPN), en Guerrero, han sido denunciadas 202 violaciones, es decir, una por d\u00eda en un promedio.<\/p>\n\n\n\n<p class=\"wp-block-paragraph\">A pesar de que en el a\u00f1o 2017 la Comisi\u00f3n Nacional para Prevenir y Erradicar la Violencia Contra las Mujeres (CONAVIM) declar\u00f3 la Alerta de Violencia de G\u00e9nero Contra las Mujeres por las alarmantes cifras de violencia feminicida, en Guerrero la violencia hacia las mujeres no se detiene, acus\u00f3 la activista.<\/p>\n\n\n\n<p class=\"wp-block-paragraph\">Adem\u00e1s denunci\u00f3, Guerrero cuenta con leyes y normativas que obstaculizan los derechos sexuales y reproductivos de las mujeres, al criminalizar y obstaculizar el acceso a una interrupci\u00f3n legal del embarazo de ni\u00f1as y mujeres, lo que deriv\u00f3&nbsp;que en marzo de 2019,&nbsp;organizaciones en el Estado, solicitaran una segunda Alerta, ahora por agravio comparado.<\/p>\n\n\n\n<ul class=\"wp-block-gallery columns-2 is-cropped wp-block-gallery-1 is-layout-flex wp-block-gallery-is-layout-flex\"><li class=\"blocks-gallery-item\"><figure><img decoding=\"async\" src=\"https:\/\/redsemlac.com\/semmexico\/wp-content\/uploads\/2019\/09\/WhatsApp-Image-2019-09-13-at-1.36.50-PM-1024x576.jpeg\" alt=\"\" data-id=\"11856\" data-link=\"https:\/\/redsemlac.com\/semmexico\/?attachment_id=11856\" class=\"wp-image-11856\"\/><\/figure><\/li><li class=\"blocks-gallery-item\"><figure><img decoding=\"async\" src=\"https:\/\/redsemlac.com\/semmexico\/wp-content\/uploads\/2019\/09\/WhatsApp-Image-2019-09-13-at-11.43.27-AM-1024x768.jpeg\" alt=\"\" data-id=\"11857\" data-link=\"https:\/\/redsemlac.com\/semmexico\/?attachment_id=11857\" class=\"wp-image-11857\"\/><\/figure><\/li><\/ul>\n\n\n\n<p class=\"wp-block-paragraph\">la violaci\u00f3n sexual de una mujer embarazada que acudi\u00f3 en el turno nocturno a una revisi\u00f3n a la Unidad de Parter\u00eda de la Alameda en Chilpancingo, el pasado 6 de septiembre del a\u00f1o en curso, es muestra de la situaci\u00f3n de violencia en la que las mujeres guerrerenses, se encuentran, se\u00f1al\u00f3 Guti\u00e9rrez Sotelo.&nbsp;<\/p>\n\n\n\n<p class=\"wp-block-paragraph\">Las organizaciones feministas que signan este pronunciamiento, exigen la destituci\u00f3n inmediata del Secretario de Salud Carlos de la Pe\u00f1a Pintos \u201cy de todos y todas las funcionarias que en su quehacer solo simulan acciones para las mujeres, todos y todas quienes ejercen violencia institucional. Necesitamos personas que entiendan que la violencia contra las mujeres solo se detendr\u00e1 cuando existe un alto compromiso y responsabilidad en el encargo, y en Guerrero es urgente renovarse\u201d.<\/p>\n\n\n\n<p class=\"wp-block-paragraph\">Acusan al Secretario de Salud, de haber ordenado al personal a su cargo, a no aplicar la norma 046, negando a las mujeres v\u00edctimas de una violaci\u00f3n,&nbsp;un aborto legal.<\/p>\n\n\n\n<p class=\"wp-block-paragraph\">Tambi\u00e9n exigen, acciones contundentes para evitar que este tipo de sucesos vuelvan a repetirse, atenci\u00f3n integral, urgente y prioritaria para la derechohabiente, con base en la Ley 553 de Acceso de las Mujeres a una Vida Libre de Violencia en Guerrero, &nbsp;la Ley N\u00famero 450 de V\u00edctimas del Estado de Guerrero y la NOM-046-SSA2-2005.<\/p>\n\n\n\n<p class=\"wp-block-paragraph\">Justicia e investigaci\u00f3n expedita de los hechos sin revictimizaci\u00f3n y la mayor sanci\u00f3n que la Ley y el C\u00f3digo Penal se\u00f1alen para el delito tanto para el violador como a la empresa Medical Life; &nbsp;medidas de no repetici\u00f3n, sanci\u00f3n al personal y cuerpo directivo que haya omitido la responsabilidad de aplicar los protocolos correspondientes y de proveer la atenci\u00f3n, el cuidado de la integridad y la seguridad permanentes de las usuarias del centro de salud y su unidad de parter\u00eda \u201cAlameda\u201d, propiciando con su omisi\u00f3n, la comisi\u00f3n del delito.<\/p>\n\n\n\n<p class=\"wp-block-paragraph\">Hasta en tres ocasiones, dio a conocer Guti\u00e9rrez Sotelo, han solicitado por escrito, audiencia con el Secretario de Salud, sin respuesta, en la segunda ocasi\u00f3n, fueron&nbsp;recibidas por la Secretaria de la Mujer, Maira Mart\u00ednez Pineda,&nbsp;quien a su vez, -sin informarles- las llev\u00f3 con el Secretario General de Gobierno, Florencio Salazar Adame, con quien pactaron una ruta de trabajo con la Secretar\u00eda de Salud, sin embargo, a la fecha no han tenido respuesta \u201cno responden a los llamados pero tampoco a hacer las cosas, son omisos, y esa omisi\u00f3n es la que nos tiene marchando y ha exacerbado la violencia hacia las mujeres que nos parece indignante\u201d, acus\u00f3.<\/p>\n","protected":false},"excerpt":{"rendered":"<p> Activistas feministas, marcharon por las principales calles de la capital del Estado, y tomaron de manera simb\u00f3lica las oficinas de las Secretaria de Salud<\/p>\n","protected":false},"author":3,"featured_media":11858,"comment_status":"open","ping_status":"open","sticky":false,"template":"","format":"standard","meta":{"_monsterinsights_skip_tracking":false,"footnotes":""},"categories":[690,54],"tags":[],"class_list":["post-11854","post","type-post","status-publish","format-standard","has-post-thumbnail","category-690","category-mujeres"],"_links":{"self":[{"href":"https:\/\/redsemlac.com\/semmexico\/wp-json\/wp\/v2\/posts\/11854","targetHints":{"allow":["GET"]}}],"collection":[{"href":"https:\/\/redsemlac.com\/semmexico\/wp-json\/wp\/v2\/posts"}],"about":[{"href":"https:\/\/redsemlac.com\/semmexico\/wp-json\/wp\/v2\/types\/post"}],"author":[{"embeddable":true,"href":"https:\/\/redsemlac.com\/semmexico\/wp-json\/wp\/v2\/users\/3"}],"replies":[{"embeddable":true,"href":"https:\/\/redsemlac.com\/semmexico\/wp-json\/wp\/v2\/comments?post=11854"}],"version-history":[{"count":0,"href":"https:\/\/redsemlac.com\/semmexico\/wp-json\/wp\/v2\/posts\/11854\/revisions"}],"wp:featuredmedia":[{"embeddable":true,"href":"https:\/\/redsemlac.com\/semmexico\/wp-json\/wp\/v2\/media\/11858"}],"wp:attachment":[{"href":"https:\/\/redsemlac.com\/semmexico\/wp-json\/wp\/v2\/media?parent=11854"}],"wp:term":[{"taxonomy":"category","embeddable":true,"href":"https:\/\/redsemlac.com\/semmexico\/wp-json\/wp\/v2\/categories?post=11854"},{"taxonomy":"post_tag","embeddable":true,"href":"https:\/\/redsemlac.com\/semmexico\/wp-json\/wp\/v2\/tags?post=11854"}],"curies":[{"name":"wp","href":"https:\/\/api.w.org\/{rel}","templated":true}]}}