{"id":11851,"date":"2019-09-13T20:07:04","date_gmt":"2019-09-13T20:07:04","guid":{"rendered":"https:\/\/redsemlac.com\/semmexico\/?p=11851"},"modified":"2023-07-21T15:10:02","modified_gmt":"2023-07-21T20:10:02","slug":"garantizar-el-libre-acceso-a-playas-mexicanas-pide-senado","status":"publish","type":"post","link":"https:\/\/redsemlac.com\/semmexico\/garantizar-el-libre-acceso-a-playas-mexicanas-pide-senado\/","title":{"rendered":"Garantizar el libre acceso a playas mexicanas pide Senado"},"content":{"rendered":"\n<p class=\"wp-block-paragraph\"><strong>Elda Montiel<\/strong><\/p>\n\n\n\n<p class=\"wp-block-paragraph\">SemM\u00e9xico. Cd. de M\u00e9xico. 11 de septiembre de 2019.- Ante el incremento de personas que ofrecen playas privadas cuando son de uso de bien com\u00fan,&nbsp;el pleno&nbsp;del Senado,&nbsp;solicit\u00f3&nbsp;a la&nbsp;Secretaria de Turismo la realizaci\u00f3n del&nbsp;diagn\u00f3stico que guardan el acceso a las playas de M\u00e9xico.&nbsp;<\/p>\n\n\n\n<p class=\"wp-block-paragraph\">El an\u00e1lisis debe hacer \u00e9nfasis en los casos en que se impida, obstaculice o se viole el derecho de libre acceso. &nbsp;<\/p>\n\n\n\n<p class=\"wp-block-paragraph\">&nbsp;Asimismo, se solicit\u00f3 a la Secretar\u00eda de Medio Ambiente y Recursos Naturales, en colaboraci\u00f3n con la de Turismo, para que garanticen el libre acceso, tr\u00e1nsito o disfrute de las playas de M\u00e9xico a nacionales y extranjeros. Tambi\u00e9n, para que, en caso de violaciones a la ley, procedan conforme a derecho.<\/p>\n\n\n\n<p class=\"wp-block-paragraph\">El presidente de la Comisi\u00f3n de Turismo, Antonio Garc\u00eda Conejo, advirti\u00f3&nbsp;que,&nbsp;ante la falta de una normatividad clara, aument\u00f3 la presencia de particulares que atraen a visitantes mediante ofrecimiento de zonas privilegiadas.<\/p>\n\n\n\n<p class=\"wp-block-paragraph\">Ofertan playas privadas en detrimento de los derechos de terceros.<\/p>\n\n\n\n<p class=\"wp-block-paragraph\">Reiter\u00f3 que&nbsp;ofrecer \u201cplayas privadas\u201d rompe con los postulados legales contra la discriminaci\u00f3n, la exclusi\u00f3n y los privilegios, debido a que dichos lugares son bienes de uso com\u00fan, por lo que afectan a la poblaci\u00f3n local y sus actividades econ\u00f3micas.<\/p>\n\n\n\n<p class=\"wp-block-paragraph\">El legislador, se\u00f1al\u00f3 que M\u00e9xico&nbsp;est\u00e1 entre los primeros lugares con mayor n\u00famero de litorales, por lo que su&nbsp;gran variedad y contrastes han contribuido a un gran crecimiento en materia tur\u00edstica, pero tambi\u00e9n a su exclusividad.&nbsp;<\/p>\n\n\n\n<p class=\"wp-block-paragraph\">Por ello debemos conocer con datos claros, dicha situaci\u00f3n para tomar las medidas necesarias, puntualiz\u00f3.<\/p>\n","protected":false},"excerpt":{"rendered":"<p>Ofrecer \u201cplayas privadas\u201d rompe con los postulados legales contra la discriminaci\u00f3n, la exclusi\u00f3n y los privilegios<\/p>\n","protected":false},"author":3,"featured_media":11852,"comment_status":"open","ping_status":"open","sticky":false,"template":"","format":"standard","meta":{"_monsterinsights_skip_tracking":false,"footnotes":""},"categories":[690,50],"tags":[],"class_list":["post-11851","post","type-post","status-publish","format-standard","has-post-thumbnail","category-690","category-congreso"],"_links":{"self":[{"href":"https:\/\/redsemlac.com\/semmexico\/wp-json\/wp\/v2\/posts\/11851","targetHints":{"allow":["GET"]}}],"collection":[{"href":"https:\/\/redsemlac.com\/semmexico\/wp-json\/wp\/v2\/posts"}],"about":[{"href":"https:\/\/redsemlac.com\/semmexico\/wp-json\/wp\/v2\/types\/post"}],"author":[{"embeddable":true,"href":"https:\/\/redsemlac.com\/semmexico\/wp-json\/wp\/v2\/users\/3"}],"replies":[{"embeddable":true,"href":"https:\/\/redsemlac.com\/semmexico\/wp-json\/wp\/v2\/comments?post=11851"}],"version-history":[{"count":0,"href":"https:\/\/redsemlac.com\/semmexico\/wp-json\/wp\/v2\/posts\/11851\/revisions"}],"wp:featuredmedia":[{"embeddable":true,"href":"https:\/\/redsemlac.com\/semmexico\/wp-json\/wp\/v2\/media\/11852"}],"wp:attachment":[{"href":"https:\/\/redsemlac.com\/semmexico\/wp-json\/wp\/v2\/media?parent=11851"}],"wp:term":[{"taxonomy":"category","embeddable":true,"href":"https:\/\/redsemlac.com\/semmexico\/wp-json\/wp\/v2\/categories?post=11851"},{"taxonomy":"post_tag","embeddable":true,"href":"https:\/\/redsemlac.com\/semmexico\/wp-json\/wp\/v2\/tags?post=11851"}],"curies":[{"name":"wp","href":"https:\/\/api.w.org\/{rel}","templated":true}]}}