{"id":11829,"date":"2019-09-12T20:23:08","date_gmt":"2019-09-12T20:23:08","guid":{"rendered":"https:\/\/redsemlac.com\/semmexico\/?p=11829"},"modified":"2023-07-21T15:10:03","modified_gmt":"2023-07-21T20:10:03","slug":"suspende-universidad-a-coruna-jornadas-sobre-trabajo-sexual","status":"publish","type":"post","link":"https:\/\/redsemlac.com\/semmexico\/suspende-universidad-a-coruna-jornadas-sobre-trabajo-sexual\/","title":{"rendered":"Suspende Universidad A. Coru\u00f1a \u201cjornadas sobre trabajo sexual\u201d"},"content":{"rendered":"\n<p class=\"wp-block-paragraph\"><strong>* La universidad defiende ser un\nespacio \u201cde libre circulaci\u00f3n de ideas<\/strong><\/p>\n\n\n\n<p class=\"wp-block-paragraph\"><strong>* Recibe fuertes cr\u00edticas que aseguran\nque se trata de una promoci\u00f3n de la prostituci\u00f3n<\/strong><\/p>\n\n\n\n<p class=\"wp-block-paragraph\"><strong>Redacci\u00f3n<\/strong><\/p>\n\n\n\n<p class=\"wp-block-paragraph\">SemM\u00e9xico\/AmecoPress,\nMadrid, 12 septiembre 2019.-&nbsp;La Universidad de A Coru\u00f1a ha suspendido unas\njornadas sobre trabajo sexual que se iban a celebrar la pr\u00f3xima semana. Lo ha\ndecidido despu\u00e9s de las fuertes cr\u00edticas de algunos colectivos feministas, que\naseguran que se trata de una promoci\u00f3n de la prostituci\u00f3n, usando dinero\np\u00fablico. <\/p>\n\n\n\n<p class=\"wp-block-paragraph\">En un\u00a0comunicado, la Universidad defiende ser un espacio \u201cde libre circulaci\u00f3n de ideas, foro natural para el debate, libre de censuras y prohibiciones\u00bb pero reconoce que \u201cel fuerte rechazo, hostigamiento y crueldad\u201d que est\u00e1n sufriendo en las redes sociales, las \u201cfalsas informaciones que distorsionan la realidad y los comentarios recibidos\u201d hacen imposible \u201cgarantizar la seguridad del debate ni su calidad acad\u00e9mica\u201d.<\/p>\n\n\n\n<p class=\"wp-block-paragraph\">As\u00ed\npues, la Universidad reconoce que \u201cen esta ocasi\u00f3n no se re\u00fanen las condiciones\nnecesarias y es por eso que nos vemos obligados a rechazar, conjuntamente con\nla Facultad de Sociolog\u00eda, la realizaci\u00f3n en la Universidade da Coru\u00f1a las\nJornadas sobre Trabajo Sexual organizadas por una alumna de la Facultad de\nSociolog\u00eda. Esperamos que en el futuro se pueda debatir sobre \u00e9ste y cualquier\notro tema con el respeto que merece una instituci\u00f3n de educaci\u00f3n superior\u201d.<\/p>\n\n\n\n<p class=\"wp-block-paragraph\">El\ncomunicado, que se inicia con una declaraci\u00f3n a favor de los objetivos del\nPacto de Estado contra la Violencia de G\u00e9nero, el rechazo a cualquier tipo de\ndiscriminaci\u00f3n y explotaci\u00f3n de la mujer, \u201cen especial la prostituci\u00f3n como\nclara expresi\u00f3n de explotaci\u00f3n sexual\u201d y la defensa del \u201cincuestionable\ncompromiso\u201d de la Universidade da Coru\u00f1a con el feminismo, sostiene que \u201cel\ndebate de la reglamentaci\u00f3n o aceptaci\u00f3n de la prostituci\u00f3n como trabajo sexual\n(la ONU y Amnist\u00eda Internacional lo reconocen como tal) y de c\u00f3mo se protegen\nlos derechos de las personas que, lamentablemente, sufren esta explotaci\u00f3n\nsexual est\u00e1 en el propio movimiento feminista. Este debate no es exclusivo de\nla universidad sino de la sociedad y debe tener un foro abierto en el que poder\ntratarlo con el sosiego que ahora falta\u201d.<\/p>\n\n\n\n<p class=\"wp-block-paragraph\">Tambi\u00e9n\neste mi\u00e9rcoles se hac\u00eda p\u00fablico un&nbsp;<a href=\"https:\/\/libertadenlauniversidad.wordpress.com\/\">manifiesto<\/a>&nbsp;en el que\nprofesoras, catedr\u00e1ticas e investigadoras del \u00e1mbito acad\u00e9mico nacional e\ninternacional, gran parte de ellas vinculadas al feminismo, defienden el\nderecho a \u201cdebatir en la universidad y en todas partes\u00bb.<\/p>\n\n\n\n<p class=\"wp-block-paragraph\">En\nlas jornadas iban a participar profesoras de sociolog\u00eda y antropolog\u00eda,\nprostitutas y exprostitutas, y activistas de la organizaci\u00f3n OTRAS (cuyos\nestatutos como sindicato anul\u00f3 la Audiencia Nacional). Las docentes y\nactivistas que han firmado el comunicado a favor de la celebraci\u00f3n del evento\nrecuerdan que \u201cla prostituci\u00f3n es un tema de investigaci\u00f3n en ciencias sociales\nque ya tiene una larga tradici\u00f3n, de hecho, la propia Facultad de Sociolog\u00eda de\nla Universidade da Coru\u00f1a lleva m\u00e1s de veinte a\u00f1os produciendo conocimiento\nsobre la cuesti\u00f3n y varias docentes han publicado art\u00edculos y participado en\ninvestigaciones cient\u00edficas de reconocido prestigio sobre esta tem\u00e1tica sobre\nla que no hay acuerdo tampoco en el propio \u00e1mbito universitario\u201d.<\/p>\n\n\n\n<p class=\"wp-block-paragraph\">\u201cComo\ntampoco hay acuerdo entre las que nos consideramos feministas y en el propio\nmovimiento feminista donde hay diversidad de opiniones sobre la prostituci\u00f3n y\nsobre c\u00f3mo encararla desde las instituciones\u201d, explican, recordando situaciones\nque se han ido produciendo con motivo de las ordenanzas municipales, con la\nprohibici\u00f3n de la sindicaci\u00f3n de trabajadoras sexuales, con motivo de una\nmanifestaci\u00f3n en la ciudad de Barcelona. \u201cAcallar un debate y cerrarlo en falso\nnunca puede ser una buena idea, m\u00e1s bien deber\u00edamos reconocer su importancia y\ngenerar m\u00e1s lugares de encuentro donde poder contribuir a construir una opini\u00f3n\np\u00fablica informada con suficiente conocimiento para avanzar en consensuar\nposturas\u201d, advierten.<\/p>\n\n\n\n<p class=\"wp-block-paragraph\"><strong>Di\u00e1logo plural<\/strong><\/p>\n\n\n\n<p class=\"wp-block-paragraph\">Las\nfirmantes denuncian que este tipo de prohibiciones \u201cacaban por imponer una\nfalsa polarizaci\u00f3n donde parece que solo son posibles dos posturas\n(abolicionista o proderechos), cuando el propio sentido de lo que significa una\ny otra posici\u00f3n no est\u00e1n cerrados, sino que bajo estas etiquetas se esconde una\npluralidad de posiciones y propuestas\u201d. Y argumentan que desplegar esa pluralidad\nsolo es posible en \u201cdebates sosegados\u201d donde se pueda abordar la cuesti\u00f3n con\ntoda la \u201ccomplejidad\u201d que requiere. \u201cNo se debe simplificar ni obligar a\nposicionarse de uno u otro lado\u201d, demandan quienes firman el manifiesto, que\ntambi\u00e9n tienen opiniones diversas sobre la cuesti\u00f3n.<\/p>\n\n\n\n<p class=\"wp-block-paragraph\">Para\nlas autoras del manifiesto lanzado este mi\u00e9rcoles cancelar estas jornadas\nsupone una \u201cgrave vulneraci\u00f3n del derecho a la libertad de expresi\u00f3n\u201d en el\n\u00e1mbito universitario, hace \u201cpeligrar la libertad de c\u00e1tedra y de investigaci\u00f3n\nconsagradas en la Constituci\u00f3n\u201d y va en \u201cgrave perjuicio de los derechos\nconquistados\u201d en un lugar de especial importancia social para la producci\u00f3n de\nconocimiento como es la Universidad.<\/p>\n\n\n\n<p class=\"wp-block-paragraph\">SEM-Ameco<\/p>\n","protected":false},"excerpt":{"rendered":"<p>La universidad defiende ser un espacio \u201cde libre circulaci\u00f3n de ideas<\/p>\n","protected":false},"author":3,"featured_media":11830,"comment_status":"open","ping_status":"open","sticky":false,"template":"","format":"standard","meta":{"_monsterinsights_skip_tracking":false,"footnotes":""},"categories":[690,53],"tags":[],"class_list":["post-11829","post","type-post","status-publish","format-standard","has-post-thumbnail","category-690","category-internacional"],"_links":{"self":[{"href":"https:\/\/redsemlac.com\/semmexico\/wp-json\/wp\/v2\/posts\/11829","targetHints":{"allow":["GET"]}}],"collection":[{"href":"https:\/\/redsemlac.com\/semmexico\/wp-json\/wp\/v2\/posts"}],"about":[{"href":"https:\/\/redsemlac.com\/semmexico\/wp-json\/wp\/v2\/types\/post"}],"author":[{"embeddable":true,"href":"https:\/\/redsemlac.com\/semmexico\/wp-json\/wp\/v2\/users\/3"}],"replies":[{"embeddable":true,"href":"https:\/\/redsemlac.com\/semmexico\/wp-json\/wp\/v2\/comments?post=11829"}],"version-history":[{"count":0,"href":"https:\/\/redsemlac.com\/semmexico\/wp-json\/wp\/v2\/posts\/11829\/revisions"}],"wp:featuredmedia":[{"embeddable":true,"href":"https:\/\/redsemlac.com\/semmexico\/wp-json\/wp\/v2\/media\/11830"}],"wp:attachment":[{"href":"https:\/\/redsemlac.com\/semmexico\/wp-json\/wp\/v2\/media?parent=11829"}],"wp:term":[{"taxonomy":"category","embeddable":true,"href":"https:\/\/redsemlac.com\/semmexico\/wp-json\/wp\/v2\/categories?post=11829"},{"taxonomy":"post_tag","embeddable":true,"href":"https:\/\/redsemlac.com\/semmexico\/wp-json\/wp\/v2\/tags?post=11829"}],"curies":[{"name":"wp","href":"https:\/\/api.w.org\/{rel}","templated":true}]}}