{"id":11826,"date":"2019-09-12T20:12:55","date_gmt":"2019-09-12T20:12:55","guid":{"rendered":"https:\/\/redsemlac.com\/semmexico\/?p=11826"},"modified":"2023-07-21T15:10:03","modified_gmt":"2023-07-21T20:10:03","slug":"comienza-la-liga-con-la-igualdad-como-objetivo","status":"publish","type":"post","link":"https:\/\/redsemlac.com\/semmexico\/comienza-la-liga-con-la-igualdad-como-objetivo\/","title":{"rendered":"Comienza la Liga con la igualdad como objetivo"},"content":{"rendered":"\n<p class=\"wp-block-paragraph\"><strong>* 16 equipos luchar\u00e1n por el t\u00edtulo<\/strong><\/p>\n\n\n\n<p class=\"wp-block-paragraph\"><strong>* La Primera Iberdrola ser\u00e1 m\u00e1s\nprofesional, tendr\u00e1 m\u00e1s visibilidad televisiva <\/strong><\/p>\n\n\n\n<p class=\"wp-block-paragraph\"><strong>Carolina Dom\u00ednguez Gonz\u00e1lez-Besada<\/strong><\/p>\n\n\n\n<p class=\"wp-block-paragraph\">SemM\u00e9xico\/\nAmecoPress, Madrid, 12 septiembre 2019.-&nbsp;La Liga femenina de f\u00fatbol tiene\nnombre propio desde esta temporada: Primera Iberdrola. Los primeros partidos se\njugaron el pasado 7 de septiembre con nuevos objetivos e ilusiones, desde que\nla&nbsp;<a href=\"http:\/\/www.rfef.es\/\">Federaci\u00f3n Espa\u00f1ola (RFEF)<\/a>&nbsp;adquiri\u00f3 las\ncompetencias para su organizaci\u00f3n. Con el \u00e9xito del pasado Mundial y el auge\nque ha experimentado en el \u00faltimo a\u00f1o, las futbolistas se preparan para darlo\ntodo en esta nueva Liga.<\/p>\n\n\n\n<p class=\"wp-block-paragraph\">Es\nevidente que la Primera Iberdrola tiene cada vez m\u00e1s afici\u00f3n. Tras el gran\ntriunfo de la semifinal de la Copa de la Reina, que consigui\u00f3 llenar hasta la\nbandera el Estadio San Mam\u00e9s, y la gran importancia que tuvo Espa\u00f1a en el\nMundial de Francia 2019 queda claro que la 32\u00aa edici\u00f3n de la Liga femenina de\nf\u00fatbol va a ser la de m\u00e1s notoriedad y la m\u00e1s vista de la historia de nuestro\npa\u00eds. La competici\u00f3n est\u00e1 entre 16 equipos que van a pelear para ganar la Liga,\nla Copa de la Reina y, como nueva incorporaci\u00f3n de este a\u00f1o, la Supercopa.<\/p>\n\n\n\n<p class=\"wp-block-paragraph\">Desde\nla&nbsp;<a href=\"http:\/\/www.afe-futbol.com\/web\/\">Asociaci\u00f3n de Futbolistas Espa\u00f1oles<\/a>&nbsp;quieren\nprofesionalizar la Liga lo m\u00e1ximo posible para que la administraci\u00f3n sea\nconsciente de que la igualdad ha de ser una apuesta comprometida. Para ello,\nseg\u00fan anunci\u00f3 la Federaci\u00f3n, en esta campa\u00f1a se destinar\u00e1n 20 millones de euros\nde forma directa, que se sumar\u00e1n a las ayudas otorgadas por las territoriales.\nAdem\u00e1s, tambi\u00e9n se estrena este curso el \u00abPrograma \u00c9lite Femenina\u00bb a trav\u00e9s del\ncual, los clubes que se unan a \u00e9l, recibir\u00e1n un m\u00ednimo de 500.000 euros anuales\nen la Primera Iberdrola y 100.000 euros al a\u00f1o los equipos del Reto Iberdrola.<\/p>\n\n\n\n<p class=\"wp-block-paragraph\">Toda\nla atenci\u00f3n que est\u00e1 recibiendo en los \u00faltimos meses se est\u00e1 notando en un\nn\u00famero cada vez m\u00e1s alto de fichajes, entre los cuales cada vez hay m\u00e1s inter\u00e9s\nen jugadoras extranjeras. Lo mejor de todos estos avances es que, gracias al\nrenovado y mejorado mundo futbol\u00edstico en Espa\u00f1a, las futbolistas nacionales\nque hab\u00edan tenido que irse a pa\u00edses con mejores condiciones podr\u00e1n regresar\npara debutar en la Primera Iberdrola y cumplir su sue\u00f1o aqu\u00ed.<\/p>\n\n\n\n<p class=\"wp-block-paragraph\">Otro\nde los objetivos para esta temporada es continuar aumentando la visibilidad de\nlos partidos. Cada jornada contar\u00e1 con tres partidos transmitidos en canales de\nm\u00e1xima audiencia y, adem\u00e1s, a trav\u00e9s de plataformas online. La segunda\ndivisi\u00f3n, Reto Iberdrola, tambi\u00e9n tendr\u00e1 al menos tres encuentros televisados.\nPoco a poco se va consiguiendo y hay m\u00e1s inter\u00e9s por parte de las televisiones\npara emitir los partidos. Eso se refleja, por ejemplo, en el concurso p\u00fablico\nque organiz\u00f3 la Asociaci\u00f3n de Clubes de F\u00fatbol Femenino para adquirir los\nDerechos de explotaci\u00f3n audiovisual, el cual gan\u00f3 MediaPro pagando 9 millones\nde euros. Todo esto era inimaginable hace tan solo cinco a\u00f1os, hoy ya es una\nrealidad gracias a todas las futbolistas que llevan a\u00f1os luchando.<\/p>\n\n\n\n<p class=\"wp-block-paragraph\"><strong>Negociaci\u00f3n por un Convenio Colectivo<\/strong><\/p>\n\n\n\n<p class=\"wp-block-paragraph\">Ahora\nuno de los mayores retos, que a\u00fan les queda por cumplir, es el de alcanzar\nun&nbsp;<a href=\"https:\/\/asociacioncff.com\/noticia\/nota-informativa-convenio\">Convenio Colectivo de F\u00fatbol Femenino<\/a>. S\u00ed es verdad que hay\nmuchas jugadoras de la m\u00e1xima categor\u00eda que cuentan con el privilegio de un\ncontrato, pero estas a\u00fan son la minor\u00eda. Y es que a\u00fan quedan muchos goles por\nmarcar en esta lucha por hacer del f\u00fatbol femenino lo que se merece. Hay que\ncontinuar con el aumento de la visibilidad, sobre todo para que las ni\u00f1as de\nhoy en d\u00eda tengan sus referentes en los que apoyarse y poder verse en un\nfuturo. Jugadoras que aporten la tan necesaria normalidad a las peque\u00f1as que\nquieren llegar a ser futbolistas profesionales, sin pasar por las dificultades\nque hasta ahora se han visto todas las deportistas apasionadas de este deporte.<\/p>\n\n\n\n<p class=\"wp-block-paragraph\">SEM-Ameco\/cdg<\/p>\n","protected":false},"excerpt":{"rendered":"<p>16 equipos luchar\u00e1n por el t\u00edtulo<\/p>\n","protected":false},"author":3,"featured_media":11827,"comment_status":"open","ping_status":"open","sticky":false,"template":"","format":"standard","meta":{"_monsterinsights_skip_tracking":false,"footnotes":""},"categories":[690,53],"tags":[],"class_list":["post-11826","post","type-post","status-publish","format-standard","has-post-thumbnail","category-690","category-internacional"],"_links":{"self":[{"href":"https:\/\/redsemlac.com\/semmexico\/wp-json\/wp\/v2\/posts\/11826","targetHints":{"allow":["GET"]}}],"collection":[{"href":"https:\/\/redsemlac.com\/semmexico\/wp-json\/wp\/v2\/posts"}],"about":[{"href":"https:\/\/redsemlac.com\/semmexico\/wp-json\/wp\/v2\/types\/post"}],"author":[{"embeddable":true,"href":"https:\/\/redsemlac.com\/semmexico\/wp-json\/wp\/v2\/users\/3"}],"replies":[{"embeddable":true,"href":"https:\/\/redsemlac.com\/semmexico\/wp-json\/wp\/v2\/comments?post=11826"}],"version-history":[{"count":0,"href":"https:\/\/redsemlac.com\/semmexico\/wp-json\/wp\/v2\/posts\/11826\/revisions"}],"wp:featuredmedia":[{"embeddable":true,"href":"https:\/\/redsemlac.com\/semmexico\/wp-json\/wp\/v2\/media\/11827"}],"wp:attachment":[{"href":"https:\/\/redsemlac.com\/semmexico\/wp-json\/wp\/v2\/media?parent=11826"}],"wp:term":[{"taxonomy":"category","embeddable":true,"href":"https:\/\/redsemlac.com\/semmexico\/wp-json\/wp\/v2\/categories?post=11826"},{"taxonomy":"post_tag","embeddable":true,"href":"https:\/\/redsemlac.com\/semmexico\/wp-json\/wp\/v2\/tags?post=11826"}],"curies":[{"name":"wp","href":"https:\/\/api.w.org\/{rel}","templated":true}]}}