{"id":11822,"date":"2019-09-12T20:04:38","date_gmt":"2019-09-12T20:04:38","guid":{"rendered":"https:\/\/redsemlac.com\/semmexico\/?p=11822"},"modified":"2023-07-21T15:10:03","modified_gmt":"2023-07-21T20:10:03","slug":"presentan-cartas-vivas-proyectos-que-hacen-visible-lo-invisible","status":"publish","type":"post","link":"https:\/\/redsemlac.com\/semmexico\/presentan-cartas-vivas-proyectos-que-hacen-visible-lo-invisible\/","title":{"rendered":"Presentan Cartas Vivas: \u201cProyectos que hacen visible lo invisible\u201d"},"content":{"rendered":"\n<ul class=\"wp-block-list\"><li>Es u<strong>n proyecto con intenci\u00f3n pedag\u00f3gica, literaria e hist\u00f3rica<\/strong><\/li><\/ul>\n\n\n\n<ul class=\"wp-block-list\"><li><strong> Aprender y empaparse de mujeres hist\u00f3ricas: Carmen Laforet, Hildegart Rodr\u00edguez y Pilar Primo de Rivera<\/strong><\/li><\/ul>\n\n\n\n<p class=\"wp-block-paragraph\"><strong>Roc\u00edo Cabello Blanes<\/strong><\/p>\n\n\n\n<p class=\"wp-block-paragraph\">SemM\u00e9xico\/\nAmecoPress, Madrid, 12 septiembre 2019.-&nbsp;Paula Ortiz y Nuria\nCapdevila-Arg\u00fcelles han presentado hoy el proyecto Cartas Vivas, organizado por\nla Universidad de Barcelona y la Universidad de Exeter, con la financiaci\u00f3n de\nla Fundaci\u00f3n Banco Santander.<\/p>\n\n\n\n<p class=\"wp-block-paragraph\">Las\ncabezas del proyecto, Paula Ortiz y Nuria Capdevila-Arg\u00fcelles, tuvieron la idea\nde este proyecto a partir de publicar \u201cDe coraz\u00f3n y alma\u201d, la recopilaci\u00f3n de\ncartas de Carmen Laforet. Decidieron ir un paso m\u00e1s all\u00e1 y crear unas c\u00e1psulas\naudiovisuales interpretadas por diferentes actrices a partir de textos\nescondidos del siglo XX, todas con subt\u00edtulos en ingl\u00e9s. La intenci\u00f3n es hacer\nun proyecto con intenci\u00f3n pedag\u00f3gica, literaria e hist\u00f3rica recogidas en\npeque\u00f1as dosis audiovisuales.<\/p>\n\n\n\n<p class=\"wp-block-paragraph\">Alumnas\ny alumnos del grado de comunicaci\u00f3n de estas universidades graban, montan y\neditan los v\u00eddeos, bajo la supervisi\u00f3n de las profesoras y cineastas que\ndirigen el proyecto. Las actrices admiten aprovechar para tambi\u00e9n aprender y\nempaparse de las historias de estas mujeres hist\u00f3ricas que, inciden, han sido\nsilenciadas durante a\u00f1os. Como dec\u00eda Mari\u00e1n \u00c1lvarez, que interpreta a Carmen\nLaforet, \u201cnunca hay que tapar las palabras, nos guste o no lo que dicen, eso\ndeber\u00eda ser el Padre Nuestro de la sociedad, as\u00ed no nos pondr\u00edamos a pegar\ntiros\u201d.<\/p>\n\n\n\n<p class=\"wp-block-paragraph\">El\nproyecto se lanzar\u00e1 en triadas de c\u00e1psulas, bas\u00e1ndose en tres cartas cada una\nde ellas. De esta forma, aseguran, la continuidad del proyecto ser\u00e1 m\u00e1s\nsostenible y podr\u00e1 ser m\u00e1s duradero en el tiempo, ya que su intenci\u00f3n es que\nsea infinito. Esta primera triada recoge las historias de Carmen Laforet\n(interpretada por Mari\u00e1n \u00c1lvarez), Hildegart Rodr\u00edguez (Sandra Escacena) y\nPilar Primo de Rivera (Consuelo Trujillo).<\/p>\n\n\n\n<p class=\"wp-block-paragraph\">La\nintenci\u00f3n de las directoras del proyecto no es s\u00f3lo visibilizar a estas mujeres\nhist\u00f3ricas, sino tambi\u00e9n hacer un legado pedag\u00f3gico y educativo que pueda\nutilizarse en las universidades con el alumnado, como dec\u00eda Nuria Capdevila \u201cel\nobjetivo es una gran aula\u201d.<\/p>\n\n\n\n<p class=\"wp-block-paragraph\">Definen\na las mujeres que seleccionan para contar sus historias como \u201cprecursoras,\nvisionarias, pioneras y parad\u00f3jicas\u201d, pretendiendo mostrar la tensi\u00f3n de ser\nquienes fueron, as\u00ed como entender nuestra cultura y situarla en el hoy.<\/p>\n\n\n\n<p class=\"wp-block-paragraph\">Paula\nOrtiz recalca la importancia de sacar a la luz la \u201cconstrucci\u00f3n callada de las\nmujeres\u201d que a lo largo de la historia han sido silenciadas y desarrollaron su\ntalento en la intimidad, de esta forma no las descubrimos hasta que pudimos ver\nsus cartas o diarios.<\/p>\n\n\n\n<p class=\"wp-block-paragraph\">La\nintenci\u00f3n de las c\u00e1psulas es entender a estas pensadoras de una forma m\u00e1s\nprofunda, a trav\u00e9s de su intimidad pero destacando su obra profesional y no sus\nvidas privadas. Destaca la urgencia por \u201cno perder los archivos, recuperarlos\nde forma decidida\u201d. Se podr\u00e1 ver el proyecto en la web de cartasvivas.org.<\/p>\n\n\n\n<p class=\"wp-block-paragraph\">SEM-Ameco\/rcb<\/p>\n","protected":false},"excerpt":{"rendered":"<p>Aprender y empaparse de mujeres hist\u00f3ricas: Carmen Laforet, Hildegart Rodr\u00edguez y Pilar Primo de Rivera<\/p>\n","protected":false},"author":3,"featured_media":11823,"comment_status":"open","ping_status":"open","sticky":false,"template":"","format":"standard","meta":{"_monsterinsights_skip_tracking":false,"footnotes":""},"categories":[690,53],"tags":[],"class_list":["post-11822","post","type-post","status-publish","format-standard","has-post-thumbnail","category-690","category-internacional"],"_links":{"self":[{"href":"https:\/\/redsemlac.com\/semmexico\/wp-json\/wp\/v2\/posts\/11822","targetHints":{"allow":["GET"]}}],"collection":[{"href":"https:\/\/redsemlac.com\/semmexico\/wp-json\/wp\/v2\/posts"}],"about":[{"href":"https:\/\/redsemlac.com\/semmexico\/wp-json\/wp\/v2\/types\/post"}],"author":[{"embeddable":true,"href":"https:\/\/redsemlac.com\/semmexico\/wp-json\/wp\/v2\/users\/3"}],"replies":[{"embeddable":true,"href":"https:\/\/redsemlac.com\/semmexico\/wp-json\/wp\/v2\/comments?post=11822"}],"version-history":[{"count":0,"href":"https:\/\/redsemlac.com\/semmexico\/wp-json\/wp\/v2\/posts\/11822\/revisions"}],"wp:featuredmedia":[{"embeddable":true,"href":"https:\/\/redsemlac.com\/semmexico\/wp-json\/wp\/v2\/media\/11823"}],"wp:attachment":[{"href":"https:\/\/redsemlac.com\/semmexico\/wp-json\/wp\/v2\/media?parent=11822"}],"wp:term":[{"taxonomy":"category","embeddable":true,"href":"https:\/\/redsemlac.com\/semmexico\/wp-json\/wp\/v2\/categories?post=11822"},{"taxonomy":"post_tag","embeddable":true,"href":"https:\/\/redsemlac.com\/semmexico\/wp-json\/wp\/v2\/tags?post=11822"}],"curies":[{"name":"wp","href":"https:\/\/api.w.org\/{rel}","templated":true}]}}