{"id":11818,"date":"2019-09-12T19:58:56","date_gmt":"2019-09-12T19:58:56","guid":{"rendered":"https:\/\/redsemlac.com\/semmexico\/?p=11818"},"modified":"2023-07-21T15:10:03","modified_gmt":"2023-07-21T20:10:03","slug":"construir-instituciones-incluyentes-propone-patricia-mercado","status":"publish","type":"post","link":"https:\/\/redsemlac.com\/semmexico\/construir-instituciones-incluyentes-propone-patricia-mercado\/","title":{"rendered":"Construir instituciones incluyentes, propone Patricia Mercado"},"content":{"rendered":"\n<p class=\"wp-block-paragraph\"><strong>*\nRealizan en el Senado el Foro M\u00e9xico Unido por la Salud de todas las Personas<\/strong><\/p>\n\n\n\n<p class=\"wp-block-paragraph\"><strong>*\nEl sistema de salud reproduce inequidades sociales: Morales Fuhrimann<\/strong><\/p>\n\n\n\n<p class=\"wp-block-paragraph\"><strong>Elda\nMontiel<\/strong><\/p>\n\n\n\n<p class=\"wp-block-paragraph\">SemM\u00e9xico, Cd. de M\u00e9xico, 12\nseptiembre 2019.- Las instituciones de salud no son ajenas a los prejuicios,\nlos intereses y la desigualdad que existe en una sociedad, el planteamiento es\nmirar de manera distinta diversos problemas que aquejan a la sociedad a trav\u00e9s\nde las ciencias y la perspectiva de derechos humanos en el \u00e1rea de salud,\nse\u00f1al\u00f3 la senadora Patricia Mercado Castro.<\/p>\n\n\n\n<p class=\"wp-block-paragraph\">Destac\u00f3 que es crucial que en una\ndemocracia se construyan reglas e instituciones incluyentes que resuelvan de\nfondo las deficiencias de la atenci\u00f3n de la salud que provienen de creencias,\npreceptos morales particulares y una estructura social que genera desigualdad.<\/p>\n\n\n\n<p class=\"wp-block-paragraph\">Al llevarse a cabo el Foro M\u00e9xico\nUnido por la Salud de todas las Personas, organizado por la senadora Mercado\nCastro, integrante de la Comisi\u00f3n de Salud, en el que se abordaron temas como\nla pol\u00edtica de drogas, muerte digna, la salud mental y sexual, dijo estar\nconvencida de que diversos problemas p\u00fablicos de la actualidad requieren verse\nenteramente como asuntos de salud. <\/p>\n\n\n\n<p class=\"wp-block-paragraph\">Asimismo, hizo un llamado a canalizar\nlos recursos p\u00fablicos de manera m\u00e1s eficiente y celebr\u00f3 el esfuerzo de\ndistintas organizaciones de la sociedad civil, el gremio acad\u00e9mico y fuerzas\npol\u00edticas para desprender de este foro diversas propuestas legislativas que\nayuden a hacer de la salud un derecho de todas y todos en M\u00e9xico.<\/p>\n\n\n\n<p class=\"wp-block-paragraph\">Por su parte, el senador Miguel \u00c1ngel\nNavarro, presidente de la Comisi\u00f3n de Salud, expuso que en materia de salud\nnada se debe estigmatizar. \u201cHoy en d\u00eda no debe haber tab\u00faes, debemos oxigenar\nla vida de M\u00e9xico haciendo del problema de uno, la oportunidad de todos\u201d. <\/p>\n\n\n\n<figure class=\"wp-block-image\"><img decoding=\"async\" src=\"https:\/\/redsemlac.com\/semmexico\/wp-content\/uploads\/2019\/09\/3-PMC_FOROSALUD_11_09_19-1024x682.jpg\" alt=\"\" class=\"wp-image-11820\"\/><\/figure>\n\n\n\n<p class=\"wp-block-paragraph\"><strong>Se\nreproducen inequidades en el sistema de salud<\/strong><\/p>\n\n\n\n<p class=\"wp-block-paragraph\">La conferencia magistral El Derecho a\nla Salud, un Derecho para todas las Personas: Oportunidades y retos, Cristian\nRoberto Morales Fuhrimann, representante de la OMS en M\u00e9xico, advirti\u00f3 que el\nsistema de salud reproduce inequidades sociales, por lo que no basta con el\nobjetivo de cobertura universal, sino se debe aspirar al acceso efectivo a los\nservicios y pol\u00edticas de salud.<\/p>\n\n\n\n<p class=\"wp-block-paragraph\">Lourdes Angulo, de la Comisi\u00f3n\nNacional para Prevenir y Erradicar la Violencia contra las Mujeres, se\u00f1al\u00f3 es\nun problema interseccional de salud y refiri\u00f3 que la prevalencia de violencia\nsexual en M\u00e9xico es de alrededor del 63 por ciento, por lo cual es urgente que\nse empiecen a crear estrategias de incidencia para contrarrestar esta\nproblem\u00e1tica que afecta en su mayor\u00eda a las mujeres m\u00e1s pobres.<\/p>\n\n\n\n<p class=\"wp-block-paragraph\">Asimismo, Mar\u00eda Elena Medina Mora del\nINPREM, subray\u00f3 la necesidad de contar con un sistema que ayude a reducir la\nbrecha de atenci\u00f3n a la salud mental, pese a tener los mismos factores de\nriesgo que las enfermedades cr\u00f3nicas no se le da la misma importancia ni se\nconsidera el alto costo que tiene.<\/p>\n\n\n\n<p class=\"wp-block-paragraph\">El Foro se realiz\u00f3 con el objetivo de\nfomentar el intercambio de ideas, contar con perspectivas no discriminatorias y\npara alimentar la discusi\u00f3n legislativa y de pol\u00edticas p\u00fablicas que ayuden a\ngarantizar el derecho a la salud frente a la diversidad humana.<\/p>\n\n\n\n<p class=\"wp-block-paragraph\">Presentes estuvieron adem\u00e1s la\nsenadora M\u00f3nica Fern\u00e1ndez, presidenta de la Mesa Directiva; la senadora Martha\nLuc\u00eda Micher, presidenta de la Comisi\u00f3n para la Igualdad de G\u00e9nero, y las senadoras\nLilia Margarita Valdez y Eva Eugenia Galaz, as\u00ed como el senador Am\u00e9rico\nVillarreal, integrantes de la Comisi\u00f3n de Salud. <\/p>\n\n\n\n<p class=\"wp-block-paragraph\">En las mesas de discusi\u00f3n participaron\nTania Ram\u00edrez, representante de CONAPRED;M\u00f3nica Yerena Su\u00e1rez, de REDIM; \u00c1ngela\nGuerrero Alc\u00e1ntara, de Equis Justicia para las Mujeres; Eduardo Madrigal de\nLe\u00f3n y Gerhard Heinze Martin, del Instituto Nacional de Psiquiatr\u00eda \u201cDr. Ram\u00f3n\nde la Fuente Mu\u00f1iz\u201d; &nbsp;Gabriela C\u00e1mara\nC\u00e1ceres, del grupo Voz Pro Salud Mental; Arel\u00ed Cer\u00f3n S\u00e1nchez de CONBIO\u00c9TICA; Paulina\nCapdevielle y Asunci\u00f3n \u00c1lvarez del R\u00edo, de la UNAM; <\/p>\n\n\n\n<p class=\"wp-block-paragraph\">Fernanda Cobo-Armijo, del INSP;\nLourdes Enr\u00edquez Rosas, de la UNAM, y Mariana Barraza-Llor\u00e9ns, investigadora\nindependiente.<\/p>\n\n\n\n<p class=\"wp-block-paragraph\">SEM\/em\/sj<\/p>\n","protected":false},"excerpt":{"rendered":"<p>Realizan en el Senado el Foro M\u00e9xico Unido por la Salud de todas las Personas<\/p>\n","protected":false},"author":3,"featured_media":11819,"comment_status":"open","ping_status":"open","sticky":false,"template":"","format":"standard","meta":{"_monsterinsights_skip_tracking":false,"footnotes":""},"categories":[690,50],"tags":[],"class_list":["post-11818","post","type-post","status-publish","format-standard","has-post-thumbnail","category-690","category-congreso"],"_links":{"self":[{"href":"https:\/\/redsemlac.com\/semmexico\/wp-json\/wp\/v2\/posts\/11818","targetHints":{"allow":["GET"]}}],"collection":[{"href":"https:\/\/redsemlac.com\/semmexico\/wp-json\/wp\/v2\/posts"}],"about":[{"href":"https:\/\/redsemlac.com\/semmexico\/wp-json\/wp\/v2\/types\/post"}],"author":[{"embeddable":true,"href":"https:\/\/redsemlac.com\/semmexico\/wp-json\/wp\/v2\/users\/3"}],"replies":[{"embeddable":true,"href":"https:\/\/redsemlac.com\/semmexico\/wp-json\/wp\/v2\/comments?post=11818"}],"version-history":[{"count":0,"href":"https:\/\/redsemlac.com\/semmexico\/wp-json\/wp\/v2\/posts\/11818\/revisions"}],"wp:featuredmedia":[{"embeddable":true,"href":"https:\/\/redsemlac.com\/semmexico\/wp-json\/wp\/v2\/media\/11819"}],"wp:attachment":[{"href":"https:\/\/redsemlac.com\/semmexico\/wp-json\/wp\/v2\/media?parent=11818"}],"wp:term":[{"taxonomy":"category","embeddable":true,"href":"https:\/\/redsemlac.com\/semmexico\/wp-json\/wp\/v2\/categories?post=11818"},{"taxonomy":"post_tag","embeddable":true,"href":"https:\/\/redsemlac.com\/semmexico\/wp-json\/wp\/v2\/tags?post=11818"}],"curies":[{"name":"wp","href":"https:\/\/api.w.org\/{rel}","templated":true}]}}