{"id":11810,"date":"2019-09-12T19:44:57","date_gmt":"2019-09-12T19:44:57","guid":{"rendered":"https:\/\/redsemlac.com\/semmexico\/?p=11810"},"modified":"2023-07-21T15:10:03","modified_gmt":"2023-07-21T20:10:03","slug":"urge-revertir-el-recurso-presupuestal-en-avg-fundar","status":"publish","type":"post","link":"https:\/\/redsemlac.com\/semmexico\/urge-revertir-el-recurso-presupuestal-en-avg-fundar\/","title":{"rendered":"Urge revertir el recurso presupuestal en AVG: FUNDAR"},"content":{"rendered":"\n<p class=\"wp-block-paragraph\"><strong>* Paquete econ\u00f3mico prev\u00e9 11 % menos de recursos<\/strong><\/p>\n\n\n\n<p class=\"wp-block-paragraph\"><strong>* Indispensable garantizar los recursos a 295 municipios con alertas<\/strong><\/p>\n\n\n\n<p class=\"wp-block-paragraph\"><strong>Elda Montiel <\/strong><\/p>\n\n\n\n<p class=\"wp-block-paragraph\">SemM\u00e9xico, Cd. de M\u00e9xico, 12 septiembre 2019.- Urgente\nrevertir el recorte presupuestal del 11 por ciento para atender las acciones\nrelacionadas con las alertas de violencia de g\u00e9nero contra las mujeres, que se\nprev\u00e9 en la propuesta del paquete econ\u00f3mico para el ejercicio fiscal 2020 (PEF\n2020) que habr\u00e1 de revisar la C\u00e1mara de Diputados, propuso FUNDAR.<\/p>\n\n\n\n<p class=\"wp-block-paragraph\">Recorte presupuestal que se plantea a pesar de que,\nen los primeros seis meses de este a\u00f1o, mil 812 mujeres fueron asesinadas en el\npa\u00eds, 10 mujeres al d\u00eda, de las cuales m\u00e1s de 448 fueron considerados como\nfeminicidios. <\/p>\n\n\n\n<p class=\"wp-block-paragraph\">As\u00ed lo dijo, Cecilia Toledo Escobar, del Centro de\nan\u00e1lisis e Investigaci\u00f3n (FUNDAR), en su intervenci\u00f3n en la Conferencia\nNacional de Legisladoras en la C\u00e1mara de Diputados, quien explic\u00f3 que la\ndisminuci\u00f3n significa pasar de 123 millones 594 mil 364 pesos (del ejercicio\n2019) a 110 millones 188 mil 312 pesos para 2020. <\/p>\n\n\n\n<p class=\"wp-block-paragraph\">En ese sentido, Toledo Escobar se\u00f1al\u00f3 que para hacer\nfrente a la emergencia de violencia feminicida que viven 18 estados del pa\u00eds es\nurgente revertir este recorte, adem\u00e1s de revisar el modelo actual de\ndistribuci\u00f3n de tal manera que se garantice recursos para los 295 municipios\nbajo Alerta de Violencia de G\u00e9nero.<\/p>\n\n\n\n<p class=\"wp-block-paragraph\">Expuso que la propuesta presupuestal contempla,\nadem\u00e1s, que para promover la\natenci\u00f3n y prevenci\u00f3n de la violencia contra las mujeres baja de manera\nmarginal con 0.2 por ciento.<\/p>\n\n\n\n<p class=\"wp-block-paragraph\">La especialista precis\u00f3 que el Anexo 13 no significan\nbolsas de dinero extra al presupuesto, y recalc\u00f3 que considerar ese presupuesto\nes un logro impulsado por varias organizaciones, colectivos y legisladoras\nfeministas, para impulsar este instrumento t\u00e9cnico que permite identificar las\nacciones destinadas a promover la igualdad entre hombres y mujeres, y a\nerradicar la violencia de g\u00e9nero. <\/p>\n\n\n\n<p class=\"wp-block-paragraph\">Sin embargo, indic\u00f3, que es muy dif\u00edcil darle\nseguimiento, ya que no hay transparencia en el destino que se da a los recursos\npor parte de los \u00f3rganos ejecutores.<\/p>\n\n\n\n<p class=\"wp-block-paragraph\">Hay un incremento del\n47 por ciento del presupuesto asignado en el 2020, esto es s\u00f3lo en lo de las\nmujeres anexo 13. De ese aumento, el 39 por ciento&nbsp;corresponde a personas\nadultas mayores que incluye hombres y mujeres y que no abona necesariamente a\nreducir las brechas de desigualdad.&nbsp;<\/p>\n\n\n\n<p class=\"wp-block-paragraph\">En el caso de los refugios para mujeres v\u00edctimas de\nviolencia se incrementa un 1.3 por\nciento, que es un aumento de 4.6 millones de pesos; sin embargo, se\nrequiere garantizar que los refugios accedan equitativamente a estos recursos,\ny de manera prioritaria a aquellos que operan en una de las 18 entidades con la\nAlerta de Violencia de G\u00e9nero.<\/p>\n\n\n\n<p class=\"wp-block-paragraph\">En el caso de los refugios, indic\u00f3 les hemos dado\nseguimiento a la operaci\u00f3n y funcionamiento de los refugios, y se detect\u00f3 que\nhay un aumento a los centros de Asistencia para las mujeres, lo que nos lleva a\npensar cu\u00e1l es la prioridad de atender la emergencia del feminicidio. <\/p>\n\n\n\n<p class=\"wp-block-paragraph\">Sin embargo, agreg\u00f3, como esta acci\u00f3n est\u00e1 dentro\ndel presupuesto de Salud, en espec\u00edfico dentro del programa de salud materna,\nsexual y reproductiva, en este sector hay un recorte del 24 por ciento. Adem\u00e1s de considerar\nque en el caso de los refugios siempre se asigna un presupuesto mayor del que\nse ejerce, entre otras situaciones por las convocatorias.<\/p>\n\n\n\n<p class=\"wp-block-paragraph\">En el caso de las Alertas de Violencia de G\u00e9nero en\nel 2019 el total asignado era de 268 millones de pesos y para el 2020 se\npropone 267 millones, disminuci\u00f3n del dos por ciento.<\/p>\n\n\n\n<p class=\"wp-block-paragraph\">Toledo Escobar explic\u00f3 que FUNDAR analiza c\u00f3mo se\nest\u00e1 presupuestando la asignaci\u00f3n de recursos p\u00fablicos para el funcionamiento\ndel mecanismo que est\u00e1n dise\u00f1ados a erradicar la violencia, en el contexto de\nausteridad republicana, porque les interesa los derechos de las personas que\nviven en situaci\u00f3n de vulnerabilidad y exclusi\u00f3n hist\u00f3rica, por lo que nos\ncentramos en mujeres, las adolescentes y ni\u00f1as.<\/p>\n\n\n\n<p class=\"wp-block-paragraph\">Desde FUNDAR, dijo, respaldamos el aumento para el\ndesarrollo de pueblos y comunidades ind\u00edgenas, la atenci\u00f3n a grupos\nvulnerables, el desarrollo de j\u00f3venes y la igualdad entre hombres y mujeres;\npero es importante que se sostenga durante todo el 2020, ya que en a\u00f1os\nanteriores se ha reducido su monto en las reasignaciones de medio a\u00f1o que\nrealiza la Secretar\u00eda de Hacienda y Cr\u00e9dito P\u00fablico.<\/p>\n\n\n\n<p class=\"wp-block-paragraph\">Queda claro que los ingresos presupuestarios se\nencuentran estancados y son, a todas luces, insuficientes para que el gobierno\nmexicano cumpla con todas sus obligaciones.<\/p>\n\n\n\n<p class=\"wp-block-paragraph\">Por eso llamamos a considerar la necesidad y\nurgencia de una reforma fiscal progresiva y profunda, que revise y modifique la\nforma en que se recaudan los impuestos en M\u00e9xico, as\u00ed como la forma en que se\ndistribuyen y utilizan esos recursos p\u00fablicos. <\/p>\n\n\n\n<p class=\"wp-block-paragraph\">Por otra parte, en su an\u00e1lisis del presupuesto 2020,\nse\u00f1al\u00f3 que es positivo que existan aumentos de m\u00e1s del doble de presupuesto\npara las Comisiones Locales de B\u00fasqueda (114 %) y del 14 por ciento para la Fiscal\u00eda\nEspecializada en Investigaci\u00f3n de los Delitos de Desaparici\u00f3n Forzada, pero\nante la realidad a la que se enfrentan, dichos recursos siguen siendo\ninsuficientes.<\/p>\n\n\n\n<p class=\"wp-block-paragraph\">La Fiscal\u00eda Especializada tuvo un descenso\npresupuestario de casi 30 por ciento\nen 2019, con un mayor n\u00famero de carpetas de investigaci\u00f3n y mesas de trabajo con\ncolectivos de familiares, por lo que el aumento previsto resulta a\u00fan\ninsuficiente.&nbsp;&nbsp;&nbsp; <\/p>\n\n\n\n<p class=\"wp-block-paragraph\"><strong>No es cuesti\u00f3n de ideolog\u00edas: Ana Lilia Herrera<\/strong><\/p>\n\n\n\n<p class=\"wp-block-paragraph\">Por otra parte, la legisladora priista Ana Lilia\nHerrera Anzaldo se\u00f1al\u00f3 que el PEF no es cuesti\u00f3n de ideolog\u00edas y que los tres\nniveles de gobierno no pueden estar separados de las necesidades de las mujeres\nque son el pivote de la sociedad.<\/p>\n\n\n\n<p class=\"wp-block-paragraph\">Record\u00f3 que antes del 2019 se dio continuidad y\npresupuesto al Programa de Apoyo a\nlas Instancias de Mujeres en las Entidades Federativas (PAIMEF), que en un\nprincipio depend\u00eda de la Secretar\u00eda de Desarrollo Social ahora Bienestar, que\nel a\u00f1o pasado se quiso eliminar, pero se discuti\u00f3, se corrigi\u00f3 y se logr\u00f3\nincluir. Por lo que es necesario incluir el PAIMEF en el Presupuesto 2020, ya\nque obligar\u00eda a dar continuidad a los cursos, a los refugios, porque la\nviolencia no respeta estrato socioecon\u00f3mico, y hoy todas las mujeres en este\npa\u00eds hemos perdido la tranquilidad. <\/p>\n\n\n\n<p class=\"wp-block-paragraph\">Tambi\u00e9n se\u00f1al\u00f3 que es\nindispensable contar con las estancias infantiles y los refugios, en el caso de\nlos primeros, no funciona el recurso directo porque no todas las mujeres tienen\nuna red familiar directa que las apoye, adem\u00e1s de que no es lo m\u00e1s adecuado\npara el desarrollo infantil.<\/p>\n\n\n\n<p class=\"wp-block-paragraph\"><strong>No se entiende la pol\u00edtica de\nnuevos refugios sin presupuesto<\/strong><\/p>\n\n\n\n<p class=\"wp-block-paragraph\">Wendy Figueroa, directora de la Red Nacional de\nRefugios, manifest\u00f3 su preocupaci\u00f3n de la nueva pol\u00edtica de la Secretar\u00eda de\nGobernaci\u00f3n de instalar un refugio en cada municipio, porque no queda claro,\ncomo va a quedar el subsidio para los refugios actuales, que se deben\nfortalecer.<\/p>\n\n\n\n<p class=\"wp-block-paragraph\">Y si se requiere abrir m\u00e1s refugios tendr\u00eda que\nhacerse con un presupuesto etiquetado para ello, ya que los refugios sin\npresupuesto no funcionan y se convierten en elefantes blancos, como ya ha\nsucedido. <\/p>\n\n\n\n<p class=\"wp-block-paragraph\">Tambi\u00e9n exhort\u00f3 al presidente Andr\u00e9s Manuel L\u00f3pez\nObrador a consultar a las mujeres, ya que este gobierno se ha distinguido por\nlas consultas ciudadanas, sin embargo, no voltea a mirarlas. <\/p>\n\n\n\n<p class=\"wp-block-paragraph\">Se\u00f1al\u00f3 que fue un alivio que en el Presupuesto 2020\nsi se encuentran los refugios, y hubo un aumento, pero no es suficiente.\nTambi\u00e9n existe el temor de la Circular No. 1.<\/p>\n\n\n\n<p class=\"wp-block-paragraph\">Menciono que, en Tlaxcala, uno de los refugios\nregistr\u00f3 un atentado por un agresor, por lo que no son solo recursos, no se\nvisibiliza el riesgo de las personas defensoras de los derechos de las mujeres.\n<\/p>\n\n\n\n<p class=\"wp-block-paragraph\">Por lo que hizo un llamado a las y los legisladores\na impulsar un presupuesto transversal, porque en este a\u00f1o se han padecido ya\nmuchos retrasos en los espacios de protecci\u00f3n de las mujeres. <\/p>\n\n\n\n<p class=\"wp-block-paragraph\"><strong>CNDH llam\u00f3 a reflexionar el costo de la violencia <\/strong><\/p>\n\n\n\n<p class=\"wp-block-paragraph\">Er\u00e9ndira Cruzvillegas Fuentes, Cuarta Visitadora de\nla Comisi\u00f3n Nacional de los Derechos Humanos (CNDH), hizo un llamado a\nreflexionar qu\u00e9 ha significado el presupuesto para las mujeres y que la\ntransversalidad no s\u00f3lo es impartir cursos y editar folletos.<\/p>\n\n\n\n<p class=\"wp-block-paragraph\">Hay que ver la transversalidad que significa para\nlas mujeres en materia agropecuaria, educaci\u00f3n, vivienda, cuando somos el 50 por ciento de la poblaci\u00f3n. C\u00f3mo\nvamos a invertir en el campo, qu\u00e9 pasa con la tenencia de la tierra. <\/p>\n\n\n\n<p class=\"wp-block-paragraph\">Ver que la paridad total significa grandes desaf\u00edos,\nhay que ver qu\u00e9 significa en el rancho, en la comunidad ind\u00edgena, porque las\nmujeres somos el pivote de la transformaci\u00f3n social.&nbsp; <\/p>\n\n\n\n<p class=\"wp-block-paragraph\">El Anexo 13 en 2016 fue el 3.1 por ciento del presupuesto total;\nen el 2017 el 2.9 por ciento\ny 2018 2.9 por ciento, hay\nque ver c\u00f3mo queda finalmente en el presupuesto 2020. Llam\u00f3 a reflexionar cu\u00e1l\nes el costo de la violencia en el pa\u00eds, y lo que implica que se invierta para\nprevenirla.<\/p>\n\n\n\n<p class=\"wp-block-paragraph\"><strong>Naciones Unidas en M\u00e9xico<\/strong><\/p>\n\n\n\n<p class=\"wp-block-paragraph\">Karen Mota y Roxana Aguilar, de la Oficina de la ONU\nen M\u00e9xico contra la Droga y el Delito, comentaron que proporcionan cursos a \u201clos\nprimeros contactos\u201d, como son las polic\u00edas, o los operadores del 911. Y\nrecalcaron que las capacitaciones tienen que hacerse con profesionalizaci\u00f3n,\nsensibilizaci\u00f3n y coordinaci\u00f3n con las instituciones de seguridad.<\/p>\n\n\n\n<p class=\"wp-block-paragraph\">Al respecto se\u00f1alaron que, de acuerdo a su\nexperiencia, no sirve la capacitaci\u00f3n cuando no existe la sensibilizaci\u00f3n, si\nno est\u00e1n conscientes los operarios de la justicia que en sus manos est\u00e1 la vida\nde las personas y que una mala actuaci\u00f3n puede acabar con ellas. <\/p>\n\n\n\n<p class=\"wp-block-paragraph\">SEM\/em\/sj<\/p>\n","protected":false},"excerpt":{"rendered":"<p>Paquete econ\u00f3mico prev\u00e9 11 % menos de recursos<\/p>\n","protected":false},"author":3,"featured_media":11811,"comment_status":"open","ping_status":"open","sticky":false,"template":"","format":"standard","meta":{"_monsterinsights_skip_tracking":false,"footnotes":""},"categories":[690,50],"tags":[],"class_list":["post-11810","post","type-post","status-publish","format-standard","has-post-thumbnail","category-690","category-congreso"],"_links":{"self":[{"href":"https:\/\/redsemlac.com\/semmexico\/wp-json\/wp\/v2\/posts\/11810","targetHints":{"allow":["GET"]}}],"collection":[{"href":"https:\/\/redsemlac.com\/semmexico\/wp-json\/wp\/v2\/posts"}],"about":[{"href":"https:\/\/redsemlac.com\/semmexico\/wp-json\/wp\/v2\/types\/post"}],"author":[{"embeddable":true,"href":"https:\/\/redsemlac.com\/semmexico\/wp-json\/wp\/v2\/users\/3"}],"replies":[{"embeddable":true,"href":"https:\/\/redsemlac.com\/semmexico\/wp-json\/wp\/v2\/comments?post=11810"}],"version-history":[{"count":0,"href":"https:\/\/redsemlac.com\/semmexico\/wp-json\/wp\/v2\/posts\/11810\/revisions"}],"wp:featuredmedia":[{"embeddable":true,"href":"https:\/\/redsemlac.com\/semmexico\/wp-json\/wp\/v2\/media\/11811"}],"wp:attachment":[{"href":"https:\/\/redsemlac.com\/semmexico\/wp-json\/wp\/v2\/media?parent=11810"}],"wp:term":[{"taxonomy":"category","embeddable":true,"href":"https:\/\/redsemlac.com\/semmexico\/wp-json\/wp\/v2\/categories?post=11810"},{"taxonomy":"post_tag","embeddable":true,"href":"https:\/\/redsemlac.com\/semmexico\/wp-json\/wp\/v2\/tags?post=11810"}],"curies":[{"name":"wp","href":"https:\/\/api.w.org\/{rel}","templated":true}]}}