{"id":11808,"date":"2019-09-12T18:27:40","date_gmt":"2019-09-12T18:27:40","guid":{"rendered":"https:\/\/redsemlac.com\/semmexico\/?p=11808"},"modified":"2023-07-21T15:10:03","modified_gmt":"2023-07-21T20:10:03","slug":"opinion-104","status":"publish","type":"post","link":"https:\/\/redsemlac.com\/semmexico\/opinion-104\/","title":{"rendered":"Coordenada"},"content":{"rendered":"\n<h2 class=\"wp-block-heading\">Constituyente Feminista en Jalisco<\/h2>\n\n\n\n<p class=\"wp-block-paragraph\"><strong>Lupita Ramos Ponce<\/strong><\/p>\n\n\n\n<p class=\"wp-block-paragraph\">SemM\u00e9xico,\n12 septiembre 2019.- Este mi\u00e9rcoles 11 de septiembre, el Congreso de Jalisco\naprob\u00f3 la creaci\u00f3n de un Congreso constituyente que se encargar\u00e1 de elaborar\nuna nueva Constituci\u00f3n local. Con 31 votos a favor, seis en contra y una\nabstenci\u00f3n, el Congreso del Estado tendr\u00e1 la facultad de adicionar el art\u00edculo\n117 Bis de la Constituci\u00f3n local, que permitir\u00e1 se elabore una nueva\nConstituci\u00f3n. <\/p>\n\n\n\n<p class=\"wp-block-paragraph\">El\ndictamen aprobado por las y los legisladores, plantea que la integraci\u00f3n de la\nnueva Constituyente sea de 10 representantes del Congreso local, 10 del Ejecutivo,\n10 de la Judicatura, cuatro de los pueblos originarios, cuatro de la comunidad\njalisciense radicada en el extranjero y cuatro por cada uno de los 20 Distritos\nElectorales uninominales elegidos por mayor\u00eda relativa y 20 de representaci\u00f3n\nproporcional. Falta que emita el Congreso la normatividad reglamentaria para la\nelecci\u00f3n, instauraci\u00f3n, organizaci\u00f3n y funcionamiento del Constituyente.<\/p>\n\n\n\n<p class=\"wp-block-paragraph\">Aqu\u00ed\nentra la pertinencia de las siguientes preguntas \u00bfY las mujeres? \u00bfY las\nfeministas? \u00bfD\u00f3nde est\u00e1n contempladas en la nueva constituyente?<\/p>\n\n\n\n<p class=\"wp-block-paragraph\">Las\nConstituciones son textos vivos, que no pueden estar al margen de la realidad\nsocial que deben ordenar, pero tampoco pueden dejar excluidas de su creaci\u00f3n a\nm\u00e1s de la mitad de la poblaci\u00f3n, es decir, a las mujeres. Hacerlo va en\ndetrimento de su propia legitimidad y pone en riesgo su vigencia. <\/p>\n\n\n\n<p class=\"wp-block-paragraph\">Sin\nduda, los procesos constituyentes de la \u00e9poca actual no pueden concebirse sin\nla participaci\u00f3n plena de las mujeres en t\u00e9rminos paritarios. Pero, sobre todo,\nsin la inclusi\u00f3n de una Constituyente Feminista. Este es un cambio necesario\nque como lo se\u00f1alaron las constituyentes espa\u00f1olas en su momento \u201cUn cambio\nnecesario, que pide llevar al texto lo que el texto apenas contempla. Un cambio\nque pide elevar a rango constitucional muchas de las conquistas del feminismo\nespa\u00f1ol del siglo XX y de este reci\u00e9n nacido siglo XXI\u201d. <\/p>\n\n\n\n<p class=\"wp-block-paragraph\">Para\nincluir a las mujeres en la Constituci\u00f3n Pol\u00edtica de Jalisco y no s\u00f3lo\nmencionarlas en los discursos, es necesario instalar la Constituyente Feminista,\nque sin duda impulsar\u00e1 una profunda reforma democr\u00e1tica del Estado desde una\nperspectiva de g\u00e9nero feminista. <\/p>\n\n\n\n<p class=\"wp-block-paragraph\">Ya\nexiste un antecedente importante en la Constituyente de la Ciudad de M\u00e9xico. La\nparticipaci\u00f3n de las feministas fue fundamental para visibilizar la\n\u00abciudadan\u00eda de segunda, fragmentada y discontinua que contiene la\ncontradicci\u00f3n entre derechos y oportunidades para las mujeres\u00bb, seg\u00fan lo\ndicho en su momento por Marcela Lagarde quien se\u00f1al\u00f3 tambi\u00e9n que \u201cMillones de\nmexicanas viven formas de exclusi\u00f3n social, econ\u00f3mica, jur\u00eddica, cultural,\npol\u00edtica y violencia de g\u00e9nero, lo cual les impiden satisfacer sus necesidades\nb\u00e1sicas de alimentaci\u00f3n, salud, vivienda, educaci\u00f3n y empleo, coloc\u00e1ndolas en\ndesventaja para desenvolverse en la sociedad. Las mujeres conforman una minor\u00eda\nen comparaci\u00f3n con los hombres en el poder: son una minor\u00eda num\u00e9rica y se\nhallan en una condici\u00f3n subordinada, las m\u00e1s de las veces.\u201d <\/p>\n\n\n\n<p class=\"wp-block-paragraph\">Agrega\nLagarde que las fuerzas democr\u00e1ticas deben \u00abreconocer en las mujeres un\nsujeto pol\u00edtico que ha participado en un sin fin de movimientos transformadores\ndel pa\u00eds y que deben ser reconocidas con su propio perfil y ciudadan\u00eda.\u00bb <\/p>\n\n\n\n<p class=\"wp-block-paragraph\">El\nllamado a las feministas en Jalisco es a construir la Constituci\u00f3n Violeta, una\nConstituci\u00f3n feminista, democr\u00e1tica, diversa, ciudadana y popular. La nueva\nConstituyente requiere la inclusi\u00f3n feminista para crear la nueva Constituci\u00f3n\nPol\u00edtica del Estado de Jalisco. <\/p>\n\n\n\n<p class=\"wp-block-paragraph\">La\nnueva Constituci\u00f3n debe cubrirse de legitimidad y solo asegurar\u00e1 su vigencia a\ntrav\u00e9s del cambio sustancial con mirada feminista, de no hacerlo, ser\u00e1 una\nConstituci\u00f3n inconclusa.<\/p>\n\n\n\n<p class=\"wp-block-paragraph\">#ConstituyenteFeministaJalisco.<\/p>\n\n\n\n<p class=\"wp-block-paragraph\"><a href=\"mailto:lupitaramosponce@gmail.com\">lupitaramosponce@gmail.com<\/a><\/p>\n\n\n\n<p class=\"wp-block-paragraph\">&nbsp;@lupitaramosponce<\/p>\n","protected":false},"excerpt":{"rendered":"<p>Constituyente Feminista en Jalisco<\/p>\n","protected":false},"author":3,"featured_media":8967,"comment_status":"open","ping_status":"open","sticky":false,"template":"","format":"standard","meta":{"_monsterinsights_skip_tracking":false,"footnotes":""},"categories":[690,104,91],"tags":[],"class_list":["post-11808","post","type-post","status-publish","format-standard","has-post-thumbnail","category-690","category-coordenada","category-lupita-ramos-ponce"],"_links":{"self":[{"href":"https:\/\/redsemlac.com\/semmexico\/wp-json\/wp\/v2\/posts\/11808","targetHints":{"allow":["GET"]}}],"collection":[{"href":"https:\/\/redsemlac.com\/semmexico\/wp-json\/wp\/v2\/posts"}],"about":[{"href":"https:\/\/redsemlac.com\/semmexico\/wp-json\/wp\/v2\/types\/post"}],"author":[{"embeddable":true,"href":"https:\/\/redsemlac.com\/semmexico\/wp-json\/wp\/v2\/users\/3"}],"replies":[{"embeddable":true,"href":"https:\/\/redsemlac.com\/semmexico\/wp-json\/wp\/v2\/comments?post=11808"}],"version-history":[{"count":0,"href":"https:\/\/redsemlac.com\/semmexico\/wp-json\/wp\/v2\/posts\/11808\/revisions"}],"wp:featuredmedia":[{"embeddable":true,"href":"https:\/\/redsemlac.com\/semmexico\/wp-json\/wp\/v2\/media\/8967"}],"wp:attachment":[{"href":"https:\/\/redsemlac.com\/semmexico\/wp-json\/wp\/v2\/media?parent=11808"}],"wp:term":[{"taxonomy":"category","embeddable":true,"href":"https:\/\/redsemlac.com\/semmexico\/wp-json\/wp\/v2\/categories?post=11808"},{"taxonomy":"post_tag","embeddable":true,"href":"https:\/\/redsemlac.com\/semmexico\/wp-json\/wp\/v2\/tags?post=11808"}],"curies":[{"name":"wp","href":"https:\/\/api.w.org\/{rel}","templated":true}]}}