{"id":11800,"date":"2019-09-12T18:05:19","date_gmt":"2019-09-12T18:05:19","guid":{"rendered":"https:\/\/redsemlac.com\/semmexico\/?p=11800"},"modified":"2023-07-21T15:10:04","modified_gmt":"2023-07-21T20:10:04","slug":"primero-las-pobres-demandan-legisladoras-en-el-pef-2020","status":"publish","type":"post","link":"https:\/\/redsemlac.com\/semmexico\/primero-las-pobres-demandan-legisladoras-en-el-pef-2020\/","title":{"rendered":"Primero las pobres, demandan legisladoras en el PEF 2020"},"content":{"rendered":"\n<p class=\"wp-block-paragraph\"><strong>*\nConferencia Nacional de Legisladoras propone un 3 de 3 contra la violencia<\/strong><\/p>\n\n\n\n<p class=\"wp-block-paragraph\"><strong>* Demandan\nen manifiesto que se pongan al frente los derechos humanos de las mujeres<\/strong><\/p>\n\n\n\n<p class=\"wp-block-paragraph\"><strong>Elda Montiel\n<\/strong><\/p>\n\n\n\n<p class=\"wp-block-paragraph\">SemM\u00e9xico, Cd. de M\u00e9xico, 12 septiembre 2019.- Primero las pobres, las\nm\u00e1s vulnerables, las m\u00e1s desprotegidas, que ninguna se quede atr\u00e1s, afirm\u00f3 la\ndiputada Lorena Villavicencio Ayala al dar a conocer el manifiesto de la\nConferencia Nacional de Legisladoras que propone un nuevo pacto entre gobierno\ny sociedad en el que participen mujeres y hombres.<\/p>\n\n\n\n<p class=\"wp-block-paragraph\">Que se ponga al frente los derechos humanos de las mujeres, precis\u00f3. <\/p>\n\n\n\n<p class=\"wp-block-paragraph\">Entre las acciones que se dieron a conocer, destac\u00f3 el \u201c3 de 3 contra\nla violencia\u201d, que consiste en impulsar como requisito obligatorio de los\nhombres que accedan a un cargo p\u00fablico, ya sea por elecci\u00f3n, designaci\u00f3n o\nconcurso: No ser deudor de pensi\u00f3n alimenticia, no ser acosador sexual y no ser\nagresor por razones de g\u00e9nero.<\/p>\n\n\n\n<p class=\"wp-block-paragraph\">Yndira Sandoval, quien dio a conocer el manifiesto, agreg\u00f3 que se\nquieren m\u00e1s mujeres en el poder, pero tambi\u00e9n menos agresores en los espacios\nde toma de decisiones. <\/p>\n\n\n\n<p class=\"wp-block-paragraph\">Por su parte, la legisladora Villavicencio Ayala se\u00f1al\u00f3 que cuando las\nmujeres son el 51 por ciento de la poblaci\u00f3n, no podemos vernos representadas en\nun Anexo que significa el .05 por ciento del Presupuesto de Egresos de la\nFederaci\u00f3n para 2020 (PEF 2020), menos cuando vivimos una emergencia nacional\nen seguridad p\u00fablica, d\u00f3nde la vida de las mujeres est\u00e1 en riesgo. <\/p>\n\n\n\n<p class=\"wp-block-paragraph\">El manifiesto, que dijo, tambi\u00e9n se le har\u00e1 llegar al Presidente de la\nRep\u00fablica, se\u00f1ala c\u00f3mo quieren verse reflejadas las mujeres en el PEF 2020, que\nles garantice a las mujeres una vida libre de violencia y su autonom\u00eda.<\/p>\n\n\n\n<p class=\"wp-block-paragraph\">Precis\u00f3 que este est\u00e1 avalado por la participaci\u00f3n de 126 asociaciones\nciviles, diversas diputadas de las legislaturas de los estados de la Rep\u00fablica\ny legisladoras integrantes de distintas comisiones preocupadas por la violencia\ncontra las mujeres.<\/p>\n\n\n\n<p class=\"wp-block-paragraph\">La coordinadora de la Subcomisi\u00f3n de Violencia contra las Mujeres y\nFeminicidio de la Comisi\u00f3n de Justicia, tras se\u00f1alar que la pobreza tiene cara\nde mujer y que las m\u00e1s afectadas son las ind\u00edgenas, se plante\u00f3 etiquetar\nrecursos dentro de las dependencias gubernamentales para quienes habitan en\nzonas ind\u00edgenas y rurales, para que ya no haya m\u00e1s hogares sin agua y energ\u00eda,\nasegurar el transporte escolar, programa de vivienda para las comunidades m\u00e1s\npobres y regularizar la propiedad de la tierra.<\/p>\n\n\n\n<p class=\"wp-block-paragraph\">Se propone crear un crear un programa\nnacional de seguridad para las mujeres y ni\u00f1as; as\u00ed como reglas de operaci\u00f3n\npara las unidades de igualdad de todas las dependencias de la administraci\u00f3n\np\u00fablica, programas y recursos destinados en el Anexo 13 para combatir la\ncorrupci\u00f3n, vigilar y auditar los recursos.<\/p>\n\n\n\n<p class=\"wp-block-paragraph\">Asimismo, buscar\u00e1 que en el PEF 2020 se\nimplementen pol\u00edticas p\u00fablicas en materia educativa para garantizar un entorno\nseguro a las ni\u00f1as y ni\u00f1os del pa\u00eds; escuelas de tiempo completo que incluyan\nalimentos, transporte, servicio m\u00e9dico y psicol\u00f3gico, entre otros.<\/p>\n\n\n\n<p class=\"wp-block-paragraph\">As\u00ed como un censo de ni\u00f1as y ni\u00f1os hu\u00e9rfanos\nde feminicidio, v\u00edctimas del crimen organizado o que su padre o madre se\nencuentre en prisi\u00f3n, brind\u00e1ndoles protecci\u00f3n y atenci\u00f3n inmediata. <\/p>\n\n\n\n<p class=\"wp-block-paragraph\">Reformar las legislaciones del IMSS e ISSSTE\nen materia de guarder\u00edas para ampliar coberturas, horarios y servicios.<\/p>\n\n\n\n<p class=\"wp-block-paragraph\">Para las madres trabajadoras y \u00fanicas proveedoras asegurar por lo\nmenos 20 por ciento de cr\u00e9ditos de vivienda sin intereses de los mecanismos\ngubernamentales para mujeres jefas de familia, impulsar un Sistema Nacional de\nCuidados desde una perspectiva de g\u00e9nero.<\/p>\n\n\n\n<p class=\"wp-block-paragraph\">As\u00ed como buscar su autonom\u00eda con un programa emergente de empleo\ndigno, capacitaci\u00f3n y certificaci\u00f3n de competencias, y generar mecanismos de est\u00edmulos\na las empresas que contraten mujeres embarazadas, con discapacidad, adultas\nmayores y sobrevivientes de empleo, as\u00ed como primer empleo. <\/p>\n\n\n\n<p class=\"wp-block-paragraph\"><strong>M\u00e1s recursos\ndemanda Procuradora capitalina <\/strong><\/p>\n\n\n\n<p class=\"wp-block-paragraph\">La procuradora de Justicia de la Ciudad de M\u00e9xico, Ernestina Godoy, demand\u00f3\na las diputadas recursos suficientes para las acciones de justicia a todos los\nestados y la ciudad de M\u00e9xico, que permitan disminuir las desigualdades y\neliminar la violencia. <\/p>\n\n\n\n<p class=\"wp-block-paragraph\">Reconoci\u00f3 que la Procuradur\u00eda capitalina cuenta con una mala imagen,\nque incluso en un estudio se evidencio que los ministerios p\u00fablicos tardan seis\nhoras en dar atenci\u00f3n y se\u00f1al\u00f3 que quitar esa mala imagen requiere m\u00e1s recursos\ny lograr que la integraci\u00f3n de las carpetas de investigaci\u00f3n sea irrefutable. <\/p>\n\n\n\n<p class=\"wp-block-paragraph\">Que todo va a ser atendido, pero de forma diferenciada, de acuerdo al\ndelito, ya que dijo no es lo mismo el robo de un celular, delitos que se pueden\nreparar, a delitos que nos destruyen la vida, las familias y las sociedades.<\/p>\n\n\n\n<p class=\"wp-block-paragraph\">Mientras esos delitos sigan impunes no habr\u00e1 posibilidad de vivir en\nuna sociedad democr\u00e1tica vivible para m\u00e1s del 50 por ciento de la poblaci\u00f3n,\nque somos las mujeres. <\/p>\n\n\n\n<p class=\"wp-block-paragraph\">SEM\/em\/sj<\/p>\n","protected":false},"excerpt":{"rendered":"<p>Conferencia Nacional de Legisladoras propone un 3 de 3 contra la violencia<\/p>\n","protected":false},"author":3,"featured_media":11801,"comment_status":"open","ping_status":"open","sticky":false,"template":"","format":"standard","meta":{"_monsterinsights_skip_tracking":false,"footnotes":""},"categories":[690,50],"tags":[],"class_list":["post-11800","post","type-post","status-publish","format-standard","has-post-thumbnail","category-690","category-congreso"],"_links":{"self":[{"href":"https:\/\/redsemlac.com\/semmexico\/wp-json\/wp\/v2\/posts\/11800","targetHints":{"allow":["GET"]}}],"collection":[{"href":"https:\/\/redsemlac.com\/semmexico\/wp-json\/wp\/v2\/posts"}],"about":[{"href":"https:\/\/redsemlac.com\/semmexico\/wp-json\/wp\/v2\/types\/post"}],"author":[{"embeddable":true,"href":"https:\/\/redsemlac.com\/semmexico\/wp-json\/wp\/v2\/users\/3"}],"replies":[{"embeddable":true,"href":"https:\/\/redsemlac.com\/semmexico\/wp-json\/wp\/v2\/comments?post=11800"}],"version-history":[{"count":0,"href":"https:\/\/redsemlac.com\/semmexico\/wp-json\/wp\/v2\/posts\/11800\/revisions"}],"wp:featuredmedia":[{"embeddable":true,"href":"https:\/\/redsemlac.com\/semmexico\/wp-json\/wp\/v2\/media\/11801"}],"wp:attachment":[{"href":"https:\/\/redsemlac.com\/semmexico\/wp-json\/wp\/v2\/media?parent=11800"}],"wp:term":[{"taxonomy":"category","embeddable":true,"href":"https:\/\/redsemlac.com\/semmexico\/wp-json\/wp\/v2\/categories?post=11800"},{"taxonomy":"post_tag","embeddable":true,"href":"https:\/\/redsemlac.com\/semmexico\/wp-json\/wp\/v2\/tags?post=11800"}],"curies":[{"name":"wp","href":"https:\/\/api.w.org\/{rel}","templated":true}]}}