{"id":11789,"date":"2019-09-12T17:27:28","date_gmt":"2019-09-12T17:27:28","guid":{"rendered":"https:\/\/redsemlac.com\/semmexico\/?p=11789"},"modified":"2023-07-21T15:10:04","modified_gmt":"2023-07-21T20:10:04","slug":"oaxaca-46","status":"publish","type":"post","link":"https:\/\/redsemlac.com\/semmexico\/oaxaca-46\/","title":{"rendered":"Convalece joven oaxaque\u00f1a, tras ser rociada con \u00e1cido en el rostro"},"content":{"rendered":"\n<p class=\"wp-block-paragraph\"><strong>Convalece de las\nheridas&nbsp; y&nbsp; espera la intervenci\u00f3n quir\u00fargica de un\noftalm\u00f3logo, inform\u00f3 la hermana de la v\u00edctima.<\/strong><\/p>\n\n\n\n<p class=\"wp-block-paragraph\"><strong>Patricia Brise\u00f1o <\/strong><\/p>\n\n\n\n<p class=\"wp-block-paragraph\">SemM\u00e9xico. OAXACA, Oax., 12 de septiembre 2019.- Mar\u00eda Elena, de 26 a\u00f1os de edad, rociada con \u00e1cido en el rostro dentro de su domicilio en Huajuapan de Le\u00f3n, convalece de las heridas\u00a0 y\u00a0 espera la intervenci\u00f3n quir\u00fargica de un oftalm\u00f3logo, inform\u00f3 la hermana de la v\u00edctima.<\/p>\n\n\n\n<p class=\"wp-block-paragraph\">En entrevista telef\u00f3nica, la familiar dijo que Elena est\u00e1\nfuera de peligro, sin embargo, habr\u00e1n de intervenirla porque el compuesto\nqu\u00edmico le lastim\u00f3 uno de los ojos.<\/p>\n\n\n\n<p class=\"wp-block-paragraph\">Asimismo, mencion\u00f3, la Fiscal\u00eda General del Estado inici\u00f3 la\ncarpeta de investigaci\u00f3n, que atienden el caso con perspectiva de g\u00e9nero, por\nel ataque cometido en contra de su hermana por un sujeto desconocido, quien\nentr\u00f3 a su domicilio particular en la calle de Guerrero, en el centro de\nHuajuapan, en la regi\u00f3n Mixteca.<\/p>\n\n\n\n<p class=\"wp-block-paragraph\">Sostuvo que este hecho delictuoso vino a trastocar la\narmon\u00eda familiar, pero sobre todo la de Mar\u00eda Elena, una chica egresada de la\nlicenciatura en comunicaci\u00f3n social y t\u00e9cnica profesional en m\u00fasica, egresada\ndel Benem\u00e9rito Conservatorio de Puebla.<\/p>\n\n\n\n<p class=\"wp-block-paragraph\">\u201cDesde la edad de cuatro a\u00f1os naci\u00f3 su pasi\u00f3n por la m\u00fasica.\nLa m\u00fasica es su raz\u00f3n de vivir\u201d, subray\u00f3.<\/p>\n\n\n\n<p class=\"wp-block-paragraph\">La vocaci\u00f3n por la m\u00fasica&nbsp;\nse ve reflejada cuando Elena toca el saxof\u00f3n, instrumento que ejecuta a\nla perfecci\u00f3n en solitario y cuando acompa\u00f1a a las bandas de m\u00fasica.<\/p>\n\n\n\n<p class=\"wp-block-paragraph\">De hecho, el evento profesional m\u00e1s cercano donde ella\nparticip\u00f3 fue en el&nbsp; Primer Encuentro de\nDirectores de Bandas de M\u00fasica Oaxaca 2019, del cuatro al siete de septiembre,\nen el teatro Macedonio Alcal\u00e1, en el centro hist\u00f3rico de la capital del estado.<\/p>\n\n\n\n<p class=\"wp-block-paragraph\">El evento, organizado por las secretar\u00edas de Cultura Federal\ny&nbsp; del Estado reuni\u00f3 a 120 directores y\ndirectoras de bandas de m\u00fasica&nbsp; de las\ncomunidades para fortalecer la ense\u00f1anza de herramientas, an\u00e1lisis de\npartituras, gesti\u00f3n y direcci\u00f3n de una banda.<\/p>\n\n\n\n<p class=\"wp-block-paragraph\">En ese taller de capacitaci\u00f3n, Elena se tom\u00f3 varias fotos\ncon los conferencistas, uno de ellos el maestro de talla internacional,\nMiguel&nbsp; Etchegoncelay, catedr\u00e1tico de la\nUniversidad&nbsp; de Estrasburgo, quien \u2013a\ntrav\u00e9s de las redes sociales- conden\u00f3 el ataque a la vida de la joven artista.<\/p>\n\n\n\n<p class=\"wp-block-paragraph\">Tras conocer el evento delictuoso que puso en riesgo la vida\nde la comunic\u00f3loga y saxofonista, los asistentes del Encuentro de Directores de\nBandas de M\u00fasica expresaron su rechazo al uso de la violencia, en cualquiera de\nsus formas,&nbsp; y se solarizaci\u00f3n con la\nfamilia de su compa\u00f1era, por lo que habilitaron una cuenta bancaria, para los\ntratamientos m\u00e9dicos futuros.<\/p>\n\n\n\n<p class=\"wp-block-paragraph\">N\u00famero de cuenta, 32691318624447 de Banco Azteca a nombre de\nSilvia R\u00edos.<\/p>\n","protected":false},"excerpt":{"rendered":"<p>Convalece de las heridas  y  espera la intervenci\u00f3n quir\u00fargica de un oftalm\u00f3logo, inform\u00f3 la hermana de la v\u00edctima.<\/p>\n","protected":false},"author":3,"featured_media":11790,"comment_status":"open","ping_status":"open","sticky":false,"template":"","format":"standard","meta":{"_monsterinsights_skip_tracking":false,"footnotes":""},"categories":[690,54],"tags":[],"class_list":["post-11789","post","type-post","status-publish","format-standard","has-post-thumbnail","category-690","category-mujeres"],"_links":{"self":[{"href":"https:\/\/redsemlac.com\/semmexico\/wp-json\/wp\/v2\/posts\/11789","targetHints":{"allow":["GET"]}}],"collection":[{"href":"https:\/\/redsemlac.com\/semmexico\/wp-json\/wp\/v2\/posts"}],"about":[{"href":"https:\/\/redsemlac.com\/semmexico\/wp-json\/wp\/v2\/types\/post"}],"author":[{"embeddable":true,"href":"https:\/\/redsemlac.com\/semmexico\/wp-json\/wp\/v2\/users\/3"}],"replies":[{"embeddable":true,"href":"https:\/\/redsemlac.com\/semmexico\/wp-json\/wp\/v2\/comments?post=11789"}],"version-history":[{"count":0,"href":"https:\/\/redsemlac.com\/semmexico\/wp-json\/wp\/v2\/posts\/11789\/revisions"}],"wp:featuredmedia":[{"embeddable":true,"href":"https:\/\/redsemlac.com\/semmexico\/wp-json\/wp\/v2\/media\/11790"}],"wp:attachment":[{"href":"https:\/\/redsemlac.com\/semmexico\/wp-json\/wp\/v2\/media?parent=11789"}],"wp:term":[{"taxonomy":"category","embeddable":true,"href":"https:\/\/redsemlac.com\/semmexico\/wp-json\/wp\/v2\/categories?post=11789"},{"taxonomy":"post_tag","embeddable":true,"href":"https:\/\/redsemlac.com\/semmexico\/wp-json\/wp\/v2\/tags?post=11789"}],"curies":[{"name":"wp","href":"https:\/\/api.w.org\/{rel}","templated":true}]}}