{"id":11775,"date":"2019-09-11T17:29:53","date_gmt":"2019-09-11T17:29:53","guid":{"rendered":"https:\/\/redsemlac.com\/semmexico\/?p=11775"},"modified":"2023-07-21T15:10:04","modified_gmt":"2023-07-21T20:10:04","slug":"oaxaca-45","status":"publish","type":"post","link":"https:\/\/redsemlac.com\/semmexico\/oaxaca-45\/","title":{"rendered":"Anuncian Diplomado virtual \u201cEmbarazo y maternidad infantil en Am\u00e9rica Latina y el Caribe\u201d"},"content":{"rendered":"\n<p class=\"wp-block-paragraph\">\u00a0<strong>El proceso formativo cuenta con el aval curricular y apoyo de la UABJO<\/strong><\/p>\n\n\n\n<p class=\"wp-block-paragraph\"><strong>\u00a0Redacci\u00f3n\u00a0<\/strong><\/p>\n\n\n\n<p class=\"wp-block-paragraph\">SemM\u00e9xico. Oaxaca, Oax. 11 de septiembre de 2019.- A partir de la elaboraci\u00f3n del Balance Regional Ni\u00f1as Madres en 2016 y su actualizaci\u00f3n en el 2018, el Comit\u00e9 de Am\u00e9rica Latina y el Caribe para la Defensa de los Derechos de las Mujeres &#8211; red feminista con presencia en quince pa\u00edses de la regi\u00f3n, con trayectoria de m\u00e1s de 32 a\u00f1os-, impulsa la tercera edici\u00f3n del Diplomado virtual \u201cEmbarazo y maternidad infantil en Am\u00e9rica Latina y el Caribe\u201d, iniciativa que desde sus ediciones anteriores cuenta con el apoyo del Fondo de Mujeres del Sur, Sigrid Rausing Trust y Diakonia; y en&nbsp;&nbsp;esta ocasi\u00f3n tiene el aval de la Universidad Aut\u00f3noma Benito Ju\u00e1rez de Oaxaca.<\/p>\n\n\n\n<p class=\"wp-block-paragraph\">Este diplomado virtual es parte de los esfuerzos de CLADEM y de la importancia de la vinculaci\u00f3n interinstitucional con la UABJO a trav\u00e9s de la Direcci\u00f3n de Equidad y G\u00e9nero para fortalecer procesos que permitan visibilizar la problem\u00e1tica del embarazo y la maternidad infantil forzada, producto de la violencia sexual de la que son v\u00edctimas las ni\u00f1as en M\u00e9xico y en Latinoam\u00e9rica, a la vez de contribuir al dise\u00f1o de pol\u00edticas p\u00fablicas destinadas a prevenir, sancionar, erradicar y reparar de manera integral esta flagrante violaci\u00f3n a la infancia.<\/p>\n\n\n\n<p class=\"wp-block-paragraph\">La mirada interseccional permite profundizar en las diferentes maneras en que este problema se presenta \u2013 y es resuelto \u2013 seg\u00fan el contexto socio cultural, el origen \u00e9tnico-racial, la pertenencia a espacios rurales o urbanos y el nivel econ\u00f3mico, entre otras variables. Desde el punto de vista epidemiol\u00f3gico, el embarazo y la maternidad infantil forzada, revela los aspectos de las interacciones sociales que deben ser erradicados, como la violencia sexual contra la infancia, la escasa atenci\u00f3n a la voz de las ni\u00f1as, su no consideraci\u00f3n como sujetos de derecho, las barreras sociales y pr\u00e1cticas culturales que limitan su desarrollo y la inercia del Estado frente a sus causas.<\/p>\n\n\n\n<p class=\"wp-block-paragraph\">&nbsp;\u201cEl embarazo y maternidad infantil forzados (MIF) son una forma de tortura y un obst\u00e1culo para alcanzar los Objetivos de Desarrollo Sostenible y la Agenda 2030. Pero aun cuando no todas las violaciones, incestos o matrimonios infantiles resultan en un embarazo, ni todas lo sobreviven, cada a\u00f1o se producen en el mundo 2 millones de partos de ni\u00f1as menores de 15 a\u00f1os. As\u00ed la incongruencia entre los n\u00fameros de las violaciones, los partos, los abortos, las denuncias, las sentencias y la asistencia prenatal, son puestas en evidencia mediante nuestro estudio\u201d, asegur\u00f3 Julia Escalante De Haro, coordinadora regional de CLADEM.<\/p>\n\n\n\n<p class=\"wp-block-paragraph\">El diplomado est\u00e1 dirigido a defensoras y defensores de derechos humanos, agentes estatales, operadoras y operadores de salud y de justicia que pueden generar un cambio en las pol\u00edticas p\u00fablicas de la regi\u00f3n, intervenir asertivamente desde las instituciones p\u00fablicas, de salud, educaci\u00f3n y del sector justicia, adem\u00e1s del monitoreo a los Estados por parte de mujeres l\u00edderes en espacios pol\u00edticos, servicios p\u00fablicos y comunitarios.<\/p>\n\n\n\n<p class=\"wp-block-paragraph\">Est\u00e1 dise\u00f1ado en cuatro m\u00f3dulos con tem\u00e1ticas como: Embarazo y maternidad infantil forzada en el marco de los derechos de las ni\u00f1as; An\u00e1lisis desde las ciencias sociales; Pol\u00edticas P\u00fablicas para prevenir y erradicar el EIF; y Habilidades de liderazgo y herramientas para el monitoreo y litigio estrat\u00e9gico. Se desarrollar\u00e1 en 120 horas mediante la plataforma Moodle a cargo un equipo docente y de tutor\u00eda, con alta experiencia y conocimientos en los temas a ser abordados.<\/p>\n\n\n\n<p class=\"wp-block-paragraph\">El proceso de postulaci\u00f3n estar\u00e1 abierto hasta el 16 de septiembre del presente, y dar\u00e1 inicio el 1 de octubre. Para mayores informes ingresa:\u00a0<a>diplomadoeif@cladem.org<\/a>\u00a0\u00a0y\u00a0<a rel=\"noreferrer noopener\" href=\"https:\/\/www.aprendercladem.org\/\" target=\"_blank\">https:\/\/www.aprendercladem.org\/<\/a><\/p>\n\n\n\n<p class=\"has-text-color has-vivid-red-color wp-block-paragraph\"><strong><a href=\"https:\/\/redsemlac.com\/semmexico\/wp-content\/uploads\/2019\/09\/Diplomado-Embarazo-y-maternidad-infantil-en-Am\u00e9rica-Latina-y-El-Caribe-Fyer.pdf\">Aqu\u00ed encontrar\u00e1s la informaci\u00f3n completa sobre el Diplomado<\/a><\/strong><\/p>\n","protected":false},"excerpt":{"rendered":"<p>El proceso formativo cuenta con el aval curricular y apoyo de la UABJO<\/p>\n","protected":false},"author":3,"featured_media":11774,"comment_status":"open","ping_status":"open","sticky":false,"template":"","format":"standard","meta":{"_monsterinsights_skip_tracking":false,"footnotes":""},"categories":[690,51],"tags":[],"class_list":["post-11775","post","type-post","status-publish","format-standard","has-post-thumbnail","category-690","category-ejecutivo"],"_links":{"self":[{"href":"https:\/\/redsemlac.com\/semmexico\/wp-json\/wp\/v2\/posts\/11775","targetHints":{"allow":["GET"]}}],"collection":[{"href":"https:\/\/redsemlac.com\/semmexico\/wp-json\/wp\/v2\/posts"}],"about":[{"href":"https:\/\/redsemlac.com\/semmexico\/wp-json\/wp\/v2\/types\/post"}],"author":[{"embeddable":true,"href":"https:\/\/redsemlac.com\/semmexico\/wp-json\/wp\/v2\/users\/3"}],"replies":[{"embeddable":true,"href":"https:\/\/redsemlac.com\/semmexico\/wp-json\/wp\/v2\/comments?post=11775"}],"version-history":[{"count":0,"href":"https:\/\/redsemlac.com\/semmexico\/wp-json\/wp\/v2\/posts\/11775\/revisions"}],"wp:featuredmedia":[{"embeddable":true,"href":"https:\/\/redsemlac.com\/semmexico\/wp-json\/wp\/v2\/media\/11774"}],"wp:attachment":[{"href":"https:\/\/redsemlac.com\/semmexico\/wp-json\/wp\/v2\/media?parent=11775"}],"wp:term":[{"taxonomy":"category","embeddable":true,"href":"https:\/\/redsemlac.com\/semmexico\/wp-json\/wp\/v2\/categories?post=11775"},{"taxonomy":"post_tag","embeddable":true,"href":"https:\/\/redsemlac.com\/semmexico\/wp-json\/wp\/v2\/tags?post=11775"}],"curies":[{"name":"wp","href":"https:\/\/api.w.org\/{rel}","templated":true}]}}