{"id":11769,"date":"2019-09-11T16:43:07","date_gmt":"2019-09-11T16:43:07","guid":{"rendered":"https:\/\/redsemlac.com\/semmexico\/?p=11769"},"modified":"2023-07-21T15:10:04","modified_gmt":"2023-07-21T20:10:04","slug":"rafaga-17","status":"publish","type":"post","link":"https:\/\/redsemlac.com\/semmexico\/rafaga-17\/","title":{"rendered":"R\u00e1faga"},"content":{"rendered":"\n<h2 class=\"wp-block-heading\"><strong>Protesten, Hagan Marchas, No Vandalicen y Respeten al Ej\u00e9rcito<\/strong><\/h2>\n\n\n\n<p class=\"wp-block-paragraph\"><strong>Jorge Herrera Valenzuela <\/strong><\/p>\n\n\n\n<p class=\"wp-block-paragraph\">SemM\u00e9xico. Cd. de M\u00e9xico. 11 de septiembre de 2919.- Los mexicanos estamos viviendo una etapa extremadamente dif\u00edcil, la violencia impera en todo el pa\u00eds, los enfrentamientos&nbsp;entre los narcotraficantes son cotidianos, el n\u00famero de familias desmembradas aumenta cada d\u00eda por los muertos y heridos en \u201cajusticiamientos\u201d. A todo ello sumen otro cap\u00edtulo: la falta de respeto a los elementos de las Fuerzas Armadas, la humillaci\u00f3n a los indefensos soldados rasos y los asesinatos de polic\u00edas.<\/p>\n\n\n\n<p class=\"wp-block-paragraph\">En los \u00faltimos meses, en este 2019, la violencia est\u00e1 desbordada en ciudades capitales, en municipios semirurales, en las calles de la Capital de la Rep\u00fablica y hasta en las puertas de Palacio Nacional. No solosabemos de&nbsp;los sucesos b\u00e9licos&nbsp;entre los miembros de la delincuencia organizada, la que no se rinde y sigue cobrando derecho de piso a comerciantes e industriales,&nbsp;as\u00ed como de los hechos derivados de&nbsp;la ola de secuestros y las extorsiones siguen&nbsp;a la orden del d\u00eda.<\/p>\n\n\n\n<p class=\"wp-block-paragraph\">Desde el inicio del sexenio, el 1 de diciembre de 2018,&nbsp;la voz presidencial emiti\u00f3 sus \u00f3rdenes terminantes: nada de reprimir al pueblo, todos tienen libertad de protestar y manifestarse en las calles. Tambi\u00e9n se declar\u00f3 que no habr\u00eda m\u00e1s guerra contra el narco. Se cre\u00f3 una Guardia Nacional para restaurar la seguridad, pero hubo un desv\u00edo para atender el reclamo del gobierno norteamericano, a efecto de frenar el desplazamiento de&nbsp;los migrantes&nbsp;centroamericanos&nbsp;y de otros pa\u00edses&nbsp;hacia ese territorio. Los militares convertidos en polic\u00edas y militarizados. Ni unos ni otros &nbsp;se adaptan a las funciones restauradoras&nbsp;de la seguridad ciudadana.<\/p>\n\n\n\n<p class=\"wp-block-paragraph\">Bueno, jam\u00e1s estar\u00e9 en contra de que haya manifestaciones y la gente se desplace por calles y avenidas, porque es uno de los derechos&nbsp;consagrados constitucionalmente, no confundirlos con los derechos humanos. Frente a los acontecimientos indignantes, destacando los feminicidios, el apoyo popular es indiscutible. Sin embargo, no es de aceptarse que en aras de esa protesta popular, en las manifestaciones&nbsp;se cuelen los alborotadores profesionales, los v\u00e1ndalos encapuchados, los grafiteros y los que destruyen aparadores.<\/p>\n\n\n\n<p class=\"wp-block-paragraph\">Vergonzosa y denigrante la acci\u00f3n&nbsp;del da\u00f1o material que causaron al monumento que nos identifica mundialmente, el \u00c1ngel de la Independencia, la Victoria Alada, m\u00e1s conocido como La Columna de la Independencia. No estoy de acuerdo con los peticionarios de que no sean borrado el horroso grafiteo, sino hasta que se resuelva la demanda de acabar con el feminicidio, porque este fen\u00f3meno social no se termina por decreto.&nbsp;Quede muy preciso que apoyo la demanda para que las autoridades federales, estatales y municipales, act\u00faen con firmeza y no dediquen el tiempo simplemente a condenar los asesinatos de mujeres.<\/p>\n\n\n\n<p class=\"wp-block-paragraph\">Me pregunto si alg\u00fan mexicano est\u00e1 de acuerdo en que un grupo de j\u00f3venes haya acorralado, ese es el t\u00e9rmino, a los soldados destacados en el exterior de Palacio Nacional. Los normalistas chiapanecos llegaron al Z\u00f3calo para demandar que les abran sus planteles, pero no faltaron los que incitaron al desorden y procedieron a agredir a los militares, repleg\u00e1ndolos a la fachada del colonial edificio y tirando golpes con garrotes.&nbsp;Este martes, 10 de septiembre, la Secretar\u00eda de la Defensa Nacional expidi\u00f3 un&nbsp;comunicado, en el que se informa que los soldados actuar\u00e1n, en caso necesario, en defensa propia y dejar\u00e1n de ser vapuleados por las turbas, como acaba de suceder en Acajete, Puebla, con los huachicoleros, que ni siquiera quedaron detenidos.<\/p>\n\n\n\n<p class=\"wp-block-paragraph\">Hace no mucho tiempo, los j\u00f3venes militares fueron secuestrados,&nbsp;desarmados y humillados&nbsp;por \u201cdefensores del pueblo\u201d. Vimos en videos y en fotograf\u00edas que circularon por todo el mundo, como los soldados fueron obligados a sentarse en el suelo, a someterse a la voluntad de unos cuantos.&nbsp;La voz presidencial quiso convertir en h\u00e9roes a&nbsp;los&nbsp;humillados miembros del ya no respetado y si&nbsp;glorioso Ej\u00e9rcito&nbsp;Mexicano. Ser\u00eda bueno que&nbsp;en Palacio Nacional leyeran c\u00f3mo se manej\u00f3 la relaci\u00f3n,&nbsp;hace un siglo,precisamente en&nbsp;agosto de&nbsp;1919, entre el presidente Venustiano Carranza y el Ej\u00e9rcito Constitucionalista.<\/p>\n\n\n\n<p class=\"wp-block-paragraph\">En este segundo suceso registrado en la Capital del Pa\u00eds, tampoco hubo responsables de los hechos. Por supuesto no hubo detenidos. Ah, el comentario que escuch\u00e9: \u201cLo que quieren es&nbsp;que el gobierno reprima a los manifestantes&nbsp;y crear ataques a la autoridad\u201d. Insisto, el que los soldados se defiendan, \u00bfes reprimir al pueblo sabio?&nbsp;Por eso los delincuentes gozan de toda la impunidad, a sabiendas de que nada les pasar\u00e1, como nada ocurri\u00f3 con los encapuchados y las encapuchadas que se violentaron \u201cen una marcha pac\u00edfica\u201d en las afueras del edificio de la Rector\u00eda de la UNAM.<\/p>\n\n\n\n<p class=\"wp-block-paragraph\"><strong>PREGUNTA PARA MEDITAR:<\/strong><\/p>\n\n\n\n<p class=\"wp-block-paragraph\">\u00bfCu\u00e1les medidas, no represivas, pondr\u00e1 en marcha el Gabinete de Seguridad para frenar a la delincuencia organizada y a la no organizada?<\/p>\n\n\n\n<p class=\"wp-block-paragraph\"><strong>jherrerav@l<\/strong><strong>i<\/strong><strong><a href=\"http:\/\/ve.com.mx\/\" target=\"_blank\" rel=\"noreferrer noopener\">ve.com.mx<\/a><\/strong><\/p>\n","protected":false},"excerpt":{"rendered":"<p>Protesten, Hagan Marchas, No Vandalicen y Respeten al Ej\u00e9rcito<\/p>\n","protected":false},"author":3,"featured_media":11770,"comment_status":"open","ping_status":"open","sticky":false,"template":"","format":"standard","meta":{"_monsterinsights_skip_tracking":false,"footnotes":""},"categories":[690,94,107],"tags":[],"class_list":["post-11769","post","type-post","status-publish","format-standard","has-post-thumbnail","category-690","category-jorge-herrera-valenzuela","category-rafaga"],"_links":{"self":[{"href":"https:\/\/redsemlac.com\/semmexico\/wp-json\/wp\/v2\/posts\/11769","targetHints":{"allow":["GET"]}}],"collection":[{"href":"https:\/\/redsemlac.com\/semmexico\/wp-json\/wp\/v2\/posts"}],"about":[{"href":"https:\/\/redsemlac.com\/semmexico\/wp-json\/wp\/v2\/types\/post"}],"author":[{"embeddable":true,"href":"https:\/\/redsemlac.com\/semmexico\/wp-json\/wp\/v2\/users\/3"}],"replies":[{"embeddable":true,"href":"https:\/\/redsemlac.com\/semmexico\/wp-json\/wp\/v2\/comments?post=11769"}],"version-history":[{"count":0,"href":"https:\/\/redsemlac.com\/semmexico\/wp-json\/wp\/v2\/posts\/11769\/revisions"}],"wp:featuredmedia":[{"embeddable":true,"href":"https:\/\/redsemlac.com\/semmexico\/wp-json\/wp\/v2\/media\/11770"}],"wp:attachment":[{"href":"https:\/\/redsemlac.com\/semmexico\/wp-json\/wp\/v2\/media?parent=11769"}],"wp:term":[{"taxonomy":"category","embeddable":true,"href":"https:\/\/redsemlac.com\/semmexico\/wp-json\/wp\/v2\/categories?post=11769"},{"taxonomy":"post_tag","embeddable":true,"href":"https:\/\/redsemlac.com\/semmexico\/wp-json\/wp\/v2\/tags?post=11769"}],"curies":[{"name":"wp","href":"https:\/\/api.w.org\/{rel}","templated":true}]}}