{"id":11766,"date":"2019-09-11T16:39:43","date_gmt":"2019-09-11T16:39:43","guid":{"rendered":"https:\/\/redsemlac.com\/semmexico\/?p=11766"},"modified":"2023-07-21T15:10:04","modified_gmt":"2023-07-21T20:10:04","slug":"chile","status":"publish","type":"post","link":"https:\/\/redsemlac.com\/semmexico\/chile\/","title":{"rendered":"Chile 11 de septiembre: el aniversario de un sue\u00f1o asesinado"},"content":{"rendered":"\n<p class=\"wp-block-paragraph\"> <strong>Redacci\u00f3n&nbsp;<\/strong><\/p>\n\n\n\n<p class=\"wp-block-paragraph\">SemM\u00e9xico\/ Periodistas en Espa\u00f1ol. 11 de septiembre de 2019.- Aquel sue\u00f1o de gran parte del pueblo chileno comenz\u00f3 a gestarse hace 48 a\u00f1os impulsado desde las poblaciones, las f\u00e1bricas, las minas, las universidades y las zonas rurales, y se puso en marcha el 4 de setiembre de 1970, d\u00eda en que la Unidad Popular, una coalici\u00f3n de partidos de izquierda encabezada por socialistas y comunistas, gan\u00f3 una polarizada elecci\u00f3n presidencial con el socialista&nbsp;<a rel=\"noreferrer noopener\" href=\"https:\/\/periodistas-es.com\/tag\/Salvador-Allende\" target=\"_blank\"><strong>Salvador Allende<\/strong><\/a>&nbsp;como candidato, escribe&nbsp;<a rel=\"noreferrer noopener\" href=\"https:\/\/periodistas-es.com\/tag\/Carlos-Iaquinandi-Castro\" target=\"_blank\"><strong>Carlos Iaquinandi Castro<\/strong><\/a>&nbsp;de&nbsp;SERPAL[1].<\/p>\n\n\n\n<h2 class=\"wp-block-heading\">La via chilena al socialismo<\/h2>\n\n\n\n<p class=\"wp-block-paragraph\">La Unidad Popular defend\u00eda un programa de cambios, plasmado en un documento p\u00fablico al que durante los meses previos se fueron adhiriendo diversos movimientos y sectores sociales y pol\u00edticos, incluyendo a corrientes de la democracia cristiana. A diferencia del resto de Am\u00e9rica Latina, donde el ejemplo revolucionario de&nbsp;<strong>Fidel Castro<\/strong>&nbsp;y su movimiento 26 de julio impuls\u00f3 diversas luchas guerrilleras en el continente, la aspiraci\u00f3n de la Unidad Popular era demostrar que la \u201cVia chilena al Socialismo\u201d era posible: llegar al poder por el voto democr\u00e1tico y desarrollar cambios profundos dentro de la vigencia constitucional.<\/p>\n\n\n\n<p class=\"wp-block-paragraph\">La campa\u00f1a electoral fue muy polarizada. La derecha concentr\u00f3 sus votos en&nbsp;<strong>Jorge Alessandri<\/strong>, conservador y expresidente. Hicieron una dura campa\u00f1a tratando de implantar el miedo en la poblaci\u00f3n. Fracasaron. La gente vot\u00f3 y la unidad popular obtuvo la mayor\u00eda parlamentaria. En la madrugada del dia 5, Allende promet\u00eda a su pueblo \u201cconstruir juntos una nueva sociedad\u201d. \u201cTerminaremos con los monopolios, haremos una profunda reforma agraria, nacionalizaremos el cobre, controlaremos nuestra econom\u00eda.\u201d La multitud coreaba las frases de la canci\u00f3n de los \u201cQuilapay\u00fan\u201d: \u201cPorque esta vez no se trata \/ de cambiar un presidente \/ ser\u00e1 el pueblo el que construya \/ un chile muy diferente\u201d. El sue\u00f1o comenzaba a convertirse en realidad.<\/p>\n\n\n\n<p class=\"wp-block-paragraph\">En poco tiempo se aprobaron medidas estrat\u00e9gicas. Se profundiz\u00f3 el proceso de la Reforma Agraria; una fiscalidad progresiva y eficaz permiti\u00f3 aumentar los ingresos; se aplic\u00f3 la reducci\u00f3n de altos sueldos y dietas en la administraci\u00f3n p\u00fablica; se inici\u00f3 un plan de viviendas; se mejoraron salarios y pensiones. En su primer a\u00f1o de gobierno, el PIB subi\u00f3 un 8 %. En Julio del 71, se decret\u00f3 la nacionalizaci\u00f3n del cobre y esa miner\u00eda pas\u00f3 al control del estado chileno. Pero muchas de estas decisiones afectaban intereses y privilegios de los sectores acaudalados chilenos y de grandes empresas extranjeras como la Corporaci\u00f3n norteamericana ITT. A pesar de que todas las decisiones del gobierno eran aprobadas en el parlamento, la oposici\u00f3n recrudeci\u00f3 su discurso y promovi\u00f3 violencia utilizando los grupos de ultraderecha.<\/p>\n\n\n\n<p class=\"wp-block-paragraph\">Al cumplirse un a\u00f1o de gobierno, Allende habl\u00f3 en el Estadio Nacional de Santiago de Chile. \u201cEl pueblo chileno ha recuperado lo que le pertenece y ha derrotado a los monopolios y a la oligarqu\u00eda\u201d. \u201cControlamos el 90 % de lo que fue la banca privada. \u201cLos 16 bancos m\u00e1s poderosos , ahora son patrimonio de Chile y de su pueblo\u201d. Ese mismo a\u00f1o, la Unidad Popular revalid\u00f3 su fuerza electoral, ganando las municipales con m\u00e1s del 50 % de los votos. Pero las conspiraciones ya estaban en marcha. Algunas hab\u00edan comenzado semanas antes de asumir Allende.<\/p>\n\n\n\n<div class=\"wp-block-image\"><figure class=\"alignright is-resized\"><img loading=\"lazy\" decoding=\"async\" src=\"https:\/\/ci5.googleusercontent.com\/proxy\/KYt-dcKatGldjpSNT8m6gvg4ym3lHgyPL0KKlsETJN7yU4THClCSiuQtfroDa_pTTMNrfkvKpoQRC4U-pGl3M50VCQ=s0-d-e1-ft#https:\/\/i.ytimg.com\/vi\/D-TtE3qVoGM\/hqdefault.jpg\" alt=\"\" width=\"246\" height=\"185\"\/><\/figure><\/div>\n\n\n\n<h3 class=\"wp-block-heading\">La oposici\u00f3n no logra destituir a Salvador Allende<\/h3>\n\n\n\n<p class=\"wp-block-paragraph\">A partir de entonces, se multiplicaron actos violentos, sabotajes, acaparamiento de alimentos, y hasta una huelga del transporte, que a\u00f1os m\u00e1s tarde se supo fue financiada con fondos de la CIA norteamericana. Todo dirigido a paralizar el pa\u00eds.<\/p>\n\n\n\n<p class=\"wp-block-paragraph\">La oposici\u00f3n fracasa en marzo del 73 en su intento de obtener los dos tercios en las parlamentarias para deponer al presidente Allende. La U.P. obtiene m\u00e1s del 43 % de los votos. Recrudecen entonces las conspiraciones golpistas alentadas desde el exterior por el gobierno de Estados Unidos. El 29 de junio, fracasa el alzamiento de un regimiento blindado. Fue solo un ensayo. Las presiones militares consiguen la renuncia del general&nbsp;<strong>Carlos Prats<\/strong>, constitucionalista y responsable de haber sofocado la rebeli\u00f3n con tropas leales a su mando. En su reemplazo Allende nombra al general&nbsp;<a href=\"https:\/\/periodistas-es.com\/tag\/Augusto-Pinochet\" rel=\"noreferrer noopener\" target=\"_blank\"><strong>Pinochet<\/strong><\/a>, a quien Prats consideraba \u201cleal\u201d. El futuro dictador hac\u00eda semanas que participaba en la conspiraci\u00f3n golpista. Y fue quien meses m\u00e1s tarde envi\u00f3 un comando terrorista a Argentina, para asesinar en un atentado con bomba al General Prats y a su esposa, exiliados ya en ese pa\u00eds.<\/p>\n\n\n\n<h3 class=\"wp-block-heading\">Tanques y bombas para aplastar al pueblo<\/h3>\n\n\n\n<p class=\"wp-block-paragraph\">Finalmente lleg\u00f3 el 11 de setiembre: una Junta Militar que preside Pinochet inicia el golpe y horas m\u00e1s tarde bombardea el Palacio de la Moneda, donde estaban Allende y sus m\u00e1s cercanos colaboradores. Los golpistas detienen a miles de personas: militantes de izquierda, sindicalistas, estudiantes. Muchos son asesinados, entre ellos, el cantante y poeta&nbsp;<a href=\"https:\/\/periodistas-es.com\/tag\/Victor-Jara\" rel=\"noreferrer noopener\" target=\"_blank\"><strong>V\u00edctor Jara<\/strong><\/a>. Fue necesario ese ataque cobarde contra la propia casa de gobierno, esa violencia contra la gente, esa brutal represi\u00f3n contra los partidarios del gobierno de Allende, para detener ese formidable avance popular de quienes creyeron en la v\u00eda democr\u00e1tica y en la tradici\u00f3n constitucionalista de sus Fuerzas Armadas. La oligarqu\u00eda interna, la casi totalidad de la derecha pol\u00ectica y gran parte de la democracia cristiana, con el apoyo de multinacionales norteamericanas y del propio gobierno de EE.UU. son responsables de la ruptura constitucional y del asesinato de ese justo sue\u00f1o del pueblo de Chile.<\/p>\n\n\n\n<div class=\"wp-block-image\"><figure class=\"alignleft is-resized\"><img loading=\"lazy\" decoding=\"async\" src=\"https:\/\/ci3.googleusercontent.com\/proxy\/sSy8XZb_HI92M7cpiQj0MTzmsJuJ_k6ocjlLw2Oy9No4wSpUB3ypjaDZOYyLHKgx1GIrXxddLM2XQLQaE4A-1lZFIA=s0-d-e1-ft#https:\/\/i.ytimg.com\/vi\/nMDrGKQM3fc\/hqdefault.jpg\" alt=\"\" width=\"231\" height=\"173\"\/><\/figure><\/div>\n\n\n\n<h3 class=\"wp-block-heading\">El legado de Allende por Radio Magallanes<\/h3>\n\n\n\n<p class=\"wp-block-paragraph\">Minutos antes de iniciarse el bombardeo de La Moneda, y cuando varias cadenas radiales estaban ya en manos de los golpistas, el presidente Salvador Allende se dirigi\u00f3 a su pueblo en un hist\u00f3rico mensaje. Con voz serena proclam\u00f3: \u201cLa historia es nuestra y la hacen los pueblos\u201d. \u201cTienen la fuerza. Podr\u00e1n avasallarnos, pero no se detienen los procesos sociales ni con el crimen ni con la fuerza.\u201d \u201cTengo fe en Chile y su destino. \u201cSigan ustedes sabiendo que mucho mas temprano que tarde, de nuevo se abrir\u00e1n las grandes alamedas por donde pase el hombre libre, para construir una sociedad mejor.\u201d<\/p>\n\n\n\n<p class=\"wp-block-paragraph\">En aquellas \u00faltimas palabras, Allende dej\u00f3 la semilla para el resurgir de aquel sue\u00f1o asesinado. Y un ejemplo de conducta y de lealtad con su pueblo.<\/p>\n","protected":false},"excerpt":{"rendered":"<p>Aquel sue\u00f1o de gran parte del pueblo chileno comenz\u00f3 a gestarse hace 48 a\u00f1os<\/p>\n","protected":false},"author":3,"featured_media":11767,"comment_status":"open","ping_status":"open","sticky":false,"template":"","format":"standard","meta":{"_monsterinsights_skip_tracking":false,"footnotes":""},"categories":[690,53],"tags":[],"class_list":["post-11766","post","type-post","status-publish","format-standard","has-post-thumbnail","category-690","category-internacional"],"_links":{"self":[{"href":"https:\/\/redsemlac.com\/semmexico\/wp-json\/wp\/v2\/posts\/11766","targetHints":{"allow":["GET"]}}],"collection":[{"href":"https:\/\/redsemlac.com\/semmexico\/wp-json\/wp\/v2\/posts"}],"about":[{"href":"https:\/\/redsemlac.com\/semmexico\/wp-json\/wp\/v2\/types\/post"}],"author":[{"embeddable":true,"href":"https:\/\/redsemlac.com\/semmexico\/wp-json\/wp\/v2\/users\/3"}],"replies":[{"embeddable":true,"href":"https:\/\/redsemlac.com\/semmexico\/wp-json\/wp\/v2\/comments?post=11766"}],"version-history":[{"count":0,"href":"https:\/\/redsemlac.com\/semmexico\/wp-json\/wp\/v2\/posts\/11766\/revisions"}],"wp:featuredmedia":[{"embeddable":true,"href":"https:\/\/redsemlac.com\/semmexico\/wp-json\/wp\/v2\/media\/11767"}],"wp:attachment":[{"href":"https:\/\/redsemlac.com\/semmexico\/wp-json\/wp\/v2\/media?parent=11766"}],"wp:term":[{"taxonomy":"category","embeddable":true,"href":"https:\/\/redsemlac.com\/semmexico\/wp-json\/wp\/v2\/categories?post=11766"},{"taxonomy":"post_tag","embeddable":true,"href":"https:\/\/redsemlac.com\/semmexico\/wp-json\/wp\/v2\/tags?post=11766"}],"curies":[{"name":"wp","href":"https:\/\/api.w.org\/{rel}","templated":true}]}}