{"id":11763,"date":"2019-09-11T16:28:42","date_gmt":"2019-09-11T16:28:42","guid":{"rendered":"https:\/\/redsemlac.com\/semmexico\/?p=11763"},"modified":"2023-07-21T15:10:04","modified_gmt":"2023-07-21T20:10:04","slug":"exigen-disculpa-publica-a-diputado-que-plagio-iniciativa-en-guerrero","status":"publish","type":"post","link":"https:\/\/redsemlac.com\/semmexico\/exigen-disculpa-publica-a-diputado-que-plagio-iniciativa-en-guerrero\/","title":{"rendered":"Exigen disculpa p\u00fablica a diputado que plagi\u00f3 iniciativa en Guerrero"},"content":{"rendered":"\n<p class=\"wp-block-paragraph\"><strong>Josefina Aguilar Pastor<\/strong>\u00a0<\/p>\n\n\n\n<p class=\"wp-block-paragraph\">SemM\u00e9xico. Chilpancingo Guerrero,\u00a011\u00a0de septiembre de 2019.-\u00a0Tras ser exhibido por el colectivo \u201cLas Revueltas\u201d, de plagiarse la iniciativa para tipificar la violencia digital en el Estado de Guerrero, el diputado local de Morena, Mois\u00e9s Reyes Sandoval, ofrece retirar su propuesta, y acuerda con las activistas, enviar un exhorto al gobernador del Estado, para que inicia la capacitaci\u00f3n del funcionariado estatal, para la atenci\u00f3n y prevenci\u00f3n de este tipo de violencia.<\/p>\n\n\n\n<p class=\"wp-block-paragraph\">Este martes, una representaci\u00f3n de \u201cLas Revueltas\u201d, se manifestaron en el Congreso del Estado, donde exigieron una disculpa p\u00fablica por parte del legislador local, por el intento de plagiarse la propuesta para tipificar la violencia digital, as\u00ed como celeridad por parte del Poder Legislativo, para aprobar el paquete de iniciativas que conforman la \u201cLey Olimpia\u201d.<\/p>\n\n\n\n<p class=\"wp-block-paragraph\">Por m\u00e1s de dos horas, las activistas tuvieron que esperar para ser recibidas por el legislador, quien habr\u00eda ofrecido un encuentro con ellas. Durante ese tiempo, ning\u00fan otro diputado ni diputada, se acerc\u00f3 a ellas, para tener alg\u00fan dialogo o acuerdo.<\/p>\n\n\n\n<p class=\"wp-block-paragraph\">Yolitxzin Jaimes Rend\u00f3n, urgi\u00f3 precisar la&nbsp;certeza jur\u00eddica para las v\u00edctimas, y aprobar lo m\u00e1s pronto posible el paquete de reformas, a Reyes Sandoval, exigi\u00f3 una disculpa publica, y &nbsp;que demuestre que es aliado; y se construyan los foros para visibilizar la violencia digital en Guerrero, \u201chay mujeres y ni\u00f1as v\u00edctimas de estos mercados de sexual, donde las est\u00e1n comercializando, sus cuerpos, sus videos 100, 200 pesos el pack\u201d apunt\u00f3.&nbsp;<\/p>\n\n\n\n<p class=\"wp-block-paragraph\">Acapulco agreg\u00f3, es la principal ciudad donde se est\u00e1 dando esta violencia, son mujeres que est\u00e1n expuesta a violaciones sexuales hay en lo tangible &nbsp;trata.<\/p>\n\n\n\n<p class=\"wp-block-paragraph\">Jaimes Rend\u00f3n refiri\u00f3 que el legislador de Morena, estuvo presente en la sesi\u00f3n de la Comisi\u00f3n de Justicia, donde se dictaminaron dos de las tres propuestas presentadas desde la sociedad civil, en dicha reuni\u00f3n, \u201cno aport\u00f3 nada, no sab\u00eda nada del tema y resulta que hace ocho d\u00edas, saca su iniciativa, ahora resulta que es un experto, es un c\u00ednico\u201d acus\u00f3.<\/p>\n\n\n\n<p class=\"wp-block-paragraph\">Hay un c\u00famulo de violencias en el Estado de Guerrero, de todas las modalidades, de todos los tipos \u201cestamos muy indignadas\u201d, recalc\u00f3 la representante de \u201cLas Revueltas\u201d, no solo es la violencia digital, \u201cestamos hablando de las violencias sexuales, los feminicidios, hace algunas semanas, asesinaron a un ni\u00f1a de 13 a\u00f1os&nbsp;en Tixtla, una&nbsp;Secretar\u00eda de la&nbsp;Mujer omisa, con metas de transversalidad de PAIMEF reducidas a nada, hombres dando talleres de sororidad que es un concepto feminista,&nbsp;demasiada omisi\u00f3n por todos lados, aqu\u00ed no se escapa nadie\u201d lament\u00f3.<\/p>\n\n\n\n<p class=\"wp-block-paragraph\">Casi tres horas despu\u00e9s, fueron recibidas por el legislador, de Morena, con quien tomaron tres acuerdos,&nbsp;que dieron a conocer junto con la tambi\u00e9n legisladora morenista, Norma Otilia Hern\u00e1ndez Mart\u00ednez, en una improvisada conferencia de prensa;&nbsp;el primero, que bajar\u00eda&nbsp;su propuesta,&nbsp;la realizaci\u00f3n de foros&nbsp;para&nbsp;visibilizar la violencia digital;&nbsp;la emisi\u00f3n de un exhorto dirigido al ejecutivo estatal para la impartici\u00f3n de&nbsp;capacitaci\u00f3n del funcionariado estatal, y municipal, para que trabajen en la prevenci\u00f3n y atenci\u00f3n&nbsp;de este tipo de violencia.<\/p>\n\n\n\n<p class=\"wp-block-paragraph\">Reyes Sandoval, defendi\u00f3 que no se trata de un plagio de la iniciativa presentada por \u201cLas Revueltas\u201d, sino de una complementaci\u00f3n de esta, por ello, ofreci\u00f3 retirar su propuesta a trav\u00e9s de un oficio girado a la Comisi\u00f3n de Justicia de la cual es Secretario, y posteriormente, sus asesores, y las abogadas de las activistas, se reunir\u00edan para trabajar una nueva propuesta.<\/p>\n","protected":false},"excerpt":{"rendered":"<p>Este martes, una representaci\u00f3n de \u201cLas Revueltas\u201d, se manifestaron en el Congreso del Estado, donde exigieron una disculpa p\u00fablica por parte del legislador local<\/p>\n","protected":false},"author":3,"featured_media":11764,"comment_status":"open","ping_status":"open","sticky":false,"template":"","format":"standard","meta":{"_monsterinsights_skip_tracking":false,"footnotes":""},"categories":[690,54],"tags":[],"class_list":["post-11763","post","type-post","status-publish","format-standard","has-post-thumbnail","category-690","category-mujeres"],"_links":{"self":[{"href":"https:\/\/redsemlac.com\/semmexico\/wp-json\/wp\/v2\/posts\/11763","targetHints":{"allow":["GET"]}}],"collection":[{"href":"https:\/\/redsemlac.com\/semmexico\/wp-json\/wp\/v2\/posts"}],"about":[{"href":"https:\/\/redsemlac.com\/semmexico\/wp-json\/wp\/v2\/types\/post"}],"author":[{"embeddable":true,"href":"https:\/\/redsemlac.com\/semmexico\/wp-json\/wp\/v2\/users\/3"}],"replies":[{"embeddable":true,"href":"https:\/\/redsemlac.com\/semmexico\/wp-json\/wp\/v2\/comments?post=11763"}],"version-history":[{"count":0,"href":"https:\/\/redsemlac.com\/semmexico\/wp-json\/wp\/v2\/posts\/11763\/revisions"}],"wp:featuredmedia":[{"embeddable":true,"href":"https:\/\/redsemlac.com\/semmexico\/wp-json\/wp\/v2\/media\/11764"}],"wp:attachment":[{"href":"https:\/\/redsemlac.com\/semmexico\/wp-json\/wp\/v2\/media?parent=11763"}],"wp:term":[{"taxonomy":"category","embeddable":true,"href":"https:\/\/redsemlac.com\/semmexico\/wp-json\/wp\/v2\/categories?post=11763"},{"taxonomy":"post_tag","embeddable":true,"href":"https:\/\/redsemlac.com\/semmexico\/wp-json\/wp\/v2\/tags?post=11763"}],"curies":[{"name":"wp","href":"https:\/\/api.w.org\/{rel}","templated":true}]}}