{"id":11760,"date":"2019-09-11T16:14:50","date_gmt":"2019-09-11T16:14:50","guid":{"rendered":"https:\/\/redsemlac.com\/semmexico\/?p=11760"},"modified":"2023-07-21T15:10:05","modified_gmt":"2023-07-21T20:10:05","slug":"que-cosa-es-el-amor-exposicion-en-el-senado","status":"publish","type":"post","link":"https:\/\/redsemlac.com\/semmexico\/que-cosa-es-el-amor-exposicion-en-el-senado\/","title":{"rendered":"\u00bfQu\u00e9 cosa es el amor? Exposici\u00f3n en el Senado"},"content":{"rendered":"\n<p class=\"wp-block-paragraph\"><strong>Elda Montiel \u00a0<\/strong><\/p>\n\n\n\n<p class=\"wp-block-paragraph\">SemM\u00e9xico. Cd. de M\u00e9xico. 11 de septiembre de 2019.- La obra de&nbsp;Iv\u00e1n&nbsp;Madrigal busca abrir la mente para ver c\u00f3mo se concibe la vida, el universo y Dios.<\/p>\n\n\n\n<p class=\"wp-block-paragraph\">La muestra pict\u00f3rica, conformada por 11 oleos sobre tela, en el Espacio Cultural Amado Nervo, ubicado en la Planta Baja del Senado de la Rep\u00fablica, fue inaugurado por el senador Ra\u00fal Paz Alonso del PAN.\u00a0<\/p>\n\n\n\n<p class=\"wp-block-paragraph\">El pintor Madrigal explic\u00f3 a los presentes que su obra se inspira en diferentes \u00e9pocas y&nbsp;corrientes&nbsp;art\u00edsticas, donde intenta expresar su sentir respecto de la comprensi\u00f3n que tiene acerca del amor y la informaci\u00f3n de sabidur\u00eda recibida de algunos maestros.<\/p>\n\n\n\n<p class=\"wp-block-paragraph\">Advirti\u00f3&nbsp;que su estilo y forma de pensar nada tienen que ver con creencias religiosas, pol\u00edticas, posturas moralistas o falsas creencias, por el contrario,&nbsp;se trata de comprensiones verificadas sobre el orden del universo.&nbsp;<\/p>\n\n\n\n<p class=\"wp-block-paragraph\">Algunas est\u00e1n representadas de acuerdo con la cultura que nos han vendido. \u201cEl objetivo es abrir la mente y ser audaz en la manera de c\u00f3mo concebimos la vida, el universo, Dios, etc\u00e9tera\u201d, puntualiz\u00f3.<\/p>\n\n\n\n<p class=\"wp-block-paragraph\">Al evento asistieron la senadora de Morena, Susana&nbsp;HarpIturribarr\u00eda, presidenta de la Comisi\u00f3n de Cultura,&nbsp;la senadora del PAN, Nadia Navarro Acevedo, secretaria de la Comisi\u00f3n de Gobernaci\u00f3n.<\/p>\n\n\n\n<p class=\"wp-block-paragraph\">As\u00ed como&nbsp;los coordinadores del PRI, Miguel \u00c1ngel Osorio Chong,&nbsp;del PAN, Mauricio Kuri Gonz\u00e1lez,&nbsp;y del PVEM, Ra\u00fal Bola\u00f1os Cacho, as\u00ed como el senador&nbsp;priista&nbsp;Mario Zamora&nbsp;Gast\u00e9lum.<\/p>\n","protected":false},"excerpt":{"rendered":"<p>La muestra pict\u00f3rica, conformada por 11 oleos sobre tela, en el Espacio Cultural Amado Nervo, ubicado en la Planta Baja del Senado de la Rep\u00fablica<\/p>\n","protected":false},"author":3,"featured_media":11761,"comment_status":"open","ping_status":"open","sticky":false,"template":"","format":"standard","meta":{"_monsterinsights_skip_tracking":false,"footnotes":""},"categories":[690,52],"tags":[],"class_list":["post-11760","post","type-post","status-publish","format-standard","has-post-thumbnail","category-690","category-hombres"],"_links":{"self":[{"href":"https:\/\/redsemlac.com\/semmexico\/wp-json\/wp\/v2\/posts\/11760","targetHints":{"allow":["GET"]}}],"collection":[{"href":"https:\/\/redsemlac.com\/semmexico\/wp-json\/wp\/v2\/posts"}],"about":[{"href":"https:\/\/redsemlac.com\/semmexico\/wp-json\/wp\/v2\/types\/post"}],"author":[{"embeddable":true,"href":"https:\/\/redsemlac.com\/semmexico\/wp-json\/wp\/v2\/users\/3"}],"replies":[{"embeddable":true,"href":"https:\/\/redsemlac.com\/semmexico\/wp-json\/wp\/v2\/comments?post=11760"}],"version-history":[{"count":0,"href":"https:\/\/redsemlac.com\/semmexico\/wp-json\/wp\/v2\/posts\/11760\/revisions"}],"wp:featuredmedia":[{"embeddable":true,"href":"https:\/\/redsemlac.com\/semmexico\/wp-json\/wp\/v2\/media\/11761"}],"wp:attachment":[{"href":"https:\/\/redsemlac.com\/semmexico\/wp-json\/wp\/v2\/media?parent=11760"}],"wp:term":[{"taxonomy":"category","embeddable":true,"href":"https:\/\/redsemlac.com\/semmexico\/wp-json\/wp\/v2\/categories?post=11760"},{"taxonomy":"post_tag","embeddable":true,"href":"https:\/\/redsemlac.com\/semmexico\/wp-json\/wp\/v2\/tags?post=11760"}],"curies":[{"name":"wp","href":"https:\/\/api.w.org\/{rel}","templated":true}]}}