{"id":11757,"date":"2019-09-11T16:11:54","date_gmt":"2019-09-11T16:11:54","guid":{"rendered":"https:\/\/redsemlac.com\/semmexico\/?p=11757"},"modified":"2023-07-21T15:10:05","modified_gmt":"2023-07-21T20:10:05","slug":"presenta-patricia-mercado-iniciativa-de-reforma-constitucional-para-asegurar-viabilidad-de-una-futura-ley-de-seguridad-vial","status":"publish","type":"post","link":"https:\/\/redsemlac.com\/semmexico\/presenta-patricia-mercado-iniciativa-de-reforma-constitucional-para-asegurar-viabilidad-de-una-futura-ley-de-seguridad-vial\/","title":{"rendered":"Presenta Patricia Mercado iniciativa de reforma constitucional para asegurar viabilidad de una futura Ley de Seguridad Vial"},"content":{"rendered":"\n<p class=\"wp-block-paragraph\"><strong>Queremos que en este pa\u00eds dejen de morir 16 mil personas al a\u00f1o, 44 diarias, por hechos que pueden ser absolutamente prevenibles.\u00a0<\/strong><\/p>\n\n\n\n<p class=\"wp-block-paragraph\"><strong>Elda Montiel<\/strong><\/p>\n\n\n\n<p class=\"wp-block-paragraph\">SemM\u00e9xico. Cd. de M\u00e9xico. 10 de septiembre de 2019.- En uso de la voz, la senadora Patricia Mercado del grupo parlamentario de Movimiento Ciudadano, present\u00f3 una iniciativa que reforma diversas disposiciones de la Constituci\u00f3n Pol\u00edtica de los Estados Unidos Mexicanos, en materia de seguridad vial.<\/p>\n\n\n\n<p class=\"wp-block-paragraph\">\u201cEsto forma parte de una serie de propuestas que hemos presentado distintas senadoras y senadores, para garantizar que en este pa\u00eds dejen de morir 16 mil personas al a\u00f1o, 44 diarias, por hechos que pueden ser absolutamente prevenibles\u201d, dijo la presidenta de la Comisi\u00f3n de Zonas Metropolitanas y Movilidad.&nbsp;<\/p>\n\n\n\n<p class=\"wp-block-paragraph\">A su vez, la legisladora refiri\u00f3 datos de la Organizaci\u00f3n Mundial de la Salud que se\u00f1alan que los accidentes de tr\u00e1nsito alcanzan una cifra de 1.35 millones de muertes anuales a nivel mundial, convirti\u00e9ndose en la octava causa de muerte a nivel mundial, superando las muertes por VIH\/SIDA y tuberculosis.&nbsp;<\/p>\n\n\n\n<p class=\"wp-block-paragraph\">En el caso de M\u00e9xico, pese a contar con normas en materia de l\u00edmites de velocidad y consumo de alcohol, la principal deficiencia deriva de no contar con una legislaci\u00f3n nacional que homologue criterios sobre el uso de casco para motociclistas, cinturones de seguridad, sistemas de retenci\u00f3n infantil, uso de tel\u00e9fonos&nbsp;al conducir, entre&nbsp;otros.&nbsp;<\/p>\n\n\n\n<p class=\"wp-block-paragraph\">Patricia Mercado subray\u00f3&nbsp;que para hacer una Ley de Seguridad Vial, antes es necesaria una reforma constitucional.<\/p>\n\n\n\n<p class=\"wp-block-paragraph\">\u201cEs necesario que desde el Poder Legislativo se impulse una legislaci\u00f3n nacional para regular la movilidad y la seguridad vial que ponga en el centro de las pol\u00edticas a las personas que se desplazan por las calles. Es necesario proteger a los usuarios m\u00e1s vulnerables de la v\u00eda, as\u00ed&nbsp;como reforzar la aplicaci\u00f3n de la ley y promover la conducci\u00f3n adecuada de veh\u00edculos mediante mejores dispositivos y capacidades de las autoridades responsables\u201d, se\u00f1al\u00f3.<\/p>\n\n\n\n<p class=\"wp-block-paragraph\">La senadora Patricia Mercado celebr\u00f3&nbsp;el inter\u00e9s que este tema ha despertado tanto en la C\u00e1mara de Senadores como la C\u00e1mara de Diputados, puesto que est\u00e1n trabajando de manera coordinada junto con diversas organizaciones de la sociedad civil para sacar adelante una reforma constitucional s\u00f3lida&nbsp;y posteriormente una ley para lograr altos est\u00e1ndares&nbsp;de seguridad vial en M\u00e9xico.<\/p>\n\n\n\n<p class=\"wp-block-paragraph\">La eventual regulaci\u00f3n&nbsp;comprender\u00e1&nbsp;la gesti\u00f3n de la seguridad vial, la infraestructura, la seguridad de los veh\u00edculos, el comportamiento de los usuarios en las v\u00edas de tr\u00e1nsito y la atenci\u00f3n despu\u00e9s de incidentes&nbsp;en las vialidades.&nbsp;\u201cEn espec\u00edfico, planteamos modificaciones a cuatro art\u00edculos de la Constituci\u00f3n para otorgar al Congreso de la Uni\u00f3n la facultad para expedir una Ley General donde se establezca la concurrencia del Gobierno Federal, las entidades federativas, los municipios y las demarcaciones territoriales de la Ciudad de M\u00e9xico\u201d, puntualiz\u00f3&nbsp;Patricia Mercado.&nbsp;<\/p>\n\n\n\n<p class=\"wp-block-paragraph\">Al finalizar, la legisladora ciudadana subray\u00f3&nbsp;que la intenci\u00f3n de esta iniciativa no es la centralizaci\u00f3n, sino la coordinaci\u00f3n y planeaci\u00f3n para lograr que la movilidad y la seguridad vial se implementen de manera eficaz en todo el pa\u00eds.&nbsp;<\/p>\n\n\n\n<p class=\"wp-block-paragraph\">La iniciativa fue turnada a las Comisiones Unidas de Puntos Constitucionales; Zonas Metropolitanas y Movilidad; y Estudios Legislativos, Segunda.\u00a0<\/p>\n\n\n\n<p class=\"has-text-color has-vivid-red-color wp-block-paragraph\"><strong><a href=\"https:\/\/youtu.be\/BuWg6_uJscU   \">Aqu\u00ed el video de la senadora Patricia Mercado <\/a><\/strong><\/p>\n","protected":false},"excerpt":{"rendered":"<p>Queremos que en este pa\u00eds dejen de morir 16 mil personas al a\u00f1o, 44 diarias, por hechos que pueden ser absolutamente prevenibles. <\/p>\n","protected":false},"author":3,"featured_media":11758,"comment_status":"open","ping_status":"open","sticky":false,"template":"","format":"standard","meta":{"_monsterinsights_skip_tracking":false,"footnotes":""},"categories":[690,50],"tags":[],"class_list":["post-11757","post","type-post","status-publish","format-standard","has-post-thumbnail","category-690","category-congreso"],"_links":{"self":[{"href":"https:\/\/redsemlac.com\/semmexico\/wp-json\/wp\/v2\/posts\/11757","targetHints":{"allow":["GET"]}}],"collection":[{"href":"https:\/\/redsemlac.com\/semmexico\/wp-json\/wp\/v2\/posts"}],"about":[{"href":"https:\/\/redsemlac.com\/semmexico\/wp-json\/wp\/v2\/types\/post"}],"author":[{"embeddable":true,"href":"https:\/\/redsemlac.com\/semmexico\/wp-json\/wp\/v2\/users\/3"}],"replies":[{"embeddable":true,"href":"https:\/\/redsemlac.com\/semmexico\/wp-json\/wp\/v2\/comments?post=11757"}],"version-history":[{"count":0,"href":"https:\/\/redsemlac.com\/semmexico\/wp-json\/wp\/v2\/posts\/11757\/revisions"}],"wp:featuredmedia":[{"embeddable":true,"href":"https:\/\/redsemlac.com\/semmexico\/wp-json\/wp\/v2\/media\/11758"}],"wp:attachment":[{"href":"https:\/\/redsemlac.com\/semmexico\/wp-json\/wp\/v2\/media?parent=11757"}],"wp:term":[{"taxonomy":"category","embeddable":true,"href":"https:\/\/redsemlac.com\/semmexico\/wp-json\/wp\/v2\/categories?post=11757"},{"taxonomy":"post_tag","embeddable":true,"href":"https:\/\/redsemlac.com\/semmexico\/wp-json\/wp\/v2\/tags?post=11757"}],"curies":[{"name":"wp","href":"https:\/\/api.w.org\/{rel}","templated":true}]}}