{"id":11749,"date":"2019-09-10T23:15:10","date_gmt":"2019-09-10T23:15:10","guid":{"rendered":"https:\/\/redsemlac.com\/semmexico\/?p=11749"},"modified":"2023-07-21T15:10:06","modified_gmt":"2023-07-21T20:10:06","slug":"esterilizaciones-forzadas-y-violencia-sexual-sufren-mujeres-con-discapacidad","status":"publish","type":"post","link":"https:\/\/redsemlac.com\/semmexico\/esterilizaciones-forzadas-y-violencia-sexual-sufren-mujeres-con-discapacidad\/","title":{"rendered":"Esterilizaciones forzadas y violencia sexual sufren mujeres con discapacidad"},"content":{"rendered":"\n<p class=\"wp-block-paragraph\"><strong>A 5 a\u00f1os no hay avances en la protecci\u00f3n de los derechos de las personas con discapacidad.<\/strong><\/p>\n\n\n\n<p class=\"wp-block-paragraph\"><strong>Adriana\u00a0Erandi\u00a0Le\u00f3n\u00a0Tierranueva<\/strong><\/p>\n\n\n\n<p class=\"wp-block-paragraph\">SemM\u00e9xico. Cd. de M\u00e9xico. 10 de septiembre de 2019.- Esterilizaciones forzadas, separaci\u00f3n de sus&nbsp;hijas e hijos, violaci\u00f3n y abuso sexual y&nbsp;falta de mecanismos de seguimiento y&nbsp;protecci\u00f3n con perspectiva de g\u00e9nero, son s\u00f3lo algunos de los abusos que sufren ni\u00f1as y adolescentes con discapacidad en instituciones de cuidado, particularmente mujeres adolescentes que son forzadas a someterse a procesos de esterilizaci\u00f3n para prevenir embarazos producto de violaciones,&nbsp;denunciaron&nbsp;ONGs&nbsp;en la presentaci\u00f3n del Informe&nbsp;Alternativo ante el Comit\u00e9 de Naciones Unidas sobre los Derechos de las Personas con Discapacidad.<\/p>\n\n\n\n<p class=\"wp-block-paragraph\">Durante la presentaci\u00f3n en la&nbsp;Comisi\u00f3n de Derechos&nbsp;Humanos de la Ciudad de M\u00e9xico,&nbsp;Priscila Rodr\u00edguez de&nbsp;Disability&nbsp;Rights&nbsp;International, enfatiz\u00f3 que desde la Convenci\u00f3n de los Derechos Humanos de las Personas con Discapacidad firmada y ratificada por el Estado mexicano en 2014, no ha habido avances en la materia y la impunidad en la que permanecen muchos casos es preocupante.<\/p>\n\n\n\n<p class=\"wp-block-paragraph\">&nbsp;\u201cEl Estado tiene dos pendientes en la materia; el estado de las ni\u00f1as, ni\u00f1os y adolescentes con o sin discapacidad en instituciones y las personas adultas mayores\u201d.<\/p>\n\n\n\n<p class=\"wp-block-paragraph\">Priscila Rodr\u00edguez record\u00f3 distintos casos abuso que \u201cen M\u00e9xico no faltan\u201d tales como los de Mam\u00e1 Rosa, Casitas del Sur y el m\u00e1s reciente&nbsp;Ciudad de los Ni\u00f1os, donde muy posiblemente hay indicios de trata, \u201chemos encontrado casos de esterilizaci\u00f3n forzada de mujeres para ocultar embarazos producto de violaciones sexuales que sufren en las instituciones. En el 2014, el Comit\u00e9 de la ONU pidi\u00f3 investigar el caso de Casa Esperanza, donde mujeres estaban siendo forzadas a someterse a estos procesos para prevenir embarazados. Nos preocupa que cinco a\u00f1os despu\u00e9s no hay resultados todav\u00eda\u201d.<\/p>\n\n\n\n<p class=\"wp-block-paragraph\">En este marco, Ana&nbsp;Pecova, directora de Equis Justicia, resalt\u00f3 el caso de&nbsp;Lety, una mujer ind\u00edgena&nbsp;yucateca&nbsp;que fue v\u00edctima de violencia sexual y donde&nbsp;las autoridades utilizaron un lenguaje&nbsp;totalmente discriminatorio tal como&nbsp;\u201cque era una persona retrasada mental,&nbsp;no sabe distinguir entre lo bueno y lo malo y por lo tanto se dej\u00f3 copular, por lo que no fue una violaci\u00f3n\u201d.<\/p>\n\n\n\n<p class=\"wp-block-paragraph\">Y es que de acuerdo al Informe s\u00f3lo el 0.13 por ciento del presupuesto invertido para capacitar a personas y servidores p\u00fablicos en derechos humanos, es usado para temas de personas con alguna discapacidad, lo que refleja \u201cun&nbsp;gran desinter\u00e9s, falta de recursos y tiempo dedicado para trabajar&nbsp;estos temas\u201d.<\/p>\n\n\n\n<p class=\"wp-block-paragraph\">Adem\u00e1s no existe evidencia documental y p\u00fablica para poder alcanzar a entender lo que est\u00e1 sucediendo, as\u00ed lo asegur\u00f3 Juan Mart\u00edn P\u00e9rez, director de Derechos de la Infancia en M\u00e9xico, \u201chay una evidencia clara de simulaci\u00f3n de justicia, particularmente con las mujeres en instituciones que no cuentan con mecanismos.&nbsp;Nuestro pa\u00eds se ha vuelto experto en firmar tratados internacionales, los firman hasta en servilletas, y el tema es que no se cumplen\u201d.&nbsp;<\/p>\n\n\n\n<p class=\"wp-block-paragraph\">Ante ello,&nbsp;el Colectivo&nbsp;Chuhcan,&nbsp;Disability&nbsp;RightsInternational, Equis Justicia para la Mujeres, GIRE y la Red por los Derechos de la Infancia en M\u00e9xico, organizaciones que elaboraron el Informe,&nbsp;hicieron un llamado al Estado mexicano para cumplir con su marco legal nacional, pero tambi\u00e9n con los est\u00e1ndares internacionales reconocidos, \u201csolicitamos&nbsp;tomar acciones urgentes con base en lo que el Comit\u00e9 le pidi\u00f3 en el 2014 y lo que le vuelva a solicitar en el 2020\u201d.<\/p>\n","protected":false},"excerpt":{"rendered":"<p>A 5 a\u00f1os no hay avances en la protecci\u00f3n de los derechos de las personas con discapacidad.<\/p>\n","protected":false},"author":3,"featured_media":11750,"comment_status":"open","ping_status":"open","sticky":false,"template":"","format":"standard","meta":{"_monsterinsights_skip_tracking":false,"footnotes":""},"categories":[690,54],"tags":[],"class_list":["post-11749","post","type-post","status-publish","format-standard","has-post-thumbnail","category-690","category-mujeres"],"_links":{"self":[{"href":"https:\/\/redsemlac.com\/semmexico\/wp-json\/wp\/v2\/posts\/11749","targetHints":{"allow":["GET"]}}],"collection":[{"href":"https:\/\/redsemlac.com\/semmexico\/wp-json\/wp\/v2\/posts"}],"about":[{"href":"https:\/\/redsemlac.com\/semmexico\/wp-json\/wp\/v2\/types\/post"}],"author":[{"embeddable":true,"href":"https:\/\/redsemlac.com\/semmexico\/wp-json\/wp\/v2\/users\/3"}],"replies":[{"embeddable":true,"href":"https:\/\/redsemlac.com\/semmexico\/wp-json\/wp\/v2\/comments?post=11749"}],"version-history":[{"count":0,"href":"https:\/\/redsemlac.com\/semmexico\/wp-json\/wp\/v2\/posts\/11749\/revisions"}],"wp:featuredmedia":[{"embeddable":true,"href":"https:\/\/redsemlac.com\/semmexico\/wp-json\/wp\/v2\/media\/11750"}],"wp:attachment":[{"href":"https:\/\/redsemlac.com\/semmexico\/wp-json\/wp\/v2\/media?parent=11749"}],"wp:term":[{"taxonomy":"category","embeddable":true,"href":"https:\/\/redsemlac.com\/semmexico\/wp-json\/wp\/v2\/categories?post=11749"},{"taxonomy":"post_tag","embeddable":true,"href":"https:\/\/redsemlac.com\/semmexico\/wp-json\/wp\/v2\/tags?post=11749"}],"curies":[{"name":"wp","href":"https:\/\/api.w.org\/{rel}","templated":true}]}}