{"id":11746,"date":"2019-09-10T22:24:56","date_gmt":"2019-09-10T22:24:56","guid":{"rendered":"https:\/\/redsemlac.com\/semmexico\/?p=11746"},"modified":"2023-07-21T15:10:06","modified_gmt":"2023-07-21T20:10:06","slug":"propondran-reformas-para-garantizar-la-paridad-en-organos-de-gobierno","status":"publish","type":"post","link":"https:\/\/redsemlac.com\/semmexico\/propondran-reformas-para-garantizar-la-paridad-en-organos-de-gobierno\/","title":{"rendered":"Propondr\u00e1n reformas para garantizar la paridad en \u00f3rganos de gobierno"},"content":{"rendered":"\n<p class=\"wp-block-paragraph\"><strong>*\nAnuncia senadora del PAN que el paquete comprende 55 iniciativas<\/strong><\/p>\n\n\n\n<p class=\"wp-block-paragraph\"><strong>*\nEn mayo pasado la diputaci\u00f3n aprob\u00f3 reformas con el mismo objetivo<\/strong><\/p>\n\n\n\n<p class=\"wp-block-paragraph\"><strong>Lorena\nVaniezcot <\/strong><\/p>\n\n\n\n<p class=\"wp-block-paragraph\">SemM\u00e9xico, Cd. de M\u00e9xico, 10 septiembre 2019.-\nPara contrarrestar el desalentador panorama de desigualdad en la composici\u00f3n\npor g\u00e9nero en los cargos p\u00fablicos de decisi\u00f3n en M\u00e9xico, la senadora Kenia\nL\u00f3pez Rabad\u00e1n presentar\u00e1 un paquete de 55 iniciativas que armonicen las leyes\nsecundarias con la Constituci\u00f3n Pol\u00edtica y establecer el principio de paridad\nde g\u00e9nero de los tres Poderes de la Uni\u00f3n, de los tres \u00f3rdenes de gobierno.<\/p>\n\n\n\n<p class=\"wp-block-paragraph\">La senadora del PAN y presidenta de la\nComisi\u00f3n de Derechos Humanos se\u00f1al\u00f3 que de esta manera la integraci\u00f3n en\nparidad ser\u00e1 viable en las secretar\u00edas de Estado, tribunales, juntas de\ngobierno, consejos t\u00e9cnicos, comit\u00e9s consultivos, y todo aquel \u00f3rgano de toma\nde decisiones de los tres \u00f3rdenes de gobierno, as\u00ed como en los organismos\np\u00fablicos aut\u00f3nomos, y para que se sancione como una violaci\u00f3n grave a quienes\nno se apeguen a lo establecido en dichas reformas. <\/p>\n\n\n\n<p class=\"wp-block-paragraph\">En un comunicado de prensa, se\u00f1al\u00f3 que es\nurgente impulsar el respeto a los derechos humanos de las mujeres ya que afirm\u00f3\nque el n\u00famero de mujeres que trabajan como funcionarias de gobierno en M\u00e9xico\nest\u00e1n por debajo del promedio de los pa\u00edses miembros de la Organizaci\u00f3n para la\nCooperaci\u00f3n y el Desarrollo Econ\u00f3micos (OCDE).<\/p>\n\n\n\n<p class=\"wp-block-paragraph\">Explic\u00f3 que la participaci\u00f3n de mujeres mexicanas\nen cargos de liderazgo sigue siendo muy bajo en los gabinetes estatales, donde\n\u00fanicamente el 24 por ciento de los puestos de decisi\u00f3n son ocupados por\nmujeres. Lo mismo sucede en el Poder Judicial, en la Suprema Corte de Justicia\nde la Naci\u00f3n, el m\u00e1ximo tribunal de nuestro pa\u00eds est\u00e1 integrado en un 18 por\nciento por mujeres.<\/p>\n\n\n\n<p class=\"wp-block-paragraph\">Lo mismo aplica en los tribunales unitarios y\ncolegiados, donde \u00fanicamente 18 por ciento son magistradas y 82 por ciento\nmagistrados; mientras que, en los Juzgados de Distrito, tan s\u00f3lo el 24 por\nciento de los cargos lo ocupan las mujeres, a\u00f1adi\u00f3. <\/p>\n\n\n\n<p class=\"wp-block-paragraph\">Ante esta situaci\u00f3n, \u201cdebemos pugnar por\ngarantizar la paridad de g\u00e9nero a efecto de eliminar la discriminaci\u00f3n y la\nviolencia contra las mujeres en todos los \u00f3rdenes de gobierno y Poderes de la\nUni\u00f3n, as\u00ed como en los organismos p\u00fablicos aut\u00f3nomos\u201d, apunt\u00f3 L\u00f3pez Rabad\u00e1n. <\/p>\n\n\n\n<p class=\"wp-block-paragraph\">Entre las leyes que busca modificar la\nlegisladora se encuentran la Ley Org\u00e1nica de la Administraci\u00f3n P\u00fablica Federal,\nque tendr\u00e1 como efecto establecer la paridad de g\u00e9nero en las dependencias del\nEjecutivo federal, expuso.&nbsp; <\/p>\n\n\n\n<p class=\"wp-block-paragraph\">Del mismo modo, dijo, se propone reformar la\nLey General de Instituciones y Procedimientos Electorales, la Ley Org\u00e1nica del\nPoder Judicial de la Federaci\u00f3n y la Ley General de Responsabilidades\nAdministrativas.<\/p>\n\n\n\n<p class=\"wp-block-paragraph\">Igualmente, ilustr\u00f3, es necesario reformar la\nnormatividad de los organismos p\u00fablicos aut\u00f3nomos, entre las que se encuentra\nla Ley del Banco de M\u00e9xico, la Ley Federal de Telecomunicaciones y\nRadiodifusi\u00f3n, la Ley de la Comisi\u00f3n de Nacional de los Derechos Humanos y la\nLey del Sistema Nacional de Informaci\u00f3n Estad\u00edstica y Geograf\u00eda, entre otras. <\/p>\n\n\n\n<p class=\"wp-block-paragraph\">\u201cCon este reforzamiento normativo eliminaremos\nla discriminaci\u00f3n, maltrato, abuso, violencia y constantes riesgos de\nvulneraci\u00f3n a los derechos y libertades fundamentales de las mujeres en\nM\u00e9xico\u201d, indic\u00f3 la senadora panista. <\/p>\n\n\n\n<p class=\"wp-block-paragraph\">Por \u00faltimo, recalc\u00f3 que, por mandato\nconstitucional, el Congreso de la Uni\u00f3n tiene hasta el mes de junio del pr\u00f3ximo\na\u00f1o para aprobar dichas iniciativas.<\/p>\n\n\n\n<p class=\"wp-block-paragraph\">Cabe se\u00f1alar que el pasado mes de mayo, la\nC\u00e1mara de Diputados federal aprob\u00f3 reformas a los art\u00edculos 2, 4, 35, 41, 52, 53, 56, 94 y 115 de la Carta\nMagna, para establecer la obligatoriedad de la paridad de g\u00e9nero en los poderes\nEjecutivo, Legislativo, Judicial y los organismos aut\u00f3nomos. <\/p>\n\n\n\n<p class=\"wp-block-paragraph\">Esquema que aseguraron entonces deber\u00eda\nreplicarse en las 32 entidades federativas, as\u00ed como en la integraci\u00f3n de los\nayuntamientos y alcald\u00edas de la Ciudad de M\u00e9xico. <\/p>\n\n\n\n<p class=\"wp-block-paragraph\">SEM\/sj<\/p>\n","protected":false},"excerpt":{"rendered":"<p>Anuncia senadora del PAN que el paquete comprende 55 iniciativas<\/p>\n","protected":false},"author":3,"featured_media":11747,"comment_status":"open","ping_status":"open","sticky":false,"template":"","format":"standard","meta":{"_monsterinsights_skip_tracking":false,"footnotes":""},"categories":[690,50],"tags":[],"class_list":["post-11746","post","type-post","status-publish","format-standard","has-post-thumbnail","category-690","category-congreso"],"_links":{"self":[{"href":"https:\/\/redsemlac.com\/semmexico\/wp-json\/wp\/v2\/posts\/11746","targetHints":{"allow":["GET"]}}],"collection":[{"href":"https:\/\/redsemlac.com\/semmexico\/wp-json\/wp\/v2\/posts"}],"about":[{"href":"https:\/\/redsemlac.com\/semmexico\/wp-json\/wp\/v2\/types\/post"}],"author":[{"embeddable":true,"href":"https:\/\/redsemlac.com\/semmexico\/wp-json\/wp\/v2\/users\/3"}],"replies":[{"embeddable":true,"href":"https:\/\/redsemlac.com\/semmexico\/wp-json\/wp\/v2\/comments?post=11746"}],"version-history":[{"count":0,"href":"https:\/\/redsemlac.com\/semmexico\/wp-json\/wp\/v2\/posts\/11746\/revisions"}],"wp:featuredmedia":[{"embeddable":true,"href":"https:\/\/redsemlac.com\/semmexico\/wp-json\/wp\/v2\/media\/11747"}],"wp:attachment":[{"href":"https:\/\/redsemlac.com\/semmexico\/wp-json\/wp\/v2\/media?parent=11746"}],"wp:term":[{"taxonomy":"category","embeddable":true,"href":"https:\/\/redsemlac.com\/semmexico\/wp-json\/wp\/v2\/categories?post=11746"},{"taxonomy":"post_tag","embeddable":true,"href":"https:\/\/redsemlac.com\/semmexico\/wp-json\/wp\/v2\/tags?post=11746"}],"curies":[{"name":"wp","href":"https:\/\/api.w.org\/{rel}","templated":true}]}}