{"id":11739,"date":"2019-09-10T19:51:35","date_gmt":"2019-09-10T19:51:35","guid":{"rendered":"https:\/\/redsemlac.com\/semmexico\/?p=11739"},"modified":"2023-07-21T14:53:29","modified_gmt":"2023-07-21T19:53:29","slug":"jalisco-8","status":"publish","type":"post","link":"https:\/\/redsemlac.com\/semmexico\/jalisco-8\/","title":{"rendered":"Lanzan #MeTooCosta para hacer p\u00fablicos testimonios de acoso en colegio"},"content":{"rendered":"\n<p class=\"wp-block-paragraph\"><strong>Alumnas y exalumnas se\u00f1alan tibieza de las autoridades del Colegio Cervantes Costa Rica para atender casos<\/strong><\/p>\n\n\n\n<p class=\"wp-block-paragraph\"><strong>Analy S. Nu\u00f1o<\/strong><\/p>\n\n\n\n<p class=\"wp-block-paragraph\">SemM\u00e9xico, Guadalajara, Jalisco. 10 de septiembre de 2019.- Alumnas y ex alumnas del Colegio Cervantes Costa Rica lanzaron el movimiento&nbsp;<em>#MeTooCosta<\/em>&nbsp;para hacer p\u00fablicos sus testimonios de acoso y violencia de g\u00e9nero ejercida por compa\u00f1eros y docentes del colegio marista.<\/p>\n\n\n\n<p class=\"wp-block-paragraph\">La campa\u00f1a de denuncia en redes sociales fue organizada por un grupo de alumnas y exalumnas de distintas generaciones para visibilizar la violencia de g\u00e9nero que se vive dentro de las instalaciones y que, de acuerdo con la cuenta oficial del movimiento en Twitter (@MeTooCosta), ha sido desatendida y minimizada por las autoridades del centro educativo.<\/p>\n\n\n\n<p class=\"wp-block-paragraph\">\u201cEs a partir de la tibieza con la que se han tratado los casos que han sido del conocimiento del CCCR que se decide hacer un #MeTooCosta. Resulta importante mencionar los nombres de quienes sistem\u00e1ticamente han abusado del poder que se confiere al ser docentes, para as\u00ed dejarnos de ambig\u00fcedades y darle herramientas a la instituci\u00f3n para actuar y que se deje de excusas. Es claro tambi\u00e9n que la violencia de g\u00e9nero que se vive en el CCCR es algo estructural, que ha sucedido por a\u00f1os y se ha normalizado\u201d.<\/p>\n\n\n\n<p class=\"wp-block-paragraph\">La cuenta de Twitter que se presume como \u201cun espacio en donde la comunidad del CCCR pueda dar a conocer su testimonio de manera segura\u201d se posicion\u00f3 como tendencia en la red en Guadalajara ante el n\u00famero de denuncias que se recibieron. Entre los docentes m\u00e1s se\u00f1alados destacan los entrenadores de voleibol y f\u00fatbol.<\/p>\n\n\n\n<p class=\"wp-block-paragraph\">\u201cEn mi segundo a\u00f1o uno de los entrenadores de f\u00fatbol femenil conocido como \u2018Chavita\u2019 me acorral\u00f3 en las canchas de f\u00fatbol y me bes\u00f3. Evitaba acudir a las canchas y le sacaba la vuelta cada que lo ve\u00eda. Meses despu\u00e9s lo pusieron de maestro suplente, ah\u00ed me segu\u00eda por los pasillos y tuve trastorno de p\u00e1nico. Gracias a que uno de mis profesores me crey\u00f3 denunci\u00e9 el caso personalmente ante el director y subdirector. Confront\u00e9 a mi agresor frente a ellos y admiti\u00f3 lo sucedido. Sin embargo, solo le dieron licencia mientras yo terminaba la preparatoria\u201d, se\u00f1ala una exalumna.<\/p>\n\n\n\n<p class=\"wp-block-paragraph\">Otra exalumna de la generaci\u00f3n 2016-2019 relat\u00f3: \u201cYo sol\u00eda entrenar en el equipo de voleibol del colegio y ten\u00eda que aguantar constantemente a mi entrenador Luis Santill\u00e1n. Mientras entrenaba voleibol sol\u00eda ayudarnos con algunos estiramientos o a tronarnos la espalda. Le gustaba abrazarnos y cada vez que me abrazaba sent\u00eda como aplastaba mis bubis contra \u00e9l. Durante uno de los entrenamientos le ped\u00ed que si me pod\u00eda trona la espalda. \u00c9l se puso detr\u00e1s de mi, se peg\u00f3 mucho a mi y mientras me tronaba la espalda pude sentir su pene erecto contra mi cuerpo. Fue denigrante y asqueroso\u201d.<\/p>\n\n\n\n<p class=\"wp-block-paragraph\">De acuerdo a las alumnas y ex alumnas que lanzaron la campa\u00f1a de denuncia \u201cson los mismos maestros quienes incitan a sus alumnos a ver de manera lasciva a sus compa\u00f1eras, que hacen comentarios machistas en sus clases y que se sobrepasan con acciones disfrazadas de \u2018cari\u00f1o\u2019\u201d.<\/p>\n\n\n\n<div class=\"wp-block-image\"><figure class=\"alignleft is-resized\"><img loading=\"lazy\" decoding=\"async\" src=\"https:\/\/redsemlac.com\/semmexico\/wp-content\/uploads\/2019\/09\/WhatsApp-Image-2019-09-10-at-2.11.47-PM1-570x1024.jpeg\" alt=\"\" class=\"wp-image-11740\" width=\"207\" height=\"372\"\/><\/figure><\/div>\n\n\n\n<p class=\"wp-block-paragraph\">Hasta el momento las autoridades del Colegio Cervantes Costa Rica no han emitido ning\u00fan pronunciamiento al respecto, sin embargo, en su cuenta oficial de Twitter (@CCCR_Oficial) luego de 4 meses de inactividad subi\u00f3 un tweet en el que se\u00f1ala \u201cNuestros alumnos maristas se distinguen por los valores y actitudes que los hacen diferentes\u201d, acompa\u00f1ado de una foto.<\/p>\n","protected":false},"excerpt":{"rendered":"<p>Alumnas y exalumnas se\u00f1alan tibieza de las autoridades del Colegio Cervantes Costa Rica para atender casos<\/p>\n","protected":false},"author":3,"featured_media":11741,"comment_status":"open","ping_status":"open","sticky":false,"template":"","format":"standard","meta":{"_monsterinsights_skip_tracking":false,"footnotes":""},"categories":[690,54],"tags":[],"class_list":["post-11739","post","type-post","status-publish","format-standard","has-post-thumbnail","category-690","category-mujeres"],"_links":{"self":[{"href":"https:\/\/redsemlac.com\/semmexico\/wp-json\/wp\/v2\/posts\/11739","targetHints":{"allow":["GET"]}}],"collection":[{"href":"https:\/\/redsemlac.com\/semmexico\/wp-json\/wp\/v2\/posts"}],"about":[{"href":"https:\/\/redsemlac.com\/semmexico\/wp-json\/wp\/v2\/types\/post"}],"author":[{"embeddable":true,"href":"https:\/\/redsemlac.com\/semmexico\/wp-json\/wp\/v2\/users\/3"}],"replies":[{"embeddable":true,"href":"https:\/\/redsemlac.com\/semmexico\/wp-json\/wp\/v2\/comments?post=11739"}],"version-history":[{"count":0,"href":"https:\/\/redsemlac.com\/semmexico\/wp-json\/wp\/v2\/posts\/11739\/revisions"}],"wp:featuredmedia":[{"embeddable":true,"href":"https:\/\/redsemlac.com\/semmexico\/wp-json\/wp\/v2\/media\/11741"}],"wp:attachment":[{"href":"https:\/\/redsemlac.com\/semmexico\/wp-json\/wp\/v2\/media?parent=11739"}],"wp:term":[{"taxonomy":"category","embeddable":true,"href":"https:\/\/redsemlac.com\/semmexico\/wp-json\/wp\/v2\/categories?post=11739"},{"taxonomy":"post_tag","embeddable":true,"href":"https:\/\/redsemlac.com\/semmexico\/wp-json\/wp\/v2\/tags?post=11739"}],"curies":[{"name":"wp","href":"https:\/\/api.w.org\/{rel}","templated":true}]}}