{"id":11736,"date":"2019-09-10T17:19:04","date_gmt":"2019-09-10T17:19:04","guid":{"rendered":"https:\/\/redsemlac.com\/semmexico\/?p=11736"},"modified":"2023-07-21T14:53:29","modified_gmt":"2023-07-21T19:53:29","slug":"las-ninas-y-mujeres-indigenas-son-las-mas-desfavorecidas-en-el-acceso-a-la-educacion","status":"publish","type":"post","link":"https:\/\/redsemlac.com\/semmexico\/las-ninas-y-mujeres-indigenas-son-las-mas-desfavorecidas-en-el-acceso-a-la-educacion\/","title":{"rendered":"Las ni\u00f1as y mujeres ind\u00edgenas son las m\u00e1s desfavorecidas en el acceso a la educaci\u00f3n"},"content":{"rendered":"\n<p class=\"wp-block-paragraph\"><strong>Constituyen el 70 por ciento de la poblaci\u00f3n mundial bajo los umbrales de la pobreza<\/strong><\/p>\n\n\n\n<p class=\"wp-block-paragraph\"><strong>Redacci\u00f3n<\/strong><\/p>\n\n\n\n<p class=\"wp-block-paragraph\">SemM\u00e9xico\/AmecoPress. Madrid, 10 sep. 19. -Con motivo del D\u00eda Internacional de la alfabetizaci\u00f3n, que se celebr\u00f3 el 8 de septiembre, la ONG Intered quiso destacar su importancia en relaci\u00f3n con el a\u00f1o 2019, ya que es el A\u00f1o Internacional de las Lenguas Ind\u00edgenas. La importancia de la alfabetizaci\u00f3n, la educaci\u00f3n intercultural y pluriling\u00fce que facilite la construcci\u00f3n de sociedades m\u00e1s igualitarias e inclusivas.<\/p>\n\n\n\n<p class=\"wp-block-paragraph\">Para las ni\u00f1as y mujeres ind\u00edgenas la posibilidad de escolarizaci\u00f3n o de ser inscritas en programas de formaci\u00f3n siguen siendo pocas. La UNESCO aboga por que los pueblos ind\u00edgenas puedan gozar de su derecho a la educaci\u00f3n y de participar plenamente en la construcci\u00f3n de la sociedad en la que viven. InteRed considera la necesidad de:<\/p>\n\n\n\n<ul class=\"wp-block-list\"><li>Modelos de educaci\u00f3n intercultural que nazcan del respeto y la valoraci\u00f3n de la diversidad cultural y que busquen erradicar la discriminaci\u00f3n y la exclusi\u00f3n.<\/li><li>Programas y pol\u00edticas educativas interculturales que recuperen saberes y pr\u00e1cticas culturales de los pueblos originarios.<\/li><li>Formaci\u00f3n docente pluriling\u00fce e intercultural.<\/li><li>Pol\u00edticas de inclusi\u00f3n y equidad.<\/li><li>Producci\u00f3n de materiales y textos para el estudio.<\/li><\/ul>\n\n\n\n<p class=\"wp-block-paragraph\">Los avances y la transformaci\u00f3n educativa que integra la interculturalidad en la educaci\u00f3n y en las pol\u00edticas p\u00fablicas han conseguido claros avances en los pa\u00edses donde InteRed trabaja:<\/p>\n\n\n\n<p class=\"wp-block-paragraph\">En Bolivia han conseguido la revitalizaci\u00f3n de las lenguas y el fomento de los saberes ind\u00edgenas.<\/p>\n\n\n\n<p class=\"wp-block-paragraph\">En Guatemala, donde m\u00e1s del 40% de la poblaci\u00f3n es ind\u00edgena, se ha conseguido una transformaci\u00f3n curricular y fomento de las lenguas mayas.<\/p>\n\n\n\n<p class=\"wp-block-paragraph\">En M\u00e9xico han aumentado los materiales educativos y se ha promovido la inclusi\u00f3n de conocimientos ind\u00edgenas.<\/p>\n\n\n\n<p class=\"wp-block-paragraph\">En Per\u00fa han avanzado los esfuerzos entre la sociedad civil y el Estado por integrar calendarios vivenciales.<\/p>\n\n\n\n<p class=\"wp-block-paragraph\">Las mujeres y ni\u00f1as constituyen el 70% de la poblaci\u00f3n mundial bajo los umbrales de la pobreza, y sus condiciones de exclusi\u00f3n, est\u00e1n directamente relacionadas con la discriminaci\u00f3n de g\u00e9nero, donde las m\u00e1s afectadas son ni\u00f1as y mujeres ind\u00edgenas de zonas rurales. Esta situaci\u00f3n menoscaba sus derechos, rest\u00e1ndoles oportunidades y haciendo patente que, para lograr un desarrollo sostenible, las pol\u00edticas de g\u00e9nero son necesarias para garantizar los derechos de las mujeres.<\/p>\n\n\n\n<p class=\"wp-block-paragraph\">La alfabetizaci\u00f3n es un derecho que consigue reducir la pobreza, aumenta las oportunidades econ\u00f3micas, la autonom\u00eda de las mujeres, fomenta la participaci\u00f3n en la vida p\u00fablica, la conciencia de la propia val\u00eda y mejora las perspectivas de vida de las personas y su dignidad.<\/p>\n\n\n\n<p class=\"wp-block-paragraph\"><strong>La importancia de la alfabetizaci\u00f3n<\/strong><\/p>\n\n\n\n<p class=\"wp-block-paragraph\">La alfabetizaci\u00f3n forma parte del Objetivo de Desarrollo Sostenible 4, que propone a los gobiernos: \u00abGarantizar una educaci\u00f3n inclusiva, equitativa y de calidad, y promover oportunidades de aprendizaje durante toda la vida para todas las personas, con atenci\u00f3n particular a los grupos vulnerables\u00bb. Dentro de este \u00faltimo destacan los pueblos ind\u00edgenas. La meta consiste en lograr que de aqu\u00ed a 2030, una proporci\u00f3n alta de adultos, tanto hombres como mujeres, tengan competencias de lectura, escritura y aritm\u00e9tica.<\/p>\n\n\n\n<p class=\"wp-block-paragraph\">Seg\u00fan Naciones Unidas, 750 millones de personas adultas no saben leer ni escribir, de las cuales el 64% son mujeres; y m\u00e1s de 57 millones de ni\u00f1os y ni\u00f1as no tienen acceso a la escolarizaci\u00f3n.<\/p>\n\n\n\n<p class=\"wp-block-paragraph\">Las causas del analfabetismo en el mundo son muy diversas:<\/p>\n\n\n\n<p class=\"wp-block-paragraph\">Actitudes machistas que llevan a la desigualdad entre los sexos por la posici\u00f3n de las mujeres y ni\u00f1as en la sociedad. Vivir en zonas rurales remotas y alejadas de los centros educativos. La pobreza de las familias. Hablar una lengua minoritaria, etc.<\/p>\n\n\n\n<p class=\"wp-block-paragraph\">InteRed, con la finalidad de que los grupos m\u00e1s vulnerables tengan m\u00e1s y mejores oportunidades, desarrolla, entre otros, programas de alfabetizaci\u00f3n y educaci\u00f3n intercultural y pluriling\u00fce:<\/p>\n\n\n\n<p class=\"wp-block-paragraph\">En Bolivia facilita la formaci\u00f3n de docentes, de ni\u00f1os\/as y j\u00f3venes en riesgo de exclusi\u00f3n socio-econ\u00f3mica y colabora en la mejora del nivel educativo de la poblaci\u00f3n guaran\u00ed, especialmente mujeres y ni\u00f1as.<\/p>\n\n\n\n<p class=\"wp-block-paragraph\">En Guatemala promueve la educaci\u00f3n b\u00e1sica a comunidades ind\u00edgenas, especialmente mujeres, para que consigan tener una autonom\u00eda econ\u00f3mica y una mayor participaci\u00f3n.<\/p>\n\n\n\n<p class=\"wp-block-paragraph\">En Per\u00fa contribuye al derecho de los pueblos originarios a la educaci\u00f3n.<\/p>\n\n\n\n<p class=\"wp-block-paragraph\">En Rep\u00fablica Dominicana mejora de la calidad educativa, fomenta la alfabetizaci\u00f3n de adultos y la formaci\u00f3n a ni\u00f1os, ni\u00f1as y j\u00f3venes.<\/p>\n","protected":false},"excerpt":{"rendered":"<p>Constituyen el 70 por ciento de la poblaci\u00f3n mundial bajo los umbrales de la pobreza<\/p>\n","protected":false},"author":3,"featured_media":11737,"comment_status":"open","ping_status":"open","sticky":false,"template":"","format":"standard","meta":{"_monsterinsights_skip_tracking":false,"footnotes":""},"categories":[690,53],"tags":[],"class_list":["post-11736","post","type-post","status-publish","format-standard","has-post-thumbnail","category-690","category-internacional"],"_links":{"self":[{"href":"https:\/\/redsemlac.com\/semmexico\/wp-json\/wp\/v2\/posts\/11736","targetHints":{"allow":["GET"]}}],"collection":[{"href":"https:\/\/redsemlac.com\/semmexico\/wp-json\/wp\/v2\/posts"}],"about":[{"href":"https:\/\/redsemlac.com\/semmexico\/wp-json\/wp\/v2\/types\/post"}],"author":[{"embeddable":true,"href":"https:\/\/redsemlac.com\/semmexico\/wp-json\/wp\/v2\/users\/3"}],"replies":[{"embeddable":true,"href":"https:\/\/redsemlac.com\/semmexico\/wp-json\/wp\/v2\/comments?post=11736"}],"version-history":[{"count":0,"href":"https:\/\/redsemlac.com\/semmexico\/wp-json\/wp\/v2\/posts\/11736\/revisions"}],"wp:featuredmedia":[{"embeddable":true,"href":"https:\/\/redsemlac.com\/semmexico\/wp-json\/wp\/v2\/media\/11737"}],"wp:attachment":[{"href":"https:\/\/redsemlac.com\/semmexico\/wp-json\/wp\/v2\/media?parent=11736"}],"wp:term":[{"taxonomy":"category","embeddable":true,"href":"https:\/\/redsemlac.com\/semmexico\/wp-json\/wp\/v2\/categories?post=11736"},{"taxonomy":"post_tag","embeddable":true,"href":"https:\/\/redsemlac.com\/semmexico\/wp-json\/wp\/v2\/tags?post=11736"}],"curies":[{"name":"wp","href":"https:\/\/api.w.org\/{rel}","templated":true}]}}