{"id":11688,"date":"2019-09-09T20:34:32","date_gmt":"2019-09-09T20:34:32","guid":{"rendered":"https:\/\/redsemlac.com\/semmexico\/?p=11688"},"modified":"2023-07-21T14:53:30","modified_gmt":"2023-07-21T19:53:30","slug":"opinion-97","status":"publish","type":"post","link":"https:\/\/redsemlac.com\/semmexico\/opinion-97\/","title":{"rendered":"Mujer y Poder"},"content":{"rendered":"\n<h2 class=\"wp-block-heading\"><strong>Los Nuevos Superh\u00e9roes de la 4T<\/strong><\/h2>\n\n\n\n<p class=\"wp-block-paragraph\"><strong>* La popularidad de AMLO<\/strong><\/p>\n\n\n\n<p class=\"wp-block-paragraph\"><strong>Natalia Vidales Rodr\u00edguez<\/strong><\/p>\n\n\n\n<p class=\"wp-block-paragraph\">SemM\u00e9xico, 9 septiembre 2019.- La alta popularidad\nde Presidente Andr\u00e9s Manuel L\u00f3pez Obrador ciertamente va a la baja, pero s\u00f3lo a\ncuenta gotas, y a\u00fan se mantiene cerca del 70 % jam\u00e1s logrado por sus\npredecesores. Carlos Salinas de Gortari lleg\u00f3 a frisar el 65% en su primer a\u00f1o\nde gobierno y Felipe Calder\u00f3n alcanz\u00f3 el 66 %. <\/p>\n\n\n\n<p class=\"wp-block-paragraph\">Vicente Fox, con todo y haber sido el art\u00edfice de la\nalternancia electoral, obtuvo el 63 % al llegar a su primer a\u00f1o en <em>Los Pinos,<\/em> pero, como sea, esas tres calificaciones\nfueron muy amplias\u2026aunque finalmente todo aquello se les desmoron\u00f3 con el\ntiempo y, curiosamente, de manera inversamente proporcional: quien escal\u00f3 m\u00e1s\nalto fue quien cay\u00f3 despu\u00e9s m\u00e1s profundo. <\/p>\n\n\n\n<p class=\"wp-block-paragraph\">El 70 % actual de apoyo a AMLO contrasta con la\nOpini\u00f3n P\u00fablica y con la opini\u00f3n <em>publicada<\/em>:\nel propio Presidente ha dicho que el 90 % de los art\u00edculos y de los comentarios\nde los analistas e intelectuales en los medios lo critican; y que s\u00f3lo el 10 %\nrestante es objetivo, o lo apoya en su gesti\u00f3n. E incluso le reclam\u00f3\np\u00fablicamente a la revista <em>Proceso<\/em> su\nconstante maledicencia &#8211;cuando fue uno de los medios m\u00e1s enconados contra el neoliberalismo&#8211;\nen vez de seguir los pasos ahora con la 4T &#8212; reclam\u00f3 AMLO&#8211; de aquellos\nperi\u00f3dicos que se sumaron, en su momento, a la ideolog\u00eda de la Revoluci\u00f3n\nMexicana. <\/p>\n\n\n\n<p class=\"wp-block-paragraph\">Por supuesto que no fue muy lejos por la respuesta\ncuando <em>Proceso<\/em> editorializ\u00f3 que el\nPresidente no le iba a hacer la agenda a la revista. Pero el caso es que el <em>c\u00edrculo rojo<\/em> de los medios contrasta con\nel <em>c\u00edrculo verde<\/em> del apoyo popular al\nmandatario. <\/p>\n\n\n\n<p class=\"wp-block-paragraph\">La raz\u00f3n es muy sencilla y no tiene nada que ver con\nla llamada <em>prensa fif\u00ed<\/em> o con su\nconservadurismo. Por el contrario, hacer la tarea de contrapeso, e incluso de incomodar\nal r\u00e9gimen se\u00f1alando los errores y los excesos del poder (y que, por cierto, no\ntiene ideolog\u00eda) es de lo m\u00e1s vanguardista y pro ciudadano que existe. <\/p>\n\n\n\n<p class=\"wp-block-paragraph\">Pero, adem\u00e1s, hay un par de razones pragm\u00e1ticas: el\napoyo al r\u00e9gimen no \u201cvende\u201d en los medios: es como dar buenas noticias, que van\nen contra de la morbidez de la gente que \u2013por motivos ajenos a este art\u00edculo&#8211;\nprefiere las malas nuevas: Fuller dice que entre m\u00e1s lejos acontece un\naccidente, mayor es el n\u00famero de muertos y de heridos requeridos para que se\nconvierta en noticia.<\/p>\n\n\n\n<p class=\"wp-block-paragraph\">Y despu\u00e9s del fiasco que se llevaron Octavio Paz (con\nD\u00edaz Ordaz), y Carlos Fuentes (con Echeverr\u00eda), por apoyar a sus reg\u00edmenes de\ngobierno, los intelectuales lo piensan dos veces antes de subirse al carro de\nun pol\u00edtico que &#8211;por angas o por mangas\u2014pudiera terminar en el basurero de la\nhistoria (con la excepci\u00f3n actual de Paco Ignacio Taibo II, quien gustoso se\nsubi\u00f3 al <em>carruaje m\u00e1gico<\/em> de la 4T). <\/p>\n\n\n\n<p class=\"wp-block-paragraph\">Ciertamente que la ciudadan\u00eda recela de los medios\nde comunicaci\u00f3n (y encontr\u00f3 refugio en las redes sociales pasando de <em>guatemala<\/em> a <em>guatepeor<\/em>): Napole\u00f3n dec\u00eda que los peri\u00f3dicos hostiles eran \u201cm\u00e1s\ntemibles que mil bayonetas\u201d; Chesterton: que el periodismo consist\u00eda\nesencialmente en decir \u201cLord Jones ha muerto\u201d a gente que no sab\u00eda que Lord\nJones estaba vivo; y Aneurin Bevan se\u00f1al\u00f3 que leer diarios era su forma de\n\u201cficci\u00f3n continua\u201d. Vicente Fox, por su parte, recomendaba no leer las noticas\nde los medios en la ma\u00f1ana \u201cpara no arruinarse el desayuno\u201d. Y as\u00ed. <\/p>\n\n\n\n<p class=\"wp-block-paragraph\">Respecto de la Opini\u00f3n P\u00fablica, ah\u00ed los momios de\nAMLO var\u00edan porque, aunque esta se nutre tambi\u00e9n del parecer en general, se\nconfigura adem\u00e1s con los conceptos de los acad\u00e9micos de los periodistas mismos,\nde los empresarios, los pol\u00edticos, del clero, de las ONG\u00b4s y dem\u00e1s, para\nquienes la realidad merece una revisada antes de entrar en las entelequias del\npopulismo. <\/p>\n\n\n\n<p class=\"wp-block-paragraph\">Esa opini\u00f3n m\u00e1s informada, por ejemplo, da cuenta de\nque el Presidente se olvid\u00f3 de los h\u00e9roes Morelos, Hidalgo, Ju\u00e1rez, Madero y\nC\u00e1rdenas, s\u00edmbolos de la 4T, en su informe de gobierno, en el cual solo\nmencion\u00f3 tres nombres propios : el de Carlos Slim (el hombre m\u00e1s rico del\nmundo, seg\u00fan <em>Forbes<\/em>), el de Carlos Salazar\nLomel\u00ed, del <em>Consejo&nbsp; Coordinador Empresarial<\/em> y el de Antonio\nde Valle, tambi\u00e9n de la iniciativa privada ( que ser\u00edan los nuevos prohombres\nde M\u00e9xico), excluyendo a Gustavo de Hoyos, de la <em>Coparmex <\/em>\u2013por motivos que ya todos conocemos: no le aplaude sus\ndecisiones-.<\/p>\n\n\n\n<p class=\"wp-block-paragraph\">Slim, Salazar Lomel\u00ed, y del Valle son de la \u00e9lite rentista\ndel pa\u00eds que vive de los dividendos de sus capitales; a diferencia de Gustavo\nde Hoyos y de sus asociados en el sector patronal del pa\u00eds cuyos ingresos son\nel producto de su trabajo. Se trata de millones de grandes, medianos y peque\u00f1os\npatrones de todo el pa\u00eds que ir\u00edan a la quiebra (junto con casi 20 millones de\nsus empleados), si el gobierno se equivoca, a diferencia de aquellos que,\nsimplemente y como ya ha ocurrido, sacan sus fortunas del pa\u00eds.<\/p>\n\n\n\n<p class=\"wp-block-paragraph\">El jefe de la oficina de la Presidencia es Alfonso Romo,\nuno de los rentistas m\u00e1s grandes de M\u00e9xico, pero como se sum\u00f3 a la 4T ha\nquedado libre de culpa, como aquellos arrepentidos de los cuales se vale Dios\npara salvar al mundo. <\/p>\n","protected":false},"excerpt":{"rendered":"<p>Los Nuevos Superh\u00e9roes de la 4T<\/p>\n","protected":false},"author":3,"featured_media":11689,"comment_status":"open","ping_status":"open","sticky":false,"template":"","format":"standard","meta":{"_monsterinsights_skip_tracking":false,"footnotes":""},"categories":[690,100,72],"tags":[],"class_list":["post-11688","post","type-post","status-publish","format-standard","has-post-thumbnail","category-690","category-mujer-y-poder","category-natalia-vidales"],"_links":{"self":[{"href":"https:\/\/redsemlac.com\/semmexico\/wp-json\/wp\/v2\/posts\/11688","targetHints":{"allow":["GET"]}}],"collection":[{"href":"https:\/\/redsemlac.com\/semmexico\/wp-json\/wp\/v2\/posts"}],"about":[{"href":"https:\/\/redsemlac.com\/semmexico\/wp-json\/wp\/v2\/types\/post"}],"author":[{"embeddable":true,"href":"https:\/\/redsemlac.com\/semmexico\/wp-json\/wp\/v2\/users\/3"}],"replies":[{"embeddable":true,"href":"https:\/\/redsemlac.com\/semmexico\/wp-json\/wp\/v2\/comments?post=11688"}],"version-history":[{"count":0,"href":"https:\/\/redsemlac.com\/semmexico\/wp-json\/wp\/v2\/posts\/11688\/revisions"}],"wp:featuredmedia":[{"embeddable":true,"href":"https:\/\/redsemlac.com\/semmexico\/wp-json\/wp\/v2\/media\/11689"}],"wp:attachment":[{"href":"https:\/\/redsemlac.com\/semmexico\/wp-json\/wp\/v2\/media?parent=11688"}],"wp:term":[{"taxonomy":"category","embeddable":true,"href":"https:\/\/redsemlac.com\/semmexico\/wp-json\/wp\/v2\/categories?post=11688"},{"taxonomy":"post_tag","embeddable":true,"href":"https:\/\/redsemlac.com\/semmexico\/wp-json\/wp\/v2\/tags?post=11688"}],"curies":[{"name":"wp","href":"https:\/\/api.w.org\/{rel}","templated":true}]}}