{"id":11665,"date":"2019-09-09T16:53:50","date_gmt":"2019-09-09T16:53:50","guid":{"rendered":"https:\/\/redsemlac.com\/semmexico\/?p=11665"},"modified":"2023-07-21T14:53:30","modified_gmt":"2023-07-21T19:53:30","slug":"francisco-toledo-el-maestro","status":"publish","type":"post","link":"https:\/\/redsemlac.com\/semmexico\/francisco-toledo-el-maestro\/","title":{"rendered":"Francisco Toledo, el Maestro"},"content":{"rendered":"\n<p class=\"wp-block-paragraph\"><strong>* Un hombre\nadmirado, benefactor, solidario y de gran talento<\/strong><\/p>\n\n\n\n<p class=\"wp-block-paragraph\"><strong>* Admirado,\nquerido y hoy universal<\/strong><\/p>\n\n\n\n<p class=\"wp-block-paragraph\"><strong>Texto: Jarqu\u00edn Edgar, fotograf\u00eda: Juan\nCarlos Reyes<\/strong><\/p>\n\n\n\n<p class=\"wp-block-paragraph\">SemM\u00e9xico,\nOaxaca, 9 septiembre 2019.- El pasado 5 de septiembre falleci\u00f3 Francisco\nToledo. Retomo esto que escrib\u00ed para la Revista Aprehender (A\u00f1o II, No. 7\nAgosto-Septiembre 2010) Revista de Divulgaci\u00f3n en Ciencia, Tecnolog\u00eda, Arte y\nCultura de la Comisi\u00f3n Municipal de Ciencia y Tecnolog\u00eda de Oaxaca de Ju\u00e1rez,\nescrita entonces con motivo de su 70 aniversario de vida.<\/p>\n\n\n\n<p class=\"wp-block-paragraph\"><strong>I.<\/strong><\/p>\n\n\n\n<p class=\"wp-block-paragraph\">Un\nd\u00eda por la ma\u00f1ana camino sobre el andador tur\u00edstico, delante de mi va una\npareja, hablan, yo escucho lo que dicen, mientras hacen m\u00e1s lento su andar de\ngente madura, yo hago lo mismo para seguir detr\u00e1s de ellos:<\/p>\n\n\n\n<p class=\"wp-block-paragraph\">&#8211;\n\u00a1Mira, es el maestro!<\/p>\n\n\n\n<p class=\"wp-block-paragraph\">&#8211;\nS\u00ed, es \u00e9l.<\/p>\n\n\n\n<p class=\"wp-block-paragraph\">S\u00ed\nera \u00e9l, el maestro Francisco Toledo, con su camisa blanca arrugada, sus\npantalones oscuros\u2026 yo tambi\u00e9n lo admiro, viene de frente a la pareja, a m\u00ed,\nque para entonces ya \u00e9ramos tres.<\/p>\n\n\n\n<p class=\"wp-block-paragraph\">&#8211;\nSu bolsa, ve su bolsa. Dice la mujer con \u00e1nimo y curiosidad en su voz.<\/p>\n\n\n\n<p class=\"wp-block-paragraph\">Como\nsi ella me hablara, veo la bolsa de Toledo.<\/p>\n\n\n\n<p class=\"wp-block-paragraph\">&#8211;\nNo es su bolsa, dice el hombre que sosten\u00eda la mano izquierda de su pareja. \u2013Es\nsu portafolios. Se r\u00eden con discreci\u00f3n y siguen admirando al cada vez m\u00e1s cercano\nMaestro.<\/p>\n\n\n\n<p class=\"wp-block-paragraph\">Su\nbolsa, su portafolios, era como la que antes usaban nuestras madres para ir al\nmercado, de hilos de pl\u00e1stico y jaretas. <\/p>\n\n\n\n<p class=\"wp-block-paragraph\">Toledo\ncaminaba despacio sin percatarse de nada ni de nadie. Caminaba como si viniera\nde la mano de su bolsa, su portafolios, con sus huaraches, su camisa arrugada\ncomo su pelo revuelto, su humanidad entera que se nota, sus manos de artista.\nSu paso suave se interrumpe apenas un segundo cuando escucha un t\u00edmido:<\/p>\n\n\n\n<p class=\"wp-block-paragraph\">-Buenos\nd\u00edas Maestro.<\/p>\n\n\n\n<p class=\"wp-block-paragraph\">\u00c9l\nresponde con su voz apenas audible. Buenos d\u00edas y pasa, sigue su camino y\nencoje sus hombros. Los tres, la pareja y yo lo vemos pasar, delgado como\nsiempre, seguido por el peso de su inmensa humanidad que se le pega siempre\ncomo su sombra. Ellos, la pareja, emocionados caminan sobre las nubes de\ncantera verde y el maestro se pierde de nuestra vista cuando entra al MACO. La\npareja de visitantes sigue sin dar cr\u00e9dito y yo me siento m\u00e1s oaxaque\u00f1a que\nnunca. Qu\u00e9 orgullo, me digo y me despido de ellos sin despedirme, muda me voy\nsobre el mismo espacio donde pas\u00f3 Francisco Toledo, el Maestro.<\/p>\n\n\n\n<p class=\"wp-block-paragraph\"><strong>II.<\/strong><\/p>\n\n\n\n<p class=\"wp-block-paragraph\">1993.\nEntro a la redacci\u00f3n del peri\u00f3dico donde trabajo, les digo que tengo una\nentrevista con Francisco Toledo. La jefa de redacci\u00f3n casi grita y pregunta\nincr\u00e9dula: \u00bfEn serio? Yo, casi inocente, digo que s\u00ed. Ella parece volverse loca\npor un instante. Me dice que a nadie le da entrevistas y me pregunta de qu\u00e9\nhablamos. Le cuento que sobre su vida, sobre Oaxaca\u2026 Escribe, escribe pronto,\nme dice, me presiona mientras camino diciendo cosas que yo ya no escucho. \u00bfQu\u00e9\nhice? \u00bfqu\u00e9 hice? Me pregunto. Nerviosa, escucho la entrevista grabada en un\ncasete, donde antes hab\u00edan sido grabadas otras entrevistas. Reviso mis notas,\nsigo nerviosa, la noche se me viene encima, yo no puedo escribir nada, ni una\npalabra. Qu\u00e9 tal si nos les gusta, qu\u00e9 tal si esto, qu\u00e9 tal si lo otro y sigo\npregunt\u00e1ndome lo mismo \u00bfqu\u00e9 hice? \u00bfqu\u00e9 hice? Aquella entrevista nunca la\nescrib\u00ed, estaba aterrada, prefer\u00ed seguir guardando su silencio. Despu\u00e9s dio\nmuchas entrevistas, incluso a m\u00ed, ya no como entonces en las oficinas del MACO,\nsobre su silla de ocote, donde jug\u00f3 incansable con un l\u00e1piz, donde su voz\nbajaba y bajaba el volumen. Aquella entrevista sigue guardada en el mismo\ncasete de siempre que se qued\u00f3 guardado en el mismo lugar del para siempre y en\nsilencio.<\/p>\n\n\n\n<p class=\"wp-block-paragraph\"><strong>III.<\/strong><\/p>\n\n\n\n<p class=\"wp-block-paragraph\">2007.\nMe sent\u00e9 en una de las viejas mesas y sillas de ocote quebradas por el sol que\nse filtra entre las enramadas que han formado las buganvilias y que, por su\naltura, hacen las veces de techo o cielo. Sillas y mesas cacarizas por el\ntiempo o el uso, cacarizas por cada una de las palabras que ah\u00ed se han dicho,\nah\u00ed en el segundo patio del Instituto de Artes Gr\u00e1ficas de Oaxaca, donde las\nparedes blancas dan tranquilidad, la gente que apenas habla, me permiten\nremontarme al tiempo infinito, sacia mi necesidad de escuchar el silencio, o\u00edr\nla voz de mi consciencia, para no olvidar el tiempo que vivimos. Y, ah\u00ed, entre\nlas sombras y luces naturales, como lluviecita, caen las hojas blancas, rosas\nchillantes y verdes de las buganvilias, hojas que se disfrazan de flores, que\nlos aires de febrero arrancan del cielo-techo que forma el arbusto trepador.<\/p>\n\n\n\n<p class=\"wp-block-paragraph\">Alguien\nme interrumpe con sus pasos silenciosos, ensimismado, es Francisco Toledo.\nApenas mira, es m\u00e1s, ni siquiera me mira, porque siempre est\u00e1 viendo hacia\ndonde nadie ve. Se rasca la cabeza, se confunde y me confunde \u00bfpor qu\u00e9 se rasca\nla cabeza? Luego me respondo, mientras \u00e9l sigue sus andanzas silenciosas, de\npuerta en puerta de ese \u00fanico lugar donde se lee gratis el peri\u00f3dico, se\nescuchan rumores de nada o se oyen preocupaciones sociales, lo que una quiera.<\/p>\n\n\n\n<p class=\"wp-block-paragraph\">Francisco\nToledo est\u00e1 preocupado, por eso se rasca la cabeza. Francisco Toledo tiene una\nidea por eso se rasca la cabeza. Francisco Toledo tiene un di\u00e1logo interno,\nalgo crece dentro de su cerebro, por eso se rasca la cabeza. Francisco Toledo\nes una de esas criaturas que se duelen de todo, luego \u2013pienso y pienso- har\u00e1\nuna obra con tantas desgracias, seguro que s\u00ed. Crear\u00e1 una obra, por eso se\nrasca la cabeza.<\/p>\n\n\n\n<figure class=\"wp-block-image\"><img decoding=\"async\" src=\"https:\/\/redsemlac.com\/semmexico\/wp-content\/uploads\/2019\/09\/toledo02-1024x683.jpg\" alt=\"\" class=\"wp-image-11666\"\/><\/figure>\n\n\n\n<p class=\"wp-block-paragraph\">Me\nparece un hombre delicado, cuando habla su voz apenas se escucha. Cuando se le\nentrevista su voz es diminuta, pero sus palabras son como dardos envenenados.\nAlgunos se incomodan con lo que dice. Porque Toledo est\u00e1 en todo. Porque apoy\u00f3\na las mujeres loxichas, sus comadres; apoy\u00f3 a los presos y presas del 25 de\nnoviembre de aquel ya lejano tiempo del 2006 y cercano a la memoria. Cu\u00e1nta\nfuerza tiene este hombre de unos 60 kilos de peso, pero de varias toneladas, de\nmuchas toneladas de conciencia \u00bfPor qu\u00e9 Toledo se qued\u00f3 con tanta conciencia\nsocial? \u00bfSer\u00e1 que en esto tambi\u00e9n tenemos inequidades y la distribuci\u00f3n de la\nconciencia social se qued\u00f3 en Oaxaca hacia un solo hombre?<\/p>\n\n\n\n<p class=\"wp-block-paragraph\">Ah\u00ed\nme quedo, miro el peri\u00f3dico, miro al artista, miro mi peque\u00f1a conciencia. Leo.\nToledo entra y sale. Su fantasmag\u00f3rica figura parece volar, la m\u00eda est\u00e1 clavada\nen la lectura y en un acto causal encuentro una estrofa del poema <em>No me pidan razones<\/em> de Jos\u00e9 Saramago,\nque pareciera dedicado a este se\u00f1or raro, misterioso, que pensativo se rasca la\ncabeza: <\/p>\n\n\n\n<p class=\"wp-block-paragraph\"><em>No me pidan razones, no las tengo, <\/em><\/p>\n\n\n\n<p class=\"wp-block-paragraph\"><em>La marea rebelde que me llena el\npecho.<\/em><\/p>\n\n\n\n<p class=\"wp-block-paragraph\"><em>Mal en este mundo, mal con esta ley:<\/em><\/p>\n\n\n\n<p class=\"wp-block-paragraph\"><em>No hice yo la ley ni el mundo acepto.<\/em><\/p>\n\n\n\n<p class=\"wp-block-paragraph\">Me\npareci\u00f3 en ese momento que el artista pl\u00e1stico y el escritor se hab\u00edan cruzado en\nese instante en el patio de buganvilias blancas y rosas, de sillas carcomidas,\ncacarizas. Que el oaxaque\u00f1o y el portugu\u00e9s se hab\u00edan contado sus dolores, que\nhab\u00edan puesto sobre la mesa de madera de ocote sus conciencias. Pura\nimaginaci\u00f3n, un presagio, nada.&nbsp; Pero la\nvisita al IAGO fue un remanso y me llev\u00f3 a agradecerle a Toledo su presencia,\nsus contribuciones, sus acciones, incluyendo las que hizo para devolvernos el\nconvento de Santo Domingo y a la vez que se puso en huelga de hambre a las\npuertas del convento de Santa Catarina, alg\u00fan d\u00eda Maestro, lo devolver\u00e1n.<\/p>\n\n\n\n<p class=\"wp-block-paragraph\">Ten\u00eda\npensado contarles otra historia. Otro d\u00eda les contar\u00e9 la historia del <em>bungy, <\/em>para hacerles re\u00edr un poco. Pero\nesta ma\u00f1ana estaba sentada sobre las sillas viejas del IAGO, cuando pas\u00f3 con su\ncamisa arrugada, media blanca, con su pelo enmara\u00f1ado, muy negro, este hombre\nde grandes sue\u00f1os y grandes anhelos.<\/p>\n\n\n\n<p class=\"wp-block-paragraph\">Su\ncuerpo es como esos papalotes que hacen en el Taller de Arte Papel Oaxaca,\nligero, apenas reforzado por tiras delgadas de carrizo, como sus huesos. Cuando\nvi la primera vez los papalotes con esos murci\u00e9lagos o con la cara de Gandhi y\nuna leyenda sobre la paz por Oaxaca, con esos colores de tierra, era f\u00e1cil\nimaginarlo de ni\u00f1o, jugando sus papalotes de papel de china o de peri\u00f3dico o del\npapel que encontrara\u2026libre \u00e9l, volando alto.<\/p>\n","protected":false},"excerpt":{"rendered":"<p>Admirado, querido y hoy universal<\/p>\n","protected":false},"author":3,"featured_media":11667,"comment_status":"open","ping_status":"open","sticky":false,"template":"","format":"standard","meta":{"_monsterinsights_skip_tracking":false,"footnotes":""},"categories":[690,52],"tags":[],"class_list":["post-11665","post","type-post","status-publish","format-standard","has-post-thumbnail","category-690","category-hombres"],"_links":{"self":[{"href":"https:\/\/redsemlac.com\/semmexico\/wp-json\/wp\/v2\/posts\/11665","targetHints":{"allow":["GET"]}}],"collection":[{"href":"https:\/\/redsemlac.com\/semmexico\/wp-json\/wp\/v2\/posts"}],"about":[{"href":"https:\/\/redsemlac.com\/semmexico\/wp-json\/wp\/v2\/types\/post"}],"author":[{"embeddable":true,"href":"https:\/\/redsemlac.com\/semmexico\/wp-json\/wp\/v2\/users\/3"}],"replies":[{"embeddable":true,"href":"https:\/\/redsemlac.com\/semmexico\/wp-json\/wp\/v2\/comments?post=11665"}],"version-history":[{"count":0,"href":"https:\/\/redsemlac.com\/semmexico\/wp-json\/wp\/v2\/posts\/11665\/revisions"}],"wp:featuredmedia":[{"embeddable":true,"href":"https:\/\/redsemlac.com\/semmexico\/wp-json\/wp\/v2\/media\/11667"}],"wp:attachment":[{"href":"https:\/\/redsemlac.com\/semmexico\/wp-json\/wp\/v2\/media?parent=11665"}],"wp:term":[{"taxonomy":"category","embeddable":true,"href":"https:\/\/redsemlac.com\/semmexico\/wp-json\/wp\/v2\/categories?post=11665"},{"taxonomy":"post_tag","embeddable":true,"href":"https:\/\/redsemlac.com\/semmexico\/wp-json\/wp\/v2\/tags?post=11665"}],"curies":[{"name":"wp","href":"https:\/\/api.w.org\/{rel}","templated":true}]}}