{"id":11634,"date":"2019-09-06T16:07:30","date_gmt":"2019-09-06T16:07:30","guid":{"rendered":"https:\/\/redsemlac.com\/semmexico\/?p=11634"},"modified":"2023-07-21T14:53:31","modified_gmt":"2023-07-21T19:53:31","slug":"urgen-mas-juzgadoras-dispuestas-a-trabajar-por-las-causas-de-todas","status":"publish","type":"post","link":"https:\/\/redsemlac.com\/semmexico\/urgen-mas-juzgadoras-dispuestas-a-trabajar-por-las-causas-de-todas\/","title":{"rendered":"Urgen m\u00e1s juzgadoras dispuestas a trabajar por las causas de todas"},"content":{"rendered":"\n<p class=\"wp-block-paragraph\"><strong>Se re\u00fanen senadoras\ncon presidentas de Tribunales de justicia de cuatro entidades.<\/strong><\/p>\n\n\n\n<p class=\"wp-block-paragraph\"><strong>Redacci\u00f3n<\/strong><\/p>\n\n\n\n<p class=\"wp-block-paragraph\">SemM\u00e9xico\/Billie Parker Noticias. Ciudad de M\u00e9xico.&nbsp; 06 de septiembre 2019.- Integrantes de la\nComisi\u00f3n para la Igualdad de G\u00e9nero, que preside la senadora Martha Luc\u00eda\nMicher Camarena, se reunieron con presidentas de Tribunales de Justicia de\ndiversas entidades de la Rep\u00fablica para intercambiar puntos de vista, alcance y\ndiagnostico respecto de la elaboraci\u00f3n de las leyes secundarias de la reforma\nconstitucional en materia de paridad, para su aplicaci\u00f3n en todos los espacios\nde toma de decisiones.<\/p>\n\n\n\n<p class=\"wp-block-paragraph\">Micher Camarena confi\u00f3 en que, con la presencia de un mayor\nn\u00famero de mujeres en los tribunales, se contribuya a la emisi\u00f3n de sentencias\ncon perspectiva de g\u00e9nero. Es decir, que la resoluci\u00f3n que se adopte no se base\nen estereotipos o juicios de g\u00e9nero sino en el modelo de derechos humanos.<\/p>\n\n\n\n<p class=\"wp-block-paragraph\">La senadora de Morena record\u00f3 que desde el 2016 la Suprema\nCorte de Justicia de la Naci\u00f3n emiti\u00f3 un criterio declaratorio para aplicar la\njusticia con perspectiva de g\u00e9nero. El mismo establece que las personas\njuzgadoras deben contar con las herramientas para identificar prejuicios y\nhacer un an\u00e1lisis de g\u00e9nero de las controversias que les toca resolver.<\/p>\n\n\n\n<p class=\"wp-block-paragraph\">&nbsp;\u201cNecesitamos m\u00e1s\nmujeres juzgadoras, dispuestas y comprometidas a trabajar por las causas de\ntodas\u201d, pues a pesar de los logros para ampliar los espacios de participaci\u00f3n\nde las mujeres, \u00e9stas siguen sin acceder a una verdadera justicia e igualdad\nante la ley y los tribunales, sostuvo.<\/p>\n\n\n\n<p class=\"wp-block-paragraph\">La secretaria de la citada comisi\u00f3n, senadora Blanca Pi\u00f1a\nGudi\u00f1o, sugiri\u00f3 a las magistradas presidentas replicar el mensaje de la reuni\u00f3n\na las comunidades en sus estados para que las mujeres conozcan y sean\nconscientes de que son sujetos de derechos.<\/p>\n\n\n\n<p class=\"wp-block-paragraph\">Las magistradas presidentas de los tribunales superiores de\njusticia de Oaxaca, Mar\u00eda Eugenia Villanueva; Blanca S\u00e1nchez, de Hidalgo;\nClaudia Barrera, de Guanajuato; y Miriam C\u00e1rdenas Cant\u00fa, de Coahuila,\nconsideraron que hay temas pendientes en todo el pa\u00eds en relaci\u00f3n con la\nimpartici\u00f3n de justicia.<\/p>\n\n\n\n<p class=\"wp-block-paragraph\">Es necesario revisar la forma de aumentar lugares de\nparticipaci\u00f3n de las mujeres para un mayor empoderamiento; homologar la\ntipificaci\u00f3n de delitos como la violaci\u00f3n o feminicidio; adem\u00e1s revisar cu\u00e1les\nson las condiciones de las mujeres en prisi\u00f3n. Por ejemplo revisar los delitos\nde los cuales se les acusa y analizar si pueden ser sujetas de amnist\u00eda,\nconsideraron.<\/p>\n\n\n\n<p class=\"wp-block-paragraph\">SEM\/BP Noticias<\/p>\n","protected":false},"excerpt":{"rendered":"<p>Se re\u00fanen senadoras con presidentas de Tribunales de justicia de cuatro entidades.<\/p>\n","protected":false},"author":3,"featured_media":11635,"comment_status":"open","ping_status":"open","sticky":false,"template":"","format":"standard","meta":{"_monsterinsights_skip_tracking":false,"footnotes":""},"categories":[690,50],"tags":[],"class_list":["post-11634","post","type-post","status-publish","format-standard","has-post-thumbnail","category-690","category-congreso"],"_links":{"self":[{"href":"https:\/\/redsemlac.com\/semmexico\/wp-json\/wp\/v2\/posts\/11634","targetHints":{"allow":["GET"]}}],"collection":[{"href":"https:\/\/redsemlac.com\/semmexico\/wp-json\/wp\/v2\/posts"}],"about":[{"href":"https:\/\/redsemlac.com\/semmexico\/wp-json\/wp\/v2\/types\/post"}],"author":[{"embeddable":true,"href":"https:\/\/redsemlac.com\/semmexico\/wp-json\/wp\/v2\/users\/3"}],"replies":[{"embeddable":true,"href":"https:\/\/redsemlac.com\/semmexico\/wp-json\/wp\/v2\/comments?post=11634"}],"version-history":[{"count":0,"href":"https:\/\/redsemlac.com\/semmexico\/wp-json\/wp\/v2\/posts\/11634\/revisions"}],"wp:featuredmedia":[{"embeddable":true,"href":"https:\/\/redsemlac.com\/semmexico\/wp-json\/wp\/v2\/media\/11635"}],"wp:attachment":[{"href":"https:\/\/redsemlac.com\/semmexico\/wp-json\/wp\/v2\/media?parent=11634"}],"wp:term":[{"taxonomy":"category","embeddable":true,"href":"https:\/\/redsemlac.com\/semmexico\/wp-json\/wp\/v2\/categories?post=11634"},{"taxonomy":"post_tag","embeddable":true,"href":"https:\/\/redsemlac.com\/semmexico\/wp-json\/wp\/v2\/tags?post=11634"}],"curies":[{"name":"wp","href":"https:\/\/api.w.org\/{rel}","templated":true}]}}