{"id":11618,"date":"2019-09-06T15:07:57","date_gmt":"2019-09-06T15:07:57","guid":{"rendered":"https:\/\/redsemlac.com\/semmexico\/?p=11618"},"modified":"2023-07-21T14:53:32","modified_gmt":"2023-07-21T19:53:32","slug":"oaxaca-42","status":"publish","type":"post","link":"https:\/\/redsemlac.com\/semmexico\/oaxaca-42\/","title":{"rendered":"\u201cLas vueltas al sol se me est\u00e1n acabando\u2026\u201d"},"content":{"rendered":"\n<p class=\"wp-block-paragraph\"><strong>* Francisco Toledo muere a los 79 a\u00f1os<\/strong><\/p>\n\n\n\n<p class=\"wp-block-paragraph\"><strong>* No se equivoc\u00f3 en el registro de su muerte<\/strong><\/p>\n\n\n\n<p class=\"wp-block-paragraph\"><strong>Texto: Roc\u00edo\nFlores\/Foto: Jorge Luis Plata<\/strong><\/p>\n\n\n\n<p class=\"wp-block-paragraph\">SemM\u00e9xico\/Oaxaca Media, Oaxaca, 6\nseptiembre 2019.- \u201cComo un trompo demuestro que las vueltas frente al sol se me\nest\u00e1n acabando\u2026\u201d, brome\u00f3 el artista Francisco Toledo apenas hace un par de\na\u00f1os, de pie, en el patio central de su casa, convertida en el Centro de Artes\nGr\u00e1ficas de Oaxaca.<\/p>\n\n\n\n<p class=\"wp-block-paragraph\">El juchiteco se acerc\u00f3 a susurrar: \u201csi\nusted vive 77 a\u00f1os, \u00bfcu\u00e1ntas veces ha visto el sol o cu\u00e1ntas veces su vida ha\ngirado frente al sol? Yo he vivido 20 mil ciento y pico d\u00edas frente a \u00e9l\u2026\u201d<\/p>\n\n\n\n<p class=\"wp-block-paragraph\">Considerado uno de los m\u00e1s grandes pintores\nque ha dado M\u00e9xico en los \u00faltimos tiempos, Toledo aseguraba que su muerte ser\u00eda\na la edad de Mahatma Ghandi, por quien confes\u00f3 su admiraci\u00f3n en 2015 durante\notra charla mientras com\u00eda un taco en ese mismo patio estilo juchiteco, lleno\nde bugambilias y sonidos de aves.<\/p>\n\n\n\n<p class=\"wp-block-paragraph\">Despu\u00e9s de haber aceptado su admiraci\u00f3n por\nel art\u00edfice de la independencia en la India, pregunt\u00f3 a su asistente Regina\nMej\u00eda<\/p>\n\n\n\n<p class=\"wp-block-paragraph\">-\u00bfGandhi a los cu\u00e1ntos a\u00f1os muri\u00f3?&nbsp;\nPerd\u00f3n que me compare con \u00e9l\u2026<\/p>\n\n\n\n<p class=\"wp-block-paragraph\">-A los 79\u2013 le responden.<\/p>\n\n\n\n<p class=\"wp-block-paragraph\">Entonces me quedan cuatro a\u00f1os, dijo el\njuchiteco y retom\u00f3 la charla para seguir hablando de la pol\u00edtica de Gandhi, de\nsu entrega total a la India luchaba contra el dominio&nbsp;de los ingleses.<\/p>\n\n\n\n<p class=\"wp-block-paragraph\"><em>\u201cPara mi hacer pol\u00edtica tambi\u00e9n es decir\nlas cosas que uno piensa, protestar, sin embargo, \u00e9l ten\u00eda una gran\nconvocatoria y una cierta santidad&nbsp; que obviamente yo no tengo ni voy a\ntener nunca\u201d\u2026 &nbsp;coment\u00f3 y solt\u00f3 una sonrisa<\/em><\/p>\n\n\n\n<p class=\"wp-block-paragraph\">Ghandi muri\u00f3 a los 78 a\u00f1os, pero Toledo no\nse equivoc\u00f3 en el registro de su muerte, muri\u00f3 cuatro a\u00f1os despu\u00e9s de esa\nentrevista. <\/p>\n\n\n\n<p class=\"wp-block-paragraph\"><strong><em>Gracias por tanto Maestro.<\/em><\/strong><\/p>\n","protected":false},"excerpt":{"rendered":"<p>* No se equivoc\u00f3 en el registro de su muerte<\/p>\n","protected":false},"author":3,"featured_media":11619,"comment_status":"open","ping_status":"open","sticky":false,"template":"","format":"standard","meta":{"_monsterinsights_skip_tracking":false,"footnotes":""},"categories":[690,52],"tags":[],"class_list":["post-11618","post","type-post","status-publish","format-standard","has-post-thumbnail","category-690","category-hombres"],"_links":{"self":[{"href":"https:\/\/redsemlac.com\/semmexico\/wp-json\/wp\/v2\/posts\/11618","targetHints":{"allow":["GET"]}}],"collection":[{"href":"https:\/\/redsemlac.com\/semmexico\/wp-json\/wp\/v2\/posts"}],"about":[{"href":"https:\/\/redsemlac.com\/semmexico\/wp-json\/wp\/v2\/types\/post"}],"author":[{"embeddable":true,"href":"https:\/\/redsemlac.com\/semmexico\/wp-json\/wp\/v2\/users\/3"}],"replies":[{"embeddable":true,"href":"https:\/\/redsemlac.com\/semmexico\/wp-json\/wp\/v2\/comments?post=11618"}],"version-history":[{"count":0,"href":"https:\/\/redsemlac.com\/semmexico\/wp-json\/wp\/v2\/posts\/11618\/revisions"}],"wp:featuredmedia":[{"embeddable":true,"href":"https:\/\/redsemlac.com\/semmexico\/wp-json\/wp\/v2\/media\/11619"}],"wp:attachment":[{"href":"https:\/\/redsemlac.com\/semmexico\/wp-json\/wp\/v2\/media?parent=11618"}],"wp:term":[{"taxonomy":"category","embeddable":true,"href":"https:\/\/redsemlac.com\/semmexico\/wp-json\/wp\/v2\/categories?post=11618"},{"taxonomy":"post_tag","embeddable":true,"href":"https:\/\/redsemlac.com\/semmexico\/wp-json\/wp\/v2\/tags?post=11618"}],"curies":[{"name":"wp","href":"https:\/\/api.w.org\/{rel}","templated":true}]}}