{"id":11614,"date":"2019-09-06T15:00:57","date_gmt":"2019-09-06T15:00:57","guid":{"rendered":"https:\/\/redsemlac.com\/semmexico\/?p=11614"},"modified":"2023-07-21T14:53:32","modified_gmt":"2023-07-21T19:53:32","slug":"oaxaca-41","status":"publish","type":"post","link":"https:\/\/redsemlac.com\/semmexico\/oaxaca-41\/","title":{"rendered":"Asaltan a integrantes del grupo 8 de Marzo, en el Istmo"},"content":{"rendered":"\n<p class=\"wp-block-paragraph\"><strong>* Se habr\u00edan llevado informaci\u00f3n\nrelacionada con el albergue<\/strong><\/p>\n\n\n\n<p class=\"wp-block-paragraph\"><strong>* El Istmo regi\u00f3n insegura para las\nmujeres<\/strong><\/p>\n\n\n\n<p class=\"wp-block-paragraph\"><strong>Patricia Brise\u00f1o<\/strong><\/p>\n\n\n\n<p class=\"wp-block-paragraph\">SemM\u00e9xico,\nOaxaca, 6 septiembre 2019.- &nbsp;El \u201cGrupo de\nMujeres 8 de Marzo\u201d denunci\u00f3 que tres de sus integrantes fueron v\u00edctimas de un presunto\nasalto a mano armada, cerca de la sede de esta asociaci\u00f3n en el municipio de\nJuchit\u00e1n de Zaragoza.<\/p>\n\n\n\n<p class=\"wp-block-paragraph\">Las\ndefensoras de los derechos humanos de las mujeres fueron despojadas de sus\npertenencias e informaci\u00f3n sensible relacionada con los casos que atienden en\nel Centro de Apoyo y Atenci\u00f3n a la Mujer Istme\u00f1a CAAMI, \u00fanico albergue para las\nmujeres violentadas en el estado, inform\u00f3 Natalia Xicar\u00fa Torres Gonz\u00e1lez.<\/p>\n\n\n\n<p class=\"wp-block-paragraph\">A\nprop\u00f3sito de la conmemoraci\u00f3n del D\u00eda de la Mujer Ind\u00edgena, Torres Gonz\u00e1lez\ndetall\u00f3 en rueda de prensa que el asalto a mano armada ocurri\u00f3 el martes 3 de\nseptiembre, en la Segunda Secci\u00f3n de Juchit\u00e1n, alrededor de las cuatro de la\ntarde. <\/p>\n\n\n\n<p class=\"wp-block-paragraph\">\u201cLos\nsupuestos asaltantes se llevaron documentos relacionado con la defensa de las\nmujeres, as\u00ed como seguimiento de algunos casos\u201d, detall\u00f3. Por estos hechos la\nrepresentaci\u00f3n legal del colectivo present\u00f3 la denuncia en la Vicefiscal\u00eda\nGeneral de la regi\u00f3n del Istmo, instituci\u00f3n que inici\u00f3 la carpeta de\ninvestigaci\u00f3n correspondiente.<\/p>\n\n\n\n<p class=\"wp-block-paragraph\">Torres\nGonz\u00e1lez lament\u00f3 que la violencia sea parte del nuevo rostro de la regi\u00f3n,\nactualmente, agreg\u00f3, \u201cel Istmo es uno de los lugares m\u00e1s inseguros para las\nmujeres, donde cada d\u00eda ocurren homicidios, feminicidios, asaltos, secuestros,\ntodo ello con altos niveles de violencia y sin obtener respuestas de las\ninstituciones de procuraci\u00f3n de justicia\u201d. <\/p>\n\n\n\n<p class=\"wp-block-paragraph\">Acompa\u00f1ada\npor las fundadoras del colectivo, adem\u00e1s de personal del CAAMI y feministas\nadherentes, la activista mencion\u00f3 que, en este a\u00f1o, en el estado de Oaxaca, el\n33 por ciento de los feminicidios han ocurrido en el Istmo de Tehuantepec.<\/p>\n\n\n\n<p class=\"wp-block-paragraph\"><strong>Feminicidio aumenta, AVG sin programa<\/strong><\/p>\n\n\n\n<p class=\"wp-block-paragraph\">Consider\u00f3\nque la violencia estructural y los niveles de violencia han ido en aumento, \u201cla\nsa\u00f1a y el odio con el que son asesinadas las mujeres y ni\u00f1as quienes han\npresentado un registro de agresiones donde se mezclan violaciones, golpes,\nheridas y privaci\u00f3n de su libertad\u201d.<\/p>\n\n\n\n<p class=\"wp-block-paragraph\">A\npesar de la emisi\u00f3n de la Alerta de Violencia de G\u00e9nero (AVG) en el estado y en\n40 municipios, entre ellos Juchit\u00e1n, no se cuenta con un programa espec\u00edfico,\npol\u00edticas p\u00fablicas que garanticen la vida, la libertad y la seguridad de las\nmujeres. <\/p>\n\n\n\n<p class=\"wp-block-paragraph\">Ser\u00e1\nque \u00bfno les ha importado la vida de las mujeres y las ni\u00f1as?, pregunt\u00f3.<\/p>\n\n\n\n<figure class=\"wp-block-image\"><img loading=\"lazy\" decoding=\"async\" width=\"960\" height=\"539\" src=\"https:\/\/redsemlac.com\/semmexico\/wp-content\/uploads\/2019\/09\/ofrenda.jpeg\" alt=\"\" class=\"wp-image-11616\"\/><\/figure>\n\n\n\n<p class=\"wp-block-paragraph\">Las\nintegrantes del Grupo de Mujeres 8 de Marzo recordaron a la Mujer Ind\u00edgena y el\n153 aniversario de la Gesta Heroica de los Juchitecos y Juchitecas contra los\nfranceses en 1866; acompa\u00f1adas de mujeres de la Alianza Simona Robles\nofrecieron una ofrenda floral en el Monumento a las Hero\u00ednas y H\u00e9roes de\nJuchit\u00e1n.<\/p>\n\n\n\n<p class=\"wp-block-paragraph\">SEM\/pb\/sj<\/p>\n","protected":false},"excerpt":{"rendered":"<p>Se habr\u00edan llevado informaci\u00f3n relacionada con el albergue<\/p>\n","protected":false},"author":3,"featured_media":11615,"comment_status":"open","ping_status":"open","sticky":false,"template":"","format":"standard","meta":{"_monsterinsights_skip_tracking":false,"footnotes":""},"categories":[690,54],"tags":[],"class_list":["post-11614","post","type-post","status-publish","format-standard","has-post-thumbnail","category-690","category-mujeres"],"_links":{"self":[{"href":"https:\/\/redsemlac.com\/semmexico\/wp-json\/wp\/v2\/posts\/11614","targetHints":{"allow":["GET"]}}],"collection":[{"href":"https:\/\/redsemlac.com\/semmexico\/wp-json\/wp\/v2\/posts"}],"about":[{"href":"https:\/\/redsemlac.com\/semmexico\/wp-json\/wp\/v2\/types\/post"}],"author":[{"embeddable":true,"href":"https:\/\/redsemlac.com\/semmexico\/wp-json\/wp\/v2\/users\/3"}],"replies":[{"embeddable":true,"href":"https:\/\/redsemlac.com\/semmexico\/wp-json\/wp\/v2\/comments?post=11614"}],"version-history":[{"count":0,"href":"https:\/\/redsemlac.com\/semmexico\/wp-json\/wp\/v2\/posts\/11614\/revisions"}],"wp:featuredmedia":[{"embeddable":true,"href":"https:\/\/redsemlac.com\/semmexico\/wp-json\/wp\/v2\/media\/11615"}],"wp:attachment":[{"href":"https:\/\/redsemlac.com\/semmexico\/wp-json\/wp\/v2\/media?parent=11614"}],"wp:term":[{"taxonomy":"category","embeddable":true,"href":"https:\/\/redsemlac.com\/semmexico\/wp-json\/wp\/v2\/categories?post=11614"},{"taxonomy":"post_tag","embeddable":true,"href":"https:\/\/redsemlac.com\/semmexico\/wp-json\/wp\/v2\/tags?post=11614"}],"curies":[{"name":"wp","href":"https:\/\/api.w.org\/{rel}","templated":true}]}}