{"id":11611,"date":"2019-09-06T03:21:27","date_gmt":"2019-09-06T03:21:27","guid":{"rendered":"https:\/\/redsemlac.com\/semmexico\/?p=11611"},"modified":"2023-07-21T14:53:32","modified_gmt":"2023-07-21T19:53:32","slug":"fallecio-el-maestro-francisco-toledo","status":"publish","type":"post","link":"https:\/\/redsemlac.com\/semmexico\/fallecio-el-maestro-francisco-toledo\/","title":{"rendered":"Falleci\u00f3 el maestro Francisco Toledo"},"content":{"rendered":"\n<ul class=\"wp-block-list\"><li><strong>El arte mundial est\u00e1 de luto<\/strong><\/li><li><strong>Tamayo, Morales y Toledo los tres oaxaque\u00f1os universales <\/strong><\/li><\/ul>\n\n\n\n<p class=\"wp-block-paragraph\"><strong>Patricia Brise\u00f1o <\/strong><\/p>\n\n\n\n<p class=\"wp-block-paragraph\">SemM\u00e9xico, Oaxaca, 5 septiembre 2019.- El artista pl\u00e1stico Francisco Toledo (Francisco Benjam\u00edn ToledoL\u00f3pez)  falleci\u00f3 a la edad de 79 a\u00f1os  en la ciudad de Oaxaca, tras varias semanas de presentar un cuadro delicado de salud.<\/p>\n\n\n\n<p class=\"wp-block-paragraph\">Natalia Toledo, hija del artista confirm\u00f3 el deceso del tambi\u00e9n activista, promotor y benefactor de la cultura oaxaque\u00f1a.<\/p>\n\n\n\n<p class=\"wp-block-paragraph\">El Maestro como lo identifican sus vecinos y residentes de la capital de Oaxaca deja un legado invaluable para Oaxaca y el mundo.<\/p>\n\n\n\n<p class=\"wp-block-paragraph\">A trav\u00e9s de sus redes sociales, el gobernador, Alejandro Murat expres\u00f3 \u201cOaxaca est\u00e1 de luto por la p\u00e9rdida de un artista universal: Francisco Toledo. Nos deja como legado su magn\u00edfica obra, su pasi\u00f3n por nuestro estado y su espl\u00e9ndida calidad humana. QEPD\u201d.<\/p>\n","protected":false},"excerpt":{"rendered":"<p>El arte mundial est\u00e1 de luto<\/p>\n","protected":false},"author":3,"featured_media":11612,"comment_status":"open","ping_status":"open","sticky":false,"template":"","format":"standard","meta":{"_monsterinsights_skip_tracking":false,"footnotes":""},"categories":[690,52],"tags":[],"class_list":["post-11611","post","type-post","status-publish","format-standard","has-post-thumbnail","category-690","category-hombres"],"_links":{"self":[{"href":"https:\/\/redsemlac.com\/semmexico\/wp-json\/wp\/v2\/posts\/11611","targetHints":{"allow":["GET"]}}],"collection":[{"href":"https:\/\/redsemlac.com\/semmexico\/wp-json\/wp\/v2\/posts"}],"about":[{"href":"https:\/\/redsemlac.com\/semmexico\/wp-json\/wp\/v2\/types\/post"}],"author":[{"embeddable":true,"href":"https:\/\/redsemlac.com\/semmexico\/wp-json\/wp\/v2\/users\/3"}],"replies":[{"embeddable":true,"href":"https:\/\/redsemlac.com\/semmexico\/wp-json\/wp\/v2\/comments?post=11611"}],"version-history":[{"count":0,"href":"https:\/\/redsemlac.com\/semmexico\/wp-json\/wp\/v2\/posts\/11611\/revisions"}],"wp:featuredmedia":[{"embeddable":true,"href":"https:\/\/redsemlac.com\/semmexico\/wp-json\/wp\/v2\/media\/11612"}],"wp:attachment":[{"href":"https:\/\/redsemlac.com\/semmexico\/wp-json\/wp\/v2\/media?parent=11611"}],"wp:term":[{"taxonomy":"category","embeddable":true,"href":"https:\/\/redsemlac.com\/semmexico\/wp-json\/wp\/v2\/categories?post=11611"},{"taxonomy":"post_tag","embeddable":true,"href":"https:\/\/redsemlac.com\/semmexico\/wp-json\/wp\/v2\/tags?post=11611"}],"curies":[{"name":"wp","href":"https:\/\/api.w.org\/{rel}","templated":true}]}}