{"id":11609,"date":"2019-09-06T00:45:31","date_gmt":"2019-09-06T00:45:31","guid":{"rendered":"https:\/\/redsemlac.com\/semmexico\/?p=11609"},"modified":"2023-07-21T14:53:32","modified_gmt":"2023-07-21T19:53:32","slug":"opinion-94","status":"publish","type":"post","link":"https:\/\/redsemlac.com\/semmexico\/opinion-94\/","title":{"rendered":"Ambig\u00fa"},"content":{"rendered":"\n<h2 class=\"wp-block-heading\"><strong>La permisividad de Amlo con Mireles<\/strong><\/h2>\n\n\n\n<p class=\"wp-block-paragraph\"><strong>+ Tras el \u201cAbuelo\u201d, primero \u201cEl Mencho\u201d; ahora el Estado<\/strong>.<\/p>\n\n\n\n<p class=\"wp-block-paragraph\"><strong>Por Martha Elba Torres Mart\u00ednez<\/strong><\/p>\n\n\n\n<p class=\"wp-block-paragraph\">SemM\u00e9xico. 05 de septiembre 2019.- Al arrogante y d\u00e9spota mis\u00f3gino, machista de cuarta, Jos\u00e9 Manuel Mireles, subdelegado del ISSSTE en Michoac\u00e1n, algo le tengo que agradecer de su estupidez de esta semana: uni\u00f3 a mujeres pol\u00edticas, servidoras p\u00fablicas y activistas de todos los colores y tendencias, en su contra.<\/p>\n\n\n\n<p class=\"wp-block-paragraph\">Funcionarias como Julieta L\u00f3pez, Nuria Gabriela Hern\u00e1ndez y\nDiana Carpio, la ex senadora pri\u00edsta Roc\u00edo Pineda, la perredista Ver\u00f3nica\nNaranjo, diputadas como Zenaida Salvador, de Morena y activistas, como Circe\nL\u00f3pez. Hombres perredistas arroparon el pronunciamiento, como Antonio Garc\u00eda en\nel Senado de la Rep\u00fablica, Juan Bernardo Corona y diputados locales. Otros lo\npudieron considerar intrascendente. <\/p>\n\n\n\n<p class=\"wp-block-paragraph\">Pero me dio un gusto enorme verlas juntas la ma\u00f1ana de ayer,\npara defender a las \u201cpirujas\u201d concubinas y sus hijos que por una m\u00e9ndiga cuota de\n429 pesos de sus queridos, reciben atenci\u00f3n m\u00e9dica en el ISSSTE. \u00bfQui\u00e9n jodidos\nse cree Mireles para juzgar y vilipendiar a mujeres y sus relaciones, y cuestionar\nla aportaci\u00f3n del trabajador a la instituci\u00f3n federal? <\/p>\n\n\n\n<p class=\"wp-block-paragraph\">\u00bfQui\u00e9n putos le cuestion\u00f3 su amasiato con una adolescente de\n16 a\u00f1os cuando era vocero de las autodefensas de Michoac\u00e1n y acaso pag\u00f3 de su\nbolsa la atenci\u00f3n m\u00e9dica en enero de 2014, cuando le tumbaron la avioneta en la\nque viajaba con la jovencita, armas y dinero? Confieso que me enerv\u00f3 escuchar\nc\u00f3mo le contaba el fulano este, su historia de amor a Carmen Aristegui y la\nperiodista como si nada, embelesada con Mireles.<\/p>\n\n\n\n<p class=\"wp-block-paragraph\">Celebro el encuentro de mujeres en torno a la causa: no m\u00e1s\nviolencia f\u00edsica y verbal contra las mujeres, y menos cuando provenga de un\nservidor p\u00fablico como el subdelegado del ISSSTE. Deploro el silencio c\u00f3mplice\ndel presidente L\u00f3pez Obrador y del director general del Instituto, Luis Antonio\nRam\u00edrez, que hasta el cierre de esta entrega no hab\u00edan dicho ni p\u00edo sobre la\nburrada del empleado.<\/p>\n\n\n\n<p class=\"wp-block-paragraph\">Porque no era ni siquiera necesaria la exigencia de renuncia\nde Mireles y muchos menos una disculpa a trav\u00e9s de su red social personal. El\nPresidente debi\u00f3 ordenar su despido inmediato, porque ofendi\u00f3 a toda la\ncomunidad derechohabiente del ISSSTE. Por menos corri\u00f3 a Josefa Gonz\u00e1lez-Blanco\nde la titularidad de la Semarnat y por nada, despidi\u00f3 a miles de bur\u00f3cratas aun\ncuando hayan votado por \u00e9l.<\/p>\n\n\n\n<p class=\"wp-block-paragraph\">Este pat\u00e9tico evento con Mireles Valverde, es una muestra\nm\u00e1s de la permisividad presidencial a la violencia f\u00edsica y verbal contra las\nmujeres. Por eso m\u00e1s violaciones, m\u00e1s feminicidios, m\u00e1s brutalidad, as\u00ed\nprovengan de los propios servidores p\u00fablicos\u2026<\/p>\n\n\n\n<p class=\"wp-block-paragraph\">\u00a0\u00a0\u00a0\u00a0\u00a0\u00a0\u00a0\u00a0\u00a0\u00a0\u00a0\u00a0\u00a0\u00a0\u00a0\u00a0\u00a0\u00a0\u00a0\u00a0\u00a0\u00a0\u00a0\u00a0\u00a0\u00a0\u00a0\u00a0\u00a0\u00a0\u00a0\u00a0\u00a0\u00a0\u00a0\u00a0\u00a0\u00a0\u00a0\u00a0\u00a0\u00a0\u00a0\u00a0\u00a0\u00a0\u00a0\u00a0\u00a0\u00a0\u00a0\u00a0\u00a0\u00a0\u00a0\u00a0\u00a0\u00a0\u00a0\u00a0\u00a0\u00a0\u00a0\u00a0\u00a0\u00a0\u00a0\u00a0\u00a0\u00a0\u00a0\u00a0\u00a0\u00a0<strong>\u00a0\u00a0\u00a0 ***<\/strong><\/p>\n\n\n\n<p class=\"wp-block-paragraph\">Pero \u00bfqu\u00e9 le debe L\u00f3pez Obrador a Mireles? \u00bfvotos? \u00bfel\ntrabajo sucio con grupos armados en algunos estados del pa\u00eds? \u00bfPara eso le\nsirve?<\/p>\n\n\n\n<p class=\"wp-block-paragraph\">No hay que olvidar que Mireles es originario de Tepalcatepec\ny que fue \u00e9l \u2013como lo ha denunciado reiteradamente Hip\u00f3lito Mora-, quien le dio\nla entrada a su viejo amigo, Juan Jos\u00e9 Far\u00edas alias el \u201cAbuelo\u201d, a las\nautodefensas en 2013 y que hoy, es quien controla y dirige la seguridad en ese\nmunicipio.<\/p>\n\n\n\n<p class=\"wp-block-paragraph\">El gobernador Silvano Aureoles no minti\u00f3 en la rueda de\nprensa del pasado lunes 2, cuando dijo que Far\u00edas es quien quita y pone a los\npresidentes municipales en la regi\u00f3n.<\/p>\n\n\n\n<p class=\"wp-block-paragraph\">Le\u00ed la entrevista que el corresponsal de El Universal,\nCarlos Arrieta, realiz\u00f3 al alcalde Felipe Mart\u00ednez (PRI), porque ejemplifica a\nla perfecci\u00f3n, a la autoridad municipal monigote de un grupo armado.<\/p>\n\n\n\n<p class=\"wp-block-paragraph\">Como todos, se queja de la falta de presupuesto para\ntrabajar. Que recibe un mill\u00f3n de pesos al mes del fondo federal para\nseguridad, pero lo usa en otras cosas. Se ha negado a firmar el convenio de\nMando \u00danico con los gobiernos estatal y federal, porque lo obligar\u00eda a destinar\napenas 350 mil pesos para contar con polic\u00edas acreditados, patrullas y\nequipamiento.<\/p>\n\n\n\n<p class=\"wp-block-paragraph\">\u201cEl gobierno (federal y estatal) debe brindar seguridad,\nporque es su obligaci\u00f3n\u201d, dijo al reportero.<\/p>\n\n\n\n<p class=\"wp-block-paragraph\">Entonces, si el edil Mart\u00ednez P\u00e9rez no otorga ese servicio a\nla poblaci\u00f3n, \u00bfqui\u00e9n lo hace? Lo vimos el pasado 30 de agosto y 1 de\nseptiembre, a trav\u00e9s de los videos proporcionados por propios habitantes, la\nbase social de Far\u00edas \u00c1lvarez.<\/p>\n\n\n\n<p class=\"wp-block-paragraph\">El alcalde narr\u00f3 que est\u00e1n tan desamparados, que la \u00fanica\nforma como se alerta la poblaci\u00f3n de la incursi\u00f3n de otros grupos, es con\ncohetones y las campanas de la iglesia. Curioso, porque s\u00ed tienen para un dron que\nevidenci\u00f3 la madriza a los intrusos de Jalisco \u2013que s\u00ed que eran muchos, pero\nlos de Tepeque, m\u00e1s-; exhibieron las camionetas balaceadas y cuerpos tendidos.\n\u00bfY las armas que portaban? Alguien se las llev\u00f3 de recuerdito.<\/p>\n\n\n\n<p class=\"wp-block-paragraph\">Felipe Mart\u00ednez pudo haber esperado la entrada de toda la\nfuerza del Estado para apoyarlo y en una de esas, le reconoce la protecci\u00f3n\nbrindada por el \u201cAbuelo\u201d, pero no la hubo. Ni de su propio partido.<\/p>\n\n\n\n<p class=\"wp-block-paragraph\">Anteayer, Aureoles Conejo se reuni\u00f3 en la ciudad de M\u00e9xico\ncon el secretario de Seguridad y Protecci\u00f3n Ciudadana, Alfonso Durazo, para\ntratar el tema Tepalcatepec. Y no ha que cranearle mucho para entender que, el\nalcalde firma el convenio de Mando \u00danico como ha pedido reiteradamente el\ngobernador y el Presidente, o lo interviene la Federaci\u00f3n.<\/p>\n\n\n\n<p class=\"wp-block-paragraph\">Porque no hay pretexto que valga.<\/p>\n\n\n\n<p class=\"wp-block-paragraph\">El art\u00edculo 115 Constitucional, fracci\u00f3n III inciso h,\nestablece que los municipios tendr\u00e1n a su cargo las funciones y servicios\np\u00fablicos de (\u2026) \u201cseguridad p\u00fablica en los t\u00e9rminos del art\u00edculo 21 de la\nConstituci\u00f3n, polic\u00eda preventiva municipal y tr\u00e1nsito\u201d. Fracci\u00f3n VII: \u201cLa\npolic\u00eda preventiva estar\u00e1 al mando del presidente municipal en los t\u00e9rminos de la\nLey de Seguridad P\u00fablica del Estado. Aqu\u00e9lla acatar\u00e1 las \u00f3rdenes que el\nGobernador del Estado le transmita en aquellos casos que \u00e9ste juzgue como de\nfuerza mayor o alteraci\u00f3n grave del orden p\u00fablico\u201d. (Fuente: <a href=\"http:\/\/www.ordenjuridico.gob.mx\/Constitucion\/articulos\/115.pdf\">http:\/\/www.ordenjuridico.gob.mx\/Constitucion\/articulos\/115.pdf<\/a>)<\/p>\n\n\n\n<p class=\"wp-block-paragraph\">Art\u00edculo 21: Las instituciones de seguridad p\u00fablica,\nincluyendo la Guardia Nacional, ser\u00e1n de car\u00e1cter civil, disciplinado y\nprofesional. El Ministerio P\u00fablico y las instituciones policiales de los tres\n\u00f3rdenes de gobierno deber\u00e1n <strong>coordinarse<\/strong>\nentre s\u00ed para cumplir los fines de la seguridad p\u00fablica y conformar\u00e1n el\nSistema Nacional de Seguridad P\u00fablica, que estar\u00e1 sujeto a las siguientes bases\nm\u00ednimas (\u2026). Inciso e) Los fondos de ayuda federal para la seguridad p\u00fablica, a\nnivel nacional ser\u00e1n aportados a las entidades federativas y municipios para\nser destinados exclusivamente a estos fines\u201d.<\/p>\n\n\n\n<p class=\"wp-block-paragraph\">De la Ley General de Seguridad P\u00fablica, art\u00edculo 39 relativo\na la distribuci\u00f3n de competencias: Inciso A. Corresponde a la Federaci\u00f3n, por\nconducto de las autoridades competentes: I. Proponer las acciones tendientes a\nasegurar la <strong>coordinaci\u00f3n<\/strong> entre la\nFederaci\u00f3n, las entidades federativas y los Municipios\u201d.<\/p>\n\n\n\n<p class=\"wp-block-paragraph\">\u201cLos Estados y los Municipios podr\u00e1n coordinarse para hacer\nefectivo lo previsto en el art\u00edculo 115, fracciones III, inciso h) y VII, de la\nConstituci\u00f3n Pol\u00edtica de los Estados Unidos Mexicanos.<\/p>\n\n\n\n<p class=\"wp-block-paragraph\">\u201cLas Leyes Estatales de Seguridad P\u00fablica podr\u00e1n establecer\nla posibilidad de coordinaci\u00f3n, y en su caso, <strong>los medios<\/strong> para la m\u00e1s eficaz prestaci\u00f3n del servicio de seguridad\np\u00fablica entre un Estado y sus Municipios\u201d. (Fuente: <a href=\"http:\/\/www.diputados.gob.mx\/LeyesBiblio\/pdf\/LGSNSP_270519.pdf\">http:\/\/www.diputados.gob.mx\/LeyesBiblio\/pdf\/LGSNSP_270519.pdf<\/a>)<\/p>\n\n\n\n<p class=\"wp-block-paragraph\">Y otra. De acuerdo al despacho de prensa que dio cuenta de\nla reuni\u00f3n Aureoles-Durazo, no se permitir\u00e1 \u201cla presencia de grupos criminales\ndisfrazados de autodefensas, ni de civiles armados que operen al margen de la\nley realizando labores que competen a las instituciones\u201d.<\/p>\n\n\n\n<p class=\"wp-block-paragraph\">As\u00ed las cosas, primero fue \u201cEl Mencho\u201d tras el \u201cAbuelo\u201d,\nahora ir\u00e1 la fuerza del Estado. Ahora a ver, cu\u00e1ndo se vuelve a meter, Mireles\u2026<\/p>\n","protected":false},"excerpt":{"rendered":"<p>La permisividad de Amlo con Mireles<\/p>\n","protected":false},"author":3,"featured_media":9303,"comment_status":"open","ping_status":"open","sticky":false,"template":"","format":"standard","meta":{"_monsterinsights_skip_tracking":false,"footnotes":""},"categories":[690,99,90],"tags":[],"class_list":["post-11609","post","type-post","status-publish","format-standard","has-post-thumbnail","category-690","category-ambigu","category-martha-elba-torres-martinez"],"_links":{"self":[{"href":"https:\/\/redsemlac.com\/semmexico\/wp-json\/wp\/v2\/posts\/11609","targetHints":{"allow":["GET"]}}],"collection":[{"href":"https:\/\/redsemlac.com\/semmexico\/wp-json\/wp\/v2\/posts"}],"about":[{"href":"https:\/\/redsemlac.com\/semmexico\/wp-json\/wp\/v2\/types\/post"}],"author":[{"embeddable":true,"href":"https:\/\/redsemlac.com\/semmexico\/wp-json\/wp\/v2\/users\/3"}],"replies":[{"embeddable":true,"href":"https:\/\/redsemlac.com\/semmexico\/wp-json\/wp\/v2\/comments?post=11609"}],"version-history":[{"count":0,"href":"https:\/\/redsemlac.com\/semmexico\/wp-json\/wp\/v2\/posts\/11609\/revisions"}],"wp:featuredmedia":[{"embeddable":true,"href":"https:\/\/redsemlac.com\/semmexico\/wp-json\/wp\/v2\/media\/9303"}],"wp:attachment":[{"href":"https:\/\/redsemlac.com\/semmexico\/wp-json\/wp\/v2\/media?parent=11609"}],"wp:term":[{"taxonomy":"category","embeddable":true,"href":"https:\/\/redsemlac.com\/semmexico\/wp-json\/wp\/v2\/categories?post=11609"},{"taxonomy":"post_tag","embeddable":true,"href":"https:\/\/redsemlac.com\/semmexico\/wp-json\/wp\/v2\/tags?post=11609"}],"curies":[{"name":"wp","href":"https:\/\/api.w.org\/{rel}","templated":true}]}}