{"id":11606,"date":"2019-09-05T23:28:21","date_gmt":"2019-09-05T23:28:21","guid":{"rendered":"https:\/\/redsemlac.com\/semmexico\/?p=11606"},"modified":"2023-07-21T14:53:32","modified_gmt":"2023-07-21T19:53:32","slug":"guerrero-30","status":"publish","type":"post","link":"https:\/\/redsemlac.com\/semmexico\/guerrero-30\/","title":{"rendered":"Presenta diputado otra iniciativa para tipificar la violencia digital"},"content":{"rendered":"\n<p class=\"wp-block-paragraph\"><strong>* Es la segunda iniciativa en este sentido, la primera ya fue\ndictaminada<\/strong><\/p>\n\n\n\n<p class=\"wp-block-paragraph\"><strong>* <\/strong><strong>26.3 % de mujeres han\nvivido alg\u00fan tipo de violencia cibern\u00e9tica en Guerrero<\/strong><\/p>\n\n\n\n<p class=\"wp-block-paragraph\"><strong>Josefina Aguilar Pastor<\/strong><\/p>\n\n\n\n<p class=\"wp-block-paragraph\">SemM\u00e9xico, Chilpancingo, Gro., 5 septiembre 2019.- Una\niniciativa similar a la llamada Ley Olimpia, present\u00f3 el diputado de Morena,\nMois\u00e9s Reyes Sandoval, para reformar el C\u00f3digo Penal del Estado, para tipificar\ny sancionar la violencia cibern\u00e9tica en raz\u00f3n de g\u00e9nero, ya dictaminada por la\nComisi\u00f3n de Justicia.<\/p>\n\n\n\n<p class=\"wp-block-paragraph\">En la sesi\u00f3n de este jueves, el legislador local de\nMorena expuso dentro de su argumentaci\u00f3n, que <strong>l<\/strong>a violencia digital o\ncibern\u00e9tica contra las mujeres en raz\u00f3n de g\u00e9nero son: la divulgaci\u00f3n de\nim\u00e1genes y\/o rumores o chismes en raz\u00f3n de g\u00e9nero, omisiones de personas o\nservidores p\u00fablicos dirigidas a una o varias mujeres -incluyendo familiares o\npersonas cercanas a la v\u00edctima- por su condici\u00f3n de g\u00e9nero, que buscan soslayar\nsus derechos humanos, semejante a la propuesta del el Frente Nacional por la Sororidad, y la organizaci\u00f3n civil Las\nRevueltas.<strong><\/strong><\/p>\n\n\n\n<p class=\"wp-block-paragraph\">Las cifras registradas\nen 2015 por el Instituto Nacional de Estad\u00edstica y Geograf\u00eda (INEGI),\nestablecen que el 26.3 por ciento de las mujeres en Guerrero han vivido alg\u00fan\ntipo de violencia cibern\u00e9tica, la cual ha tenido un incremento considerable. La\nedad de las mujeres que son m\u00e1s vulnerables a sufrir este tipo de violencia, tienen\nentre 20 y 29 a\u00f1os, seguidas por las de 12 a 19, refiri\u00f3 el legislador.<\/p>\n\n\n\n<p class=\"wp-block-paragraph\">Agreg\u00f3 que el 86.3 por\nciento de los agresores, son personas desconocidas para las v\u00edctimas; el 11.1\npor ciento, son conocidos, amigos, compa\u00f1eros de clase o de trabajo, ex parejas\ny alg\u00fan familiar, principalmente.<\/p>\n\n\n\n<p class=\"wp-block-paragraph\">Revel\u00f3 que las\ntecnolog\u00edas de la informaci\u00f3n y comunicaci\u00f3n est\u00e1n siendo utilizadas para\ncausar da\u00f1o a mujeres y ni\u00f1as, por la falta de controles legales, sociales,\nmedidas de seguridad y sistema de justicia que faciliten la persecuci\u00f3n del\ncomportamiento criminal en l\u00ednea. <\/p>\n\n\n\n<p class=\"wp-block-paragraph\">La violencia medi\u00e1tica\ncontra las mujeres y ni\u00f1as ejercida a trav\u00e9s de redes sociales, conocida como\nciber violencia, se manifiesta en distintas modalidades, ciberbullying,\nsexting, stalked, grooming, shaming y el doxing, as\u00ed como la difusi\u00f3n, sin el\nconsentimiento de la v\u00edctima, de sus datos e im\u00e1genes personales, amenazas,\ndifamaciones, acoso, humillaci\u00f3n, ataques que afectan la libertad de expresi\u00f3n\nde las mujeres, entre otras, abund\u00f3 el morenista.&nbsp; <\/p>\n\n\n\n<p class=\"wp-block-paragraph\">Los medios que\nutilizan para ejercer ciber violencia son, indic\u00f3 Reyes Sandoval plataformas de\ninternet, tel\u00e9fonos m\u00f3viles, mails, mensajes de texto, fotograf\u00edas, videos,\nchats, p\u00e1ginas web, videojuegos. La violencia mediante redes sociales, genera\nconsecuencias psicol\u00f3gicas, emocionales y sociales para las v\u00edctimas y limita\nsu pleno uso, goce y disfrute de sus derechos humanos.<\/p>\n\n\n\n<p class=\"wp-block-paragraph\">La Asociaci\u00f3n para el\nProgreso de las Comunicaciones, a trav\u00e9s de la plataforma Ushahidi de Take Back\nthe Tech, document\u00f3 de un total de mil 126 casos provenientes de siete pa\u00edses,\nreportaron nueve tipos de da\u00f1o; los m\u00e1s predominantes son el emocional (33 por\nciento), a la reputaci\u00f3n (20 por ciento), f\u00edsico (13 por ciento), invasi\u00f3n a la\nprivacidad (13 por ciento); y en 9 por ciento hubo alguna forma de da\u00f1o sexual.<\/p>\n\n\n\n<p class=\"wp-block-paragraph\">Tambi\u00e9n registraron da\u00f1o\npsicol\u00f3gico -angustia, depresi\u00f3n, miedo, estr\u00e9s, paranoia, impotencia; f\u00edsico\n-dolor de cabeza, colapso emocional, llanto autolesi\u00f3n e incitaci\u00f3n al\nsuicidio-; miedo a salir; abandono de las tecnolog\u00edas, autocensura, sensaci\u00f3n\nde vigilancia constante, y abandono de la escuela en el caso de&nbsp; los j\u00f3venes.<\/p>\n\n\n\n<p class=\"wp-block-paragraph\">El problema para\nsancionar a quienes ejercen este tipo de violencia, es la falta de un marco\nlegal que establezca penas en contra de estas pr\u00e1cticas, de ah\u00ed indic\u00f3 el\nlegislador local,&nbsp; la iniciativa de reforma al C\u00f3digo Penal para establecer\ndentro de la violencia de g\u00e9nero un tipo penal a violencia cibern\u00e9tica y\/o\ndigital para sancionar a quienes cometan este delito.&nbsp;<\/p>\n\n\n\n<p class=\"wp-block-paragraph\">Adem\u00e1s de\ntipificarla en el C\u00f3digo Penal, la propuesta establece una pena que va de dos a ocho a\u00f1os de\nprisi\u00f3n y multa de doscientos a quinientos d\u00edas de salario m\u00ednimo a quien, por\nrazones de g\u00e9nero, cause a persona de otro sexo, da\u00f1o o sufrimiento econ\u00f3mico,\nf\u00edsico, obst\u00e9trico, patrimonial, psicol\u00f3gico, sexual, cibern\u00e9tica o laboral tanto\nen el \u00e1mbito privado como en el p\u00fablico, afectando los derechos humanos o la\ndignidad de las personas. La propuesta fue turnada a la comisi\u00f3n de Justicia\npara su an\u00e1lisis.<\/p>\n\n\n\n<p class=\"wp-block-paragraph\">El pasado 8 de agosto,\nen conferencia de prensa, ante la presi\u00f3n de activistas de \u201cLas Revueltas\u201d, el\npresidente y secretaria de la Comisi\u00f3n de Justicia, Omar Jalil Flores Majul y\nGuadalupe Gonz\u00e1lez Suastegui, respectivamente, ofrecieron una conferencia de\nprensa, en la que anunciaron, el dictamen de la propuesta presentada por Frente Nacional por la Sororidad, y Las Revueltas precursoras\nde esta ley, con la que se tipifica y penaliza la violencia digital en el Estado de Guerrero.<\/p>\n\n\n\n<p class=\"wp-block-paragraph\">SEM\/jap\/sj<\/p>\n","protected":false},"excerpt":{"rendered":"<p>Es la segunda iniciativa en este sentido, la primera ya fue dictaminada<\/p>\n","protected":false},"author":3,"featured_media":11607,"comment_status":"open","ping_status":"open","sticky":false,"template":"","format":"standard","meta":{"_monsterinsights_skip_tracking":false,"footnotes":""},"categories":[690,50],"tags":[],"class_list":["post-11606","post","type-post","status-publish","format-standard","has-post-thumbnail","category-690","category-congreso"],"_links":{"self":[{"href":"https:\/\/redsemlac.com\/semmexico\/wp-json\/wp\/v2\/posts\/11606","targetHints":{"allow":["GET"]}}],"collection":[{"href":"https:\/\/redsemlac.com\/semmexico\/wp-json\/wp\/v2\/posts"}],"about":[{"href":"https:\/\/redsemlac.com\/semmexico\/wp-json\/wp\/v2\/types\/post"}],"author":[{"embeddable":true,"href":"https:\/\/redsemlac.com\/semmexico\/wp-json\/wp\/v2\/users\/3"}],"replies":[{"embeddable":true,"href":"https:\/\/redsemlac.com\/semmexico\/wp-json\/wp\/v2\/comments?post=11606"}],"version-history":[{"count":0,"href":"https:\/\/redsemlac.com\/semmexico\/wp-json\/wp\/v2\/posts\/11606\/revisions"}],"wp:featuredmedia":[{"embeddable":true,"href":"https:\/\/redsemlac.com\/semmexico\/wp-json\/wp\/v2\/media\/11607"}],"wp:attachment":[{"href":"https:\/\/redsemlac.com\/semmexico\/wp-json\/wp\/v2\/media?parent=11606"}],"wp:term":[{"taxonomy":"category","embeddable":true,"href":"https:\/\/redsemlac.com\/semmexico\/wp-json\/wp\/v2\/categories?post=11606"},{"taxonomy":"post_tag","embeddable":true,"href":"https:\/\/redsemlac.com\/semmexico\/wp-json\/wp\/v2\/tags?post=11606"}],"curies":[{"name":"wp","href":"https:\/\/api.w.org\/{rel}","templated":true}]}}