{"id":11602,"date":"2019-09-05T23:08:43","date_gmt":"2019-09-05T23:08:43","guid":{"rendered":"https:\/\/redsemlac.com\/semmexico\/?p=11602"},"modified":"2023-07-21T14:53:32","modified_gmt":"2023-07-21T19:53:32","slug":"oaxaca-40","status":"publish","type":"post","link":"https:\/\/redsemlac.com\/semmexico\/oaxaca-40\/","title":{"rendered":"Carrillo Ayuso quiere ser presidenta municipal"},"content":{"rendered":"\n<p class=\"wp-block-paragraph\"><strong>* Impugna convocatoria emitida por\nautoridades para poder participar<\/strong><\/p>\n\n\n\n<p class=\"wp-block-paragraph\"><strong>* Queremos hacer valer la ley en San\nAgust\u00edn de las Juntas, dice la profesionista <\/strong><\/p>\n\n\n\n<p class=\"wp-block-paragraph\"><strong>Jaime M\u00e9ndez<\/strong><\/p>\n\n\n\n<p class=\"wp-block-paragraph\">SemM\u00e9xico\/Agencia\nJM, Oaxaca, 5 septiembre 2019.- Al impugnar la convocatoria emitida el pasado 1\nde septiembre para elecci\u00f3n de autoridades municipales de sistema normativo\ninterno de San Agust\u00edn de las Juntas, Martha Lorena Carrillo Ayuso manifest\u00f3 su\ndecisi\u00f3n de hacer valer sus derechos como ciudadana y participar como aspirante\na la presidencia municipal.<\/p>\n\n\n\n<p class=\"wp-block-paragraph\">La\narquitecta de profesi\u00f3n demand\u00f3 al IEEPCO intervenir ante la autoridad\nmunicipal para que corrija su error y emita una nueva convocatoria para la\nelecci\u00f3n de autoridades municipales 2019-2022, ya que la que emiti\u00f3 es anticonstitucional\ny se necesita una nueva para que haya condiciones en la pr\u00f3xima contienda\nelectoral a realizarse en el mes de octubre pr\u00f3ximo.<\/p>\n\n\n\n<p class=\"wp-block-paragraph\">Martha\nLorena Carrillo Ayuso advierte en su recurso de impugnaci\u00f3n que \u201cestoy\nconvocando a mi pueblo a hacer valer la ley, juntamente conmigo; contra todo lo\nque aleguen las retr\u00f3gradas mentes que mantienen sumiso a San Agust\u00edn de las\nJuntas\u201d.<\/p>\n\n\n\n<p class=\"wp-block-paragraph\">Contundente,\nCarrillo Ayuso se\u00f1ala \u201cel estancamiento y el atraso en que nos encontramos,\ncomo consecuencia del desinter\u00e9s por el desarrollo de nuestro pueblo por parte\nde quienes hasta la fecha han fungido como autoridades municipales; muestra de\nello es que nuestra escuela secundaria sigue funcionando en unas indignantes\nbarracas; la mala calidad del agua que nos suministran, que de potable nada\ntiene, pues por el contrario, a simple vista se ve completamente contaminada;\nas\u00ed como el deficiente alumbrado p\u00fablico y&nbsp; como consecuencia de ello, la\ninseguridad\u201d.<\/p>\n\n\n\n<p class=\"wp-block-paragraph\">En\nsu escrito dirigido a Gustavo Meixueiro N\u00e1jera, Presidente del Instituto\nEstatal Electoral y de Participaci\u00f3n Ciudadana del Estado de Oaxaca, Martha\nLorena pide que se ordene a la autoridad municipal del municipio de San Agust\u00edn\nde las Juntas, Oaxaca, a que expida una nueva convocatoria para la elecci\u00f3n de\nlas autoridades municipales para el trienio 2020 \u2013 2022, en la que se respeten\nlos preceptos constitucionales y leyes reglamentarias de los derechos civiles y\nelectorales, invocados.<\/p>\n\n\n\n<p class=\"wp-block-paragraph\">Aclara\nque se debe permitir la participaci\u00f3n de todos los ciudadanos; mujeres y\nhombres, oriundos y radicados; como lo tiene establecido el art\u00edculo 35\nconstitucional, y asegur\u00f3 que la convocatoria los derechos pol\u00edticos de la\nciudadan\u00eda al pretender obstaculizar la participaci\u00f3n a las mujeres \u201cya que\nsolo favorece a los grupos y mafias caciquiles, que desde hace muchas d\u00e9cadas\nhan mantenido a San Agust\u00edn de las Juntas en el oscurantismo, el estancamiento\ny en el atraso\u201d.<\/p>\n\n\n\n<p class=\"wp-block-paragraph\">Considerando  su recurso legal, la arquitecta Martha  Carrillo Ayuso refiere que la Constituci\u00f3n Pol\u00edtica de los Estados Unidos Mexicanos, en su art\u00edculo 1 estipula que: \u201cEn los Estados Unidos Mexicanos, todas las personas gozar\u00e1n de los Derechos Humanos reconocidos por la Constituci\u00f3n Pol\u00edtica y los Tratados Internacionales en los que el Estado Mexicano sea parte\u201d.<\/p>\n\n\n\n<p class=\"wp-block-paragraph\">Tambi\u00e9n,\nque el apartado A del art\u00edculo 2 de nuestra Carta Magna, al reconocer el\nderecho de los pueblos y comunidades ind\u00edgenas a la libre determinaci\u00f3n y en\nconsecuencia a la autonom\u00eda, en su fracci\u00f3n III, consagra que las comunidades y\nlos pueblos ind\u00edgenas tienen derecho a elegir de acuerdo con sus normas,\nprocedimientos y pr\u00e1cticas tradicionales, a las autoridades o representantes\npara el ejercicio de sus formas propias de gobierno interno, garantizando que\nlas mujeres y los hombres ind\u00edgenas disfrutar\u00e1n y ejercer\u00e1n su derecho de votar\ny ser votados en condiciones de igualdad; as\u00ed como a acceder y desempe\u00f1ar los\ncargos p\u00fablicos y de elecci\u00f3n popular para los que hayan sido electos o\ndesignados, en un marco que respete el pacto federal, la soberan\u00eda de los\nEstados; garantizando que \u201cEn ning\u00fan caso las pr\u00e1cticas comunitarias podr\u00e1n\nlimitar los derechos pol\u00edtico-electorales de los y las ciudadanas en la\nelecci\u00f3n de sus autoridades municipales\u201d.<\/p>\n\n\n\n<p class=\"wp-block-paragraph\">Que,\nel art\u00edculo 4 de la Constituci\u00f3n, establece que el var\u00f3n y la mujer son iguales\nante la ley. <\/p>\n\n\n\n<p class=\"wp-block-paragraph\">Que\nel primer p\u00e1rrafo del art\u00edculo 115 constitucional, tiene consagrado que: \u201cLos\nestados adoptar\u00e1n, para su r\u00e9gimen interior, la forma de gobierno republicano,\nrepresentativo, democr\u00e1tico, laico y popular, teniendo como base de su divisi\u00f3n\nterritorial y de su organizaci\u00f3n pol\u00edtica y administrativa, el municipio\nlibre\u201d. <\/p>\n\n\n\n<p class=\"wp-block-paragraph\">Y,\nasimismo, el primer fragmento del primer p\u00e1rrafo, de la fracci\u00f3n primera de\neste precepto, establece que: \u201cCada Municipio ser\u00e1 gobernado por un\nAyuntamiento de elecci\u00f3n popular directa, integrado por un Presidente Municipal\ny el n\u00famero de regidores y s\u00edndicos que la ley determine, de conformidad con el\nprincipio de paridad. La competencia que esta Constituci\u00f3n otorga al gobierno\nmunicipal se ejercer\u00e1 por el Ayuntamiento de manera exclusiva y no habr\u00e1\nautoridad intermedia alguna entre \u00e9ste y el gobierno del Estado.<\/p>\n\n\n\n<p class=\"wp-block-paragraph\">Que\nel art\u00edculo 35 de nuestra Ley m\u00e1xima, establece que son prerrogativas de todo\nciudadano mexicano: <\/p>\n\n\n\n<p class=\"wp-block-paragraph\">I.-\nVotar en las elecciones populares.<\/p>\n\n\n\n<p class=\"wp-block-paragraph\">II.-\nPoder ser votado para todos los cargos de elecci\u00f3n popular, y nombrado para\ncualquier otro empleo o comisi\u00f3n teniendo las cualidades que establezca la ley;\n<\/p>\n\n\n\n<p class=\"wp-block-paragraph\">III.-\nAsociarse individual y libremente para tomar parte en forma pac\u00edfica en los\nasuntos pol\u00edticos del pa\u00eds.<\/p>\n\n\n\n<p class=\"wp-block-paragraph\">Que\nel C\u00f3digo Civil Federal en su art\u00edculo 2\u00ba establece que La capacidad jur\u00eddica\nes igual para el hombre y la mujer; en consecuencia, la mujer no queda\nsometida, por raz\u00f3n de su sexo, a restricci\u00f3n alguna en la adquisici\u00f3n y\nejercicio de sus derechos civiles.<\/p>\n\n\n\n<p class=\"wp-block-paragraph\">Que\nel art\u00edculo 10 advierte que Contra la observancia de la ley no puede alegarse\ndesuso, costumbre o pr\u00e1ctica en contrario, y tiene establecido que \u201cLa\nignorancia de las leyes no excusa su cumplimiento. Principios y reglas que\nest\u00e1n recogidos en nuestra legislaci\u00f3n local en los art\u00edculos: 1, 2, 16, 23, 24\ny 113 de nuestra Constituci\u00f3n Pol\u00edtica del Estado de Oaxaca, y, 25, 27, 28 y\n31, del C\u00f3digo Civil del Estado. <\/p>\n\n\n\n<p class=\"wp-block-paragraph\">SEM-AJM\/jm<\/p>\n","protected":false},"excerpt":{"rendered":"<p>Queremos hacer valer la ley en San Agust\u00edn de las Juntas, dice la profesionista<\/p>\n","protected":false},"author":3,"featured_media":11603,"comment_status":"open","ping_status":"open","sticky":false,"template":"","format":"standard","meta":{"_monsterinsights_skip_tracking":false,"footnotes":""},"categories":[690,54],"tags":[],"class_list":["post-11602","post","type-post","status-publish","format-standard","has-post-thumbnail","category-690","category-mujeres"],"_links":{"self":[{"href":"https:\/\/redsemlac.com\/semmexico\/wp-json\/wp\/v2\/posts\/11602","targetHints":{"allow":["GET"]}}],"collection":[{"href":"https:\/\/redsemlac.com\/semmexico\/wp-json\/wp\/v2\/posts"}],"about":[{"href":"https:\/\/redsemlac.com\/semmexico\/wp-json\/wp\/v2\/types\/post"}],"author":[{"embeddable":true,"href":"https:\/\/redsemlac.com\/semmexico\/wp-json\/wp\/v2\/users\/3"}],"replies":[{"embeddable":true,"href":"https:\/\/redsemlac.com\/semmexico\/wp-json\/wp\/v2\/comments?post=11602"}],"version-history":[{"count":0,"href":"https:\/\/redsemlac.com\/semmexico\/wp-json\/wp\/v2\/posts\/11602\/revisions"}],"wp:featuredmedia":[{"embeddable":true,"href":"https:\/\/redsemlac.com\/semmexico\/wp-json\/wp\/v2\/media\/11603"}],"wp:attachment":[{"href":"https:\/\/redsemlac.com\/semmexico\/wp-json\/wp\/v2\/media?parent=11602"}],"wp:term":[{"taxonomy":"category","embeddable":true,"href":"https:\/\/redsemlac.com\/semmexico\/wp-json\/wp\/v2\/categories?post=11602"},{"taxonomy":"post_tag","embeddable":true,"href":"https:\/\/redsemlac.com\/semmexico\/wp-json\/wp\/v2\/tags?post=11602"}],"curies":[{"name":"wp","href":"https:\/\/api.w.org\/{rel}","templated":true}]}}