{"id":11599,"date":"2019-09-05T22:26:21","date_gmt":"2019-09-05T22:26:21","guid":{"rendered":"https:\/\/redsemlac.com\/semmexico\/?p=11599"},"modified":"2023-07-21T14:53:32","modified_gmt":"2023-07-21T19:53:32","slug":"inmujeres-reprueba-expresiones-misoginas-de-mireles","status":"publish","type":"post","link":"https:\/\/redsemlac.com\/semmexico\/inmujeres-reprueba-expresiones-misoginas-de-mireles\/","title":{"rendered":"INMUJERES reprueba expresiones mis\u00f3ginas de Mireles"},"content":{"rendered":"\n<p class=\"wp-block-paragraph\"><strong>* Reprueba\nexpresiones del funcionariado que fomenten discriminaci\u00f3n contra mujeres<\/strong><\/p>\n\n\n\n<p class=\"wp-block-paragraph\"><strong>* Significan un grave\nretroceso a la lucha feminista y sindical de las trabajadoras<\/strong><\/p>\n\n\n\n<p class=\"wp-block-paragraph\"><strong>Redacci\u00f3n <\/strong><\/p>\n\n\n\n<p class=\"wp-block-paragraph\">SemM\u00e9xico, Cd. de M\u00e9xico, 5 septiembre 2019.- El Instituto\nNacional de las Mujeres condena y lamenta las mis\u00f3ginas y discriminatorias declaraciones\nJos\u00e9 Manuel Mireles Valverde, subdelegado m\u00e9dico del Instituto de Seguridad y\nServicios Sociales de los Trabajadores del Estado (ISSSTE) en Michoac\u00e1n. <\/p>\n\n\n\n<p class=\"wp-block-paragraph\">As\u00ed lo se\u00f1ala en un comunicado en el que expone que dichas\nexpresiones hacia las mujeres usuarias de los servicios de salud fomentan la\ndesigualdad en el acceso a los servicios de atenci\u00f3n m\u00e9dica, mismos que el\nEstado est\u00e1 obligado a brindar, bajo los principios de igualdad entre mujeres y\nhombres, inclusi\u00f3n, no discriminaci\u00f3n y respeto a la diversidad.<\/p>\n\n\n\n<p class=\"wp-block-paragraph\">Las expresiones del doctor Mireles, adem\u00e1s de limitar el\nderecho b\u00e1sico de las mujeres a la salud, tambi\u00e9n significan un grave retroceso\na la lucha feminista y sindical de las trabajadoras para obtener el acceso a la\nseguridad social con todas las prestaciones del Estado mexicano. No basta con\nuna disculpa que trate de enmendar el error. Para acabar con la violencia\ncontra las mujeres es necesario un profundo compromiso que garantice que todos\nlos servicios de salud se brinden con perspectiva de g\u00e9nero, y que el\nfuncionariado a cargo cumpla con la normatividad vigente.<\/p>\n\n\n\n<p class=\"wp-block-paragraph\">En este sentido, desde el INMUJERES hacemos un llamado a\ntodas las servidoras y servidores p\u00fablicos a garantizar el acceso a los\nservicios sin discriminaci\u00f3n y en igualdad de oportunidades conforme a lo\nestipulado en el C\u00f3digo \u00c9tica de las Personas Servidoras P\u00fablicas del Gobierno\nFederal.<\/p>\n\n\n\n<p class=\"wp-block-paragraph\">Asimismo, reiteramos la urgencia de construir un cambio\ncultural que reconozca a las mujeres como sujetas de derechos en el sentido m\u00e1s\namplio, elimine el machismo y la violencia institucional. Para ello es\nnecesario continuar fortaleciendo desde las instituciones la eliminaci\u00f3n de\nestereotipos y prejuicios que est\u00e9n basados en la idea de inferioridad o\nsuperioridad de cualquiera de los sexos.<\/p>\n\n\n\n<p class=\"wp-block-paragraph\">En el INMUJERES continuaremos trabajando para que\nfuncionarios y funcionarias p\u00fablicas conozcan de su responsabilidad y la\nobligaci\u00f3n que tienen en el impulso para construir una sociedad igualitaria y\nrespetuosa de los derechos humanos de las mujeres.<\/p>\n\n\n\n<p class=\"wp-block-paragraph\">SEM\/sj<\/p>\n","protected":false},"excerpt":{"rendered":"<p>Reprueba expresiones del funcionariado que fomenten discriminaci\u00f3n contra mujeres<\/p>\n","protected":false},"author":3,"featured_media":11600,"comment_status":"open","ping_status":"open","sticky":false,"template":"","format":"standard","meta":{"_monsterinsights_skip_tracking":false,"footnotes":""},"categories":[690,51],"tags":[],"class_list":["post-11599","post","type-post","status-publish","format-standard","has-post-thumbnail","category-690","category-ejecutivo"],"_links":{"self":[{"href":"https:\/\/redsemlac.com\/semmexico\/wp-json\/wp\/v2\/posts\/11599","targetHints":{"allow":["GET"]}}],"collection":[{"href":"https:\/\/redsemlac.com\/semmexico\/wp-json\/wp\/v2\/posts"}],"about":[{"href":"https:\/\/redsemlac.com\/semmexico\/wp-json\/wp\/v2\/types\/post"}],"author":[{"embeddable":true,"href":"https:\/\/redsemlac.com\/semmexico\/wp-json\/wp\/v2\/users\/3"}],"replies":[{"embeddable":true,"href":"https:\/\/redsemlac.com\/semmexico\/wp-json\/wp\/v2\/comments?post=11599"}],"version-history":[{"count":0,"href":"https:\/\/redsemlac.com\/semmexico\/wp-json\/wp\/v2\/posts\/11599\/revisions"}],"wp:featuredmedia":[{"embeddable":true,"href":"https:\/\/redsemlac.com\/semmexico\/wp-json\/wp\/v2\/media\/11600"}],"wp:attachment":[{"href":"https:\/\/redsemlac.com\/semmexico\/wp-json\/wp\/v2\/media?parent=11599"}],"wp:term":[{"taxonomy":"category","embeddable":true,"href":"https:\/\/redsemlac.com\/semmexico\/wp-json\/wp\/v2\/categories?post=11599"},{"taxonomy":"post_tag","embeddable":true,"href":"https:\/\/redsemlac.com\/semmexico\/wp-json\/wp\/v2\/tags?post=11599"}],"curies":[{"name":"wp","href":"https:\/\/api.w.org\/{rel}","templated":true}]}}