{"id":11557,"date":"2019-09-05T01:47:27","date_gmt":"2019-09-05T01:47:27","guid":{"rendered":"https:\/\/redsemlac.com\/semmexico\/?p=11557"},"modified":"2023-07-21T14:53:33","modified_gmt":"2023-07-21T19:53:33","slug":"oaxaca-39","status":"publish","type":"post","link":"https:\/\/redsemlac.com\/semmexico\/oaxaca-39\/","title":{"rendered":"A comisiones entra petici\u00f3n para destituir a titular de SMO"},"content":{"rendered":"\n<ul class=\"wp-block-list\"><li><strong>Divisi\u00f3n entre morenistas impide que se resolviera en el pleno<\/strong><\/li><li><strong>Acusan de analfabeta e ignorante en g\u00e9nero a V\u00e1squez Colmenares <\/strong><\/li><\/ul>\n\n\n\n<p class=\"wp-block-paragraph\"><strong>Lorena Vaniezcot<\/strong><\/p>\n\n\n\n<p class=\"wp-block-paragraph\">SemM\u00e9xico, Oaxaca, 4 septiembre 2019.- A comisiones,\npara su respectivo an\u00e1lisis y posible aprobaci\u00f3n ante el Pleno de la LXIV\nLegislatura, fue enviado el punto de acuerdo propuesto por la legisladora\nMagaly L\u00f3pez Dom\u00ednguez, quien solicit\u00f3 la destituci\u00f3n de la secretaria de las\nMujeres de Oaxaca, Ana Isabel V\u00e1squez Colmenares.<\/p>\n\n\n\n<p class=\"wp-block-paragraph\">El punto de acuerdo no alcanz\u00f3 los votos necesarios\npara que pasara por obvia y urgente resoluci\u00f3n: 14 votos a favor, 13 en contra\ny 15 abstenciones, fue la votaci\u00f3n emitida por las y los legisladores a la\npropuesta de la presidenta de la Comisi\u00f3n de Derechos Humanos, la morenista\nL\u00f3pez Dom\u00ednguez.<\/p>\n\n\n\n<p class=\"wp-block-paragraph\">En su exposici\u00f3n, la legisladora calific\u00f3 \u201cla\nnotoria incapacidad para el cargo\u201d de V\u00e1squez Colmenares a quien se\u00f1al\u00f3 de ser\nuna ignorante y analfabeta en materia de g\u00e9nero, esto luego de que la\nfuncionaria estatal declarara en una entrevista que \u201clas manifestaciones de\nfeministas exacerban la violencia feminicida\u201d, adem\u00e1s de que&nbsp; el Gobierno es incapaz de prevenir estos\ncr\u00edmenes porque \u201cno est\u00e1 dentro de las casas\u201d.<\/p>\n\n\n\n<p class=\"wp-block-paragraph\">La legisladora se\u00f1al\u00f3 que \u201cel culpar al pueblo, a\nlas defensoras de las v\u00edctimas e, incluso a las v\u00edctimas directas e indirectas\nque participan en esas manifestaciones (del pasado mes de agosto), no puede ser\npasado por alto\u201d, toda vez que ello representa un obst\u00e1culo para el acceso de\njusticia y la prevenci\u00f3n de los delitos.<\/p>\n\n\n\n<figure class=\"wp-block-image\"><img decoding=\"async\" src=\"https:\/\/redsemlac.com\/semmexico\/wp-content\/uploads\/2019\/09\/WhatsApp-Image-2019-09-04-at-7.17.11-PM-1024x710.jpeg\" alt=\"\" class=\"wp-image-11558\"\/><\/figure>\n\n\n\n<p class=\"wp-block-paragraph\">L\u00f3pez Dom\u00ednguez detall\u00f3 que el costo pol\u00edtico de las\npifias de la Secretaria las absorber\u00e1 el Gobernador, sin embargo, el costo real\nlo pagan las mujeres del pueblo de Oaxaca.<\/p>\n\n\n\n<p class=\"wp-block-paragraph\">\u201cEl precio de la ignorancia de la funcionaria es la\nseguridad, la sangre y la vida de las oaxaque\u00f1as. Y es un precio que no podemos\npermitir que se siga pagando\u201d, se\u00f1al\u00f3.<\/p>\n\n\n\n<p class=\"wp-block-paragraph\">Pese a los argumentos expuestos por la legisladora\nde Morena, el Grupo Parlamentario del PRI, del Partido Encuentro Social (PES),\ndel Partido Verde, de Mujeres Independientes e incluso del partido Morena\nmostraron su rechazo a la propuesta de L\u00f3pez Dom\u00ednguez.<\/p>\n\n\n\n<p class=\"wp-block-paragraph\">Por el partido Morena respaldaron la propuesta las\ndiputadas y diputados Juana Aguilar Espinoza, Leticia Socorro Collado Soto,\nMauro Cruz S\u00e1nchez, Elena Cuevas Hern\u00e1ndez, Fredie Delf\u00edn Avenda\u00f1o, Migdalia\nEspinosa Manuel, Laura Estrada Mauro, Emilio Joaqu\u00edn Garc\u00eda Aguilar, Delfina Elizabeth\nGuzm\u00e1n D\u00edaz, Magaly L\u00f3pez Dom\u00ednguez, C\u00e9sar Enrique Morales Ni\u00f1o, Horacio Sosa\nVillavicencio, Timoteo V\u00e1squez Cruz y Elisa Zepeda Lagunas.<\/p>\n\n\n\n<p class=\"wp-block-paragraph\">Y fue rechazada por morenistas que conforman un\nbloque encabezado por Oth\u00f3n Cuevas y Luis Alfonso Silva Romo; en tanto que del\nmismo partido pol\u00edtico se abstuvieron de votar: \u00c1ngel Dom\u00ednguez Escobar, Ericel\nG\u00f3mez Nucamendi, In\u00e9s P\u00e9rez Leal, Alejandro L\u00f3pez Bravo, Arcelia L\u00f3pez\nHern\u00e1ndez, Pavel Mel\u00e9ndez Cruz, Hilda Graciela P\u00e9rez Luis, Gloria S\u00e1nchez\nL\u00f3pez, Griselda Sosa V\u00e1squez y Roc\u00edo Machuca -presidenta de la Comisi\u00f3n de\nIgualdad de G\u00e9nero-.<\/p>\n\n\n\n<p class=\"wp-block-paragraph\">El punto de acuerdo fue turnado a comisi\u00f3n para su\nrespectivo an\u00e1lisis y posible aprobaci\u00f3n ante el Pleno de la LXIV Legislatura.<\/p>\n\n\n\n<p class=\"wp-block-paragraph\">En los \u00faltimos 12 meses han sido asesinadas en\nOaxaca 127 mujeres, la presente administraci\u00f3n registra m\u00e1s de 330 cr\u00edmenes\nseg\u00fan la denuncia hecha por diversos colectivos.<\/p>\n\n\n\n<p class=\"wp-block-paragraph\">SEM\/lv\/<\/p>\n","protected":false},"excerpt":{"rendered":"<p>Divisi\u00f3n entre morenistas impide que se resolviera en el pleno<\/p>\n","protected":false},"author":3,"featured_media":11559,"comment_status":"open","ping_status":"open","sticky":false,"template":"","format":"standard","meta":{"_monsterinsights_skip_tracking":false,"footnotes":""},"categories":[690,50],"tags":[],"class_list":["post-11557","post","type-post","status-publish","format-standard","has-post-thumbnail","category-690","category-congreso"],"_links":{"self":[{"href":"https:\/\/redsemlac.com\/semmexico\/wp-json\/wp\/v2\/posts\/11557","targetHints":{"allow":["GET"]}}],"collection":[{"href":"https:\/\/redsemlac.com\/semmexico\/wp-json\/wp\/v2\/posts"}],"about":[{"href":"https:\/\/redsemlac.com\/semmexico\/wp-json\/wp\/v2\/types\/post"}],"author":[{"embeddable":true,"href":"https:\/\/redsemlac.com\/semmexico\/wp-json\/wp\/v2\/users\/3"}],"replies":[{"embeddable":true,"href":"https:\/\/redsemlac.com\/semmexico\/wp-json\/wp\/v2\/comments?post=11557"}],"version-history":[{"count":0,"href":"https:\/\/redsemlac.com\/semmexico\/wp-json\/wp\/v2\/posts\/11557\/revisions"}],"wp:featuredmedia":[{"embeddable":true,"href":"https:\/\/redsemlac.com\/semmexico\/wp-json\/wp\/v2\/media\/11559"}],"wp:attachment":[{"href":"https:\/\/redsemlac.com\/semmexico\/wp-json\/wp\/v2\/media?parent=11557"}],"wp:term":[{"taxonomy":"category","embeddable":true,"href":"https:\/\/redsemlac.com\/semmexico\/wp-json\/wp\/v2\/categories?post=11557"},{"taxonomy":"post_tag","embeddable":true,"href":"https:\/\/redsemlac.com\/semmexico\/wp-json\/wp\/v2\/tags?post=11557"}],"curies":[{"name":"wp","href":"https:\/\/api.w.org\/{rel}","templated":true}]}}