{"id":11552,"date":"2019-09-04T22:58:34","date_gmt":"2019-09-04T22:58:34","guid":{"rendered":"https:\/\/redsemlac.com\/semmexico\/?p=11552"},"modified":"2023-07-21T14:53:33","modified_gmt":"2023-07-21T19:53:33","slug":"legisladoras-y-representantes-de-mc-piden-a-sheinbaum-decretar-avg-en-cdmx","status":"publish","type":"post","link":"https:\/\/redsemlac.com\/semmexico\/legisladoras-y-representantes-de-mc-piden-a-sheinbaum-decretar-avg-en-cdmx\/","title":{"rendered":"Legisladoras y representantes de MC, piden a Sheinbaum decretar AVG en CDMX"},"content":{"rendered":"\n<p class=\"wp-block-paragraph\">\u25cf\u00a0 \u00a0<strong>La Ciudad de M\u00e9xico se encuentra entre las 10 entidades del pa\u00eds con mayor n\u00famero de feminicidios, se\u00f1alan.<\/strong><\/p>\n\n\n\n<p class=\"wp-block-paragraph\"><strong>Redacci\u00f3n<\/strong><\/p>\n\n\n\n<p class=\"wp-block-paragraph\">SemM\u00e9xico. Ciudad de M\u00e9xico. 04 de septiembre 2019.- Ante la creciente crisis de violencia contra las mujeres que atraviesa el pa\u00eds, la senadora Ver\u00f3nica Delgadillo, en compa\u00f1\u00eda de las diputadas federales de Movimiento Ciudadano Julieta Mac\u00edas y Pilar Lozano, la coordinadora de Mujeres en Movimiento en Nuevo Le\u00f3n, Patricia L\u00f3pez y la activista, Ana Paola Lara; acudieron a las oficinas de la Jefa de Gobierno Claudia Sheinbaum para hacer entrega de una carta donde piden se solicite a la Comisi\u00f3n Nacional para Prevenir y Erradicar la Violencia Contra las Mujeres (CONAVIM) de la Segob que decrete de inmediato la Alerta de Violencia de G\u00e9nero Contra las Mujeres (AVGCM) en la Ciudad de M\u00e9xico.<\/p>\n\n\n\n<p class=\"wp-block-paragraph\">Esta exigencia se da despu\u00e9s de que la Ciudad de M\u00e9xico se\nencuentra entre las 10 entidades del pa\u00eds con mayor n\u00famero de feminicidios, con\nal menos 18 casos registrados en el primer semestre de 2019. \u201cEn esta ciudad\nnos est\u00e1n matando. No amanecemos muertas, no aparecemos muertas, estamos siendo\nasesinadas y el gobierno tiene que ser responsable de atender esta situaci\u00f3n.\nLos \u00edndices de la violencia contra las mujeres en la Ciudad de M\u00e9xico est\u00e1n por\nencima de la media nacional\u201d, se\u00f1al\u00f3 Delgadillo Garc\u00eda.<\/p>\n\n\n\n<p class=\"wp-block-paragraph\">De acuerdo con la Ley, la Alerta de Violencia de G\u00e9nero\nContra las Mujeres \u201ctiene como objetivo fundamental garantizar la seguridad de\nlas mujeres, el cese de la violencia en su contra y eliminar las desigualdades\nproducidas por una legislaci\u00f3n que agravia la violaci\u00f3n de sus derechos\nhumanos\u201d.<\/p>\n\n\n\n<p class=\"wp-block-paragraph\">Asimismo, la legisladora Ver\u00f3nica Delgadillo record\u00f3 que este\nllamado a decretar la AVGCM, est\u00e1 siendo impulsado desde la C\u00e1mara de Diputados\ny la C\u00e1mara de Senadores. \u201cA trav\u00e9s de manifestaciones, a trav\u00e9s de pintas, de\ncartas y Puntos de Acuerdo estamos alzando la voz por todas. \u00bfQu\u00e9 m\u00e1s necesita\nla Jefa de Gobierno para entender que tenemos que poner un alto a la\nviolencia?, \u00bfque no podemos dejar que a las mujeres en esta ciudad nos sigan\nmatando?\u201d, dijo.<\/p>\n\n\n\n<p class=\"wp-block-paragraph\">A su vez, la diputada Julieta Mac\u00edas, manifest\u00f3 su\npreocupaci\u00f3n ante la cifra alarmante de feminicidios. \u201cNo es nueva la lucha que\nMovimiento Ciudadano tiene en favor de los derechos y de la protecci\u00f3n de las\nmujeres. Por eso venimos a pedirle a la Jefa de Gobierno apoye a toda la\nciudadan\u00eda en esta causa tan importante\u201d.<\/p>\n\n\n\n<p class=\"wp-block-paragraph\">Finalmente, la senadora Ver\u00f3nica Delgadillo se\u00f1al\u00f3 que\nesperan recibir una respuesta a la altura de las circunstancias que se traduzca\nen acciones concretas para prevenir, atender y erradicar la violencia contra\nlas mujeres en la capital del pa\u00eds.<\/p>\n\n\n\n<figure class=\"wp-block-image\"><img loading=\"lazy\" decoding=\"async\" width=\"738\" height=\"940\" src=\"https:\/\/redsemlac.com\/semmexico\/wp-content\/uploads\/2019\/09\/carta-mc.jpg\" alt=\"\" class=\"wp-image-11554\"\/><\/figure>\n\n\n\n<figure class=\"wp-block-image\"><img loading=\"lazy\" decoding=\"async\" width=\"738\" height=\"940\" src=\"https:\/\/redsemlac.com\/semmexico\/wp-content\/uploads\/2019\/09\/carta-mc-2.jpg\" alt=\"\" class=\"wp-image-11553\"\/><\/figure>\n","protected":false},"excerpt":{"rendered":"<p>La Ciudad de M\u00e9xico se encuentra entre las 10 entidades del pa\u00eds con mayor n\u00famero de feminicidios, se\u00f1alan.<\/p>\n","protected":false},"author":3,"featured_media":11555,"comment_status":"open","ping_status":"open","sticky":false,"template":"","format":"standard","meta":{"_monsterinsights_skip_tracking":false,"footnotes":""},"categories":[690,50],"tags":[],"class_list":["post-11552","post","type-post","status-publish","format-standard","has-post-thumbnail","category-690","category-congreso"],"_links":{"self":[{"href":"https:\/\/redsemlac.com\/semmexico\/wp-json\/wp\/v2\/posts\/11552","targetHints":{"allow":["GET"]}}],"collection":[{"href":"https:\/\/redsemlac.com\/semmexico\/wp-json\/wp\/v2\/posts"}],"about":[{"href":"https:\/\/redsemlac.com\/semmexico\/wp-json\/wp\/v2\/types\/post"}],"author":[{"embeddable":true,"href":"https:\/\/redsemlac.com\/semmexico\/wp-json\/wp\/v2\/users\/3"}],"replies":[{"embeddable":true,"href":"https:\/\/redsemlac.com\/semmexico\/wp-json\/wp\/v2\/comments?post=11552"}],"version-history":[{"count":0,"href":"https:\/\/redsemlac.com\/semmexico\/wp-json\/wp\/v2\/posts\/11552\/revisions"}],"wp:featuredmedia":[{"embeddable":true,"href":"https:\/\/redsemlac.com\/semmexico\/wp-json\/wp\/v2\/media\/11555"}],"wp:attachment":[{"href":"https:\/\/redsemlac.com\/semmexico\/wp-json\/wp\/v2\/media?parent=11552"}],"wp:term":[{"taxonomy":"category","embeddable":true,"href":"https:\/\/redsemlac.com\/semmexico\/wp-json\/wp\/v2\/categories?post=11552"},{"taxonomy":"post_tag","embeddable":true,"href":"https:\/\/redsemlac.com\/semmexico\/wp-json\/wp\/v2\/tags?post=11552"}],"curies":[{"name":"wp","href":"https:\/\/api.w.org\/{rel}","templated":true}]}}