{"id":11546,"date":"2019-09-04T19:23:13","date_gmt":"2019-09-04T19:23:13","guid":{"rendered":"https:\/\/redsemlac.com\/semmexico\/?p=11546"},"modified":"2023-07-21T14:53:33","modified_gmt":"2023-07-21T19:53:33","slug":"urge-atencion-a-crisis-de-violencia-contra-periodistas-y-personas-defensoras-de-derechos-humanos-en-mexico","status":"publish","type":"post","link":"https:\/\/redsemlac.com\/semmexico\/urge-atencion-a-crisis-de-violencia-contra-periodistas-y-personas-defensoras-de-derechos-humanos-en-mexico\/","title":{"rendered":"Urge atenci\u00f3n a crisis de violencia contra periodistas y personas defensoras de derechos humanos en M\u00e9xico"},"content":{"rendered":"\n<ul class=\"wp-block-list\"><li><strong>Necesario pasar del diagn\u00f3stico a la soluci\u00f3n de los problemas.<\/strong><\/li><\/ul>\n\n\n\n<p class=\"wp-block-paragraph\"><strong>Redacci\u00f3n<\/strong><\/p>\n\n\n\n<p class=\"wp-block-paragraph\">SemM\u00e9xico. Cd. de M\u00e9xico. 4 de septiembre de 2019.-&nbsp;A nueve meses del gobierno del presidente Andr\u00e9s Manuel L\u00f3pez Obrador, en su primer Informe fue ausente el reconocimiento a la importancia de la labor period\u00edstica y defensa de derechos humanos, y casi invisible la violencia dirigida contra estos grupos de poblaci\u00f3n se\u00f1ala el&nbsp;Consejo Consultivo del Mecanismo para la Protecci\u00f3n de las Personas Defensoras de Derechos Humanos y Periodistas.&nbsp;<\/p>\n\n\n\n<p class=\"wp-block-paragraph\">Por ello en un comunicado de prensa, \u00a0reiteraron la importancia en generar una verdadera pol\u00edtica de Estado que reconozca la funci\u00f3n social de quienes informan y defienden derechos humanos en nuestra sociedad. Inhibir la labor de quienes cumplen esta importante tarea en democracia, compromete seriamente el desarrollo y la construcci\u00f3n de un verdadero Estado de Derecho.<\/p>\n\n\n\n<p class=\"wp-block-paragraph\">Frente la crisis de violencia que asedia a las personas periodistas y defensoras de derechos humanos en nuestro pa\u00eds, urge que el Gobierno Federal tome las medidas pertinentes para implementar las 104 recomendaciones emitidas por la representaci\u00f3n en M\u00e9xico de la Oficina de la Alta Comisionada de las Naciones Unidas para los Derechos Humanos, a trav\u00e9s del \u201cDiagn\u00f3stico sobre el funcionamiento del Mecanismo de Protecci\u00f3n para Personas Defensoras de Derechos Humanos y Periodistas\u201d, presentado p\u00fablicamente el 26 de agosto de 2019, se\u00f1ala el documento.\u00a0<\/p>\n\n\n\n<p class=\"wp-block-paragraph\">Dichas recomendaciones, abonan a las realizadas por el propio Consejo Consultivo y organizaciones de la sociedad civil.<\/p>\n\n\n\n<p class=\"wp-block-paragraph\">Si bien el Gobierno Federal ha aceptado p\u00fablicamente las recomendaciones y conclusiones sobre las falencias y necesidades que requieren ser atendidas para que el Mecanismo funcione adecuadamente, es necesario pasar del diagn\u00f3stico a la soluci\u00f3n de los problemas, generando una hoja de ruta para avanzar en el mejoramiento del Mecanismo.<\/p>\n\n\n\n<p class=\"wp-block-paragraph\"><strong>Es por ello que como Consejo Consultivo consideran \u00a0que es urgente:\u00a0<\/strong><\/p>\n\n\n\n<ul class=\"wp-block-list\"><li>Mutar el car\u00e1cter reactivo&nbsp; a uno preventivo.&nbsp;<\/li><\/ul>\n\n\n\n<ul class=\"wp-block-list\"><li>Mejorar los an\u00e1lisis de riesgo de las personas beneficiarias.<\/li><\/ul>\n\n\n\n<ul class=\"wp-block-list\"><li>Fortalecer el seguimiento e implementaci\u00f3n eficaces y efectivas de las medidas adoptadas.<\/li><\/ul>\n\n\n\n<ul class=\"wp-block-list\"><li>Tener condiciones laborales y de seguridad adecuadas para el personal que labora en la Coordinaci\u00f3n Ejecutiva Nacional.<\/li><\/ul>\n\n\n\n<ul class=\"wp-block-list\"><li>Dotar de recursos humanos, financieros y log\u00edsticos para un funcionamiento diligente.<\/li><\/ul>\n\n\n\n<ul class=\"wp-block-list\"><li>Instaurar un enfoque transversal y diferenciado en la aprobaci\u00f3n e implementaci\u00f3n de medidas de protecci\u00f3n, entre otras.<\/li><\/ul>\n\n\n\n<p class=\"wp-block-paragraph\">Asimismo, una de las principales asignaturas pendientes es la efectiva coordinaci\u00f3n de las dependencias y organismos aut\u00f3nomos que conforman la Junta de Gobierno del Mecanismo, m\u00e1s all\u00e1 de su participaci\u00f3n con el voto para adoptar y retirar medidas.\u00a0<\/p>\n\n\n\n<p class=\"wp-block-paragraph\">\u201cEn suma, se requiere la voluntad pol\u00edtica y las capacidades institucionales para revertir un patr\u00f3n de violencia que lejos de disminuir, aumenta d\u00eda con d\u00eda, y que a\u00fan avanzando en todas las medidas propuestas por el Diagn\u00f3stico de la ONU y los de la sociedad civil organizada, el Mecanismo ser\u00e1 una medida insuficiente ante el avasallante contexto de violencia que prevalece contra las personas defensoras de derechos humanos y periodistas\u201d.\u00a0<\/p>\n\n\n\n<p class=\"wp-block-paragraph\">Por ello, saludan \u00a0que en el Foro de Consulta sobre la Protecci\u00f3n para Personas Defensoras de Derechos Humanos y Periodistas realizado el 30 de agosto, hacia la Construcci\u00f3n del Plan Nacional de Derechos Humanos,\u00a0 el propio Subsecretario de Derechos Humanos, Migraci\u00f3n y Poblaci\u00f3n, Alejandro Encinas, manifestara que el Mecanismo es insuficiente y que se requiere de pol\u00edticas p\u00fablicas integrales y de un verdadero Sistema de Protecci\u00f3n que involucre de manera clara a m\u00e1s dependencias, organismos y sobre todo, entidades federativas.\u00a0\u00a0<\/p>\n\n\n\n<p class=\"wp-block-paragraph\">\u201cLamentablemente, los primeros nueves meses de la actual administraci\u00f3n pintan un alarmante panorama en materia de seguridad y justicia para periodistas y personas defensoras derechos humanos. Del 1 de diciembre de 2018 a la fecha, han sido asesinadas 24 personas defensoras de derechos humanos y 15 periodistas. A ello se suma el reconocimiento presidencial, en el marco del Primer Informe de Gobierno, sobre los pocos resultados\u00a0 de la actual de la estrategia de seguridad implementada\u201d.<\/p>\n\n\n\n<p class=\"wp-block-paragraph\">Ante esta grave situaci\u00f3n las y los integrantes del Consejo Consultivo del Mecanismo de Protecci\u00f3n para Personas Defensoras y Periodistas, hacen un llamado a la consecuci\u00f3n y materializaci\u00f3n urgente de verdaderas pol\u00edticas p\u00fablicas integrales que tengan como prioridad el fortalecimiento del Mecanismo,\u00a0 el combate y la cero tolerancia a las agresiones contra periodistas y defensoras\/es.<\/p>\n\n\n\n<p class=\"wp-block-paragraph\">Es necesario reconocer que el Mecanismo de Protecci\u00f3n ha salvado vidas, por lo que es ineludible mayor atenci\u00f3n y esfuerzo institucional en un pa\u00eds catalogado como uno de los m\u00e1s peligrosos para ejercer el periodismo y la defensa de los derechos humanos.<\/p>\n\n\n\n<p class=\"wp-block-paragraph\">El dise\u00f1o de dicha pol\u00edtica integral, implica pasar del diagn\u00f3stico a la acci\u00f3n, y para ello se requiere garantizar la participaci\u00f3n de toda la sociedad. La nueva etapa del Gobierno Federal que inici\u00f3 a partir del 1 de septiembre, tiene las herramientas necesarias y cuenta con la experiencia y capacidad de la sociedad civil para empujar y construir la consolidaci\u00f3n de un espacio democr\u00e1tico incluyente, libre de miedo y de violencia.\u00a0\u00a0<\/p>\n\n\n\n<p class=\"wp-block-paragraph\">SEM\/GR<\/p>\n","protected":false},"excerpt":{"rendered":"<p>Necesario pasar del diagn\u00f3stico a la soluci\u00f3n de los problemas.<\/p>\n","protected":false},"author":3,"featured_media":11547,"comment_status":"open","ping_status":"open","sticky":false,"template":"","format":"standard","meta":{"_monsterinsights_skip_tracking":false,"footnotes":""},"categories":[690,55],"tags":[],"class_list":["post-11546","post","type-post","status-publish","format-standard","has-post-thumbnail","category-690","category-periodistas"],"_links":{"self":[{"href":"https:\/\/redsemlac.com\/semmexico\/wp-json\/wp\/v2\/posts\/11546","targetHints":{"allow":["GET"]}}],"collection":[{"href":"https:\/\/redsemlac.com\/semmexico\/wp-json\/wp\/v2\/posts"}],"about":[{"href":"https:\/\/redsemlac.com\/semmexico\/wp-json\/wp\/v2\/types\/post"}],"author":[{"embeddable":true,"href":"https:\/\/redsemlac.com\/semmexico\/wp-json\/wp\/v2\/users\/3"}],"replies":[{"embeddable":true,"href":"https:\/\/redsemlac.com\/semmexico\/wp-json\/wp\/v2\/comments?post=11546"}],"version-history":[{"count":0,"href":"https:\/\/redsemlac.com\/semmexico\/wp-json\/wp\/v2\/posts\/11546\/revisions"}],"wp:featuredmedia":[{"embeddable":true,"href":"https:\/\/redsemlac.com\/semmexico\/wp-json\/wp\/v2\/media\/11547"}],"wp:attachment":[{"href":"https:\/\/redsemlac.com\/semmexico\/wp-json\/wp\/v2\/media?parent=11546"}],"wp:term":[{"taxonomy":"category","embeddable":true,"href":"https:\/\/redsemlac.com\/semmexico\/wp-json\/wp\/v2\/categories?post=11546"},{"taxonomy":"post_tag","embeddable":true,"href":"https:\/\/redsemlac.com\/semmexico\/wp-json\/wp\/v2\/tags?post=11546"}],"curies":[{"name":"wp","href":"https:\/\/api.w.org\/{rel}","templated":true}]}}