{"id":11543,"date":"2019-09-03T22:30:43","date_gmt":"2019-09-03T22:30:43","guid":{"rendered":"https:\/\/redsemlac.com\/semmexico\/?p=11543"},"modified":"2023-07-21T14:53:34","modified_gmt":"2023-07-21T19:53:34","slug":"opinion-90","status":"publish","type":"post","link":"https:\/\/redsemlac.com\/semmexico\/opinion-90\/","title":{"rendered":"Mujeres y Pol\u00edtica"},"content":{"rendered":"\n<h2 class=\"wp-block-heading\"> Las pifias mis\u00f3ginas de la semana <\/h2>\n\n\n\n<p class=\"wp-block-paragraph\">\u00a0<strong>V\u00e1squez Colmenares culpabiliza a las mujeres de la violencia machista<\/strong><\/p>\n\n\n\n<p class=\"wp-block-paragraph\"><strong>Soledad Jarqu\u00edn Edgar<\/strong><\/p>\n\n\n\n<p class=\"wp-block-paragraph\">SemM\u00e9xico, 3 septiembre 2019.- Una secretaria de Estado en Oaxaca, un diputado local en Guerrero y una diputada de Oaxaca y un funcionario menor dieron muestra en los \u00faltimos d\u00edas de la violencia institucional contra las mujeres, cuyos dichos y acciones se convierten en un peligro. Y s\u00ed, nos preocupa mucho.<\/p>\n\n\n\n<p class=\"wp-block-paragraph\">Tenemos las cifras, a veces en una danza, sabemos los tipos y los \u00e1mbitos en que se comete la violencia feminicida y el feminicidio, y tambi\u00e9n sabemos que hay \u201cnuevos\u201d actores patriarcales: m\u00e1s armas ilegales corriendo a lo largo y ancho del pa\u00eds, lo que incrementa indiscutiblemente el n\u00famero de ataques y cuando estas armas est\u00e1n en casa, potencializan el feminicidio.<\/p>\n\n\n\n<p class=\"wp-block-paragraph\">Por otro lado, est\u00e1 la narcopol\u00edtica, una realidad cotidiana donde las confrontaciones entre unos y otros c\u00e1rteles, pasa por el cuerpo de las mujeres: botines de guerra, y claro un derivado de la narcopol\u00edtica, la trata de personas donde las mujeres, cosificadas, son sometidas a la prostituci\u00f3n forzada, y una reciente clasificaci\u00f3n legal de la violencia contra las mujeres que hacen pol\u00edtica.<\/p>\n\n\n\n<p class=\"wp-block-paragraph\">Pero nada asusta m\u00e1s que observar, leer o escuchar la manera en que personajes de la vida p\u00fablica y pol\u00edtica, quienes se encargan de las llamadas pol\u00edticas p\u00fablicas o aprobar presupuestos y leyes con perspectiva de g\u00e9nero, emitan comentarios que resultan retr\u00f3grados, machistas e intolerables, basados, dicen en \u201cvalores\u201d, en su propia ideolog\u00eda, pasando por alto los derechos de las mujeres.<\/p>\n\n\n\n<p class=\"wp-block-paragraph\">El primer caso es el de la secretaria de las Mujeres de Oaxaca,&nbsp;<strong>Ana Isabel V\u00e1squez Colmenares,<\/strong>&nbsp;quien ha sido cuestionada por las organizaciones no gubernamentales por la falta de resultados en relaci\u00f3n con los objetivos planteados por la declaratoria de Alerta de Violencia de G\u00e9nero en Oaxaca, establecida hace un a\u00f1o en Oaxaca por la Secretar\u00eda de Gobernaci\u00f3n a trav\u00e9s de la CONAVIM.<\/p>\n\n\n\n<p class=\"wp-block-paragraph\">En ese contexto&nbsp;<strong>V\u00e1squez Colmenares<\/strong>&nbsp;hizo el t\u00edpico recorrido por los medios de comunicaci\u00f3n, incluyendo CORTV, que se utiliza dicho sea de paso como vocer\u00eda del gobierno. Dio a conocer sus \u201cacciones\u201d emprendidas para prevenir, atender, sancionar y erradicar -dijo- la violencia contra las mujeres en el marco de la famosa AVG. \u00bf911 en todos los municipios? \u00bfCapacitaci\u00f3n a polic\u00edas para que no revictimicen a las mujeres? \u00bfInyecci\u00f3n de recursos para un albergue de medio camino? Bueno, bueno\u2026 hay que sacar conclusiones.<\/p>\n\n\n\n<p class=\"wp-block-paragraph\">Oaxaca, seg\u00fan INEGI es una de las 10 entidades del pa\u00eds con menor cobertura, con un 40 por ciento, solo dejo el dato. Y lo m\u00e1s concreto que una autoridad puede hacer para no revictimizar a las mujeres es reconocer sus derechos, lo que para el funcionariado resulta altamente dif\u00edcil. Es como pasar una cuerda haciendo equilibrio a 20 metros de altura. Y lo \u00faltimo y muy cuestionable es el silencio c\u00f3mplice que asumen las autoridades con respecto a un albergue municipal en manos de un dirigente de comerciantes y que cost\u00f3 a la federaci\u00f3n unos nueve millones de pesos.<\/p>\n\n\n\n<p class=\"wp-block-paragraph\">Digo por si el presidente&nbsp;<strong>Andr\u00e9s Manuel L\u00f3pez Obrador<\/strong>, quiere asomar su cabeza frente a ese hecho de corrupci\u00f3n del exdiputado federal del PRD, avenido a Morena,&nbsp;<strong>Hugo Jarqu\u00edn<\/strong>, quien no quiere devolver el inmueble, pese a que el comodato concluy\u00f3 el 31 de diciembre pasado. Bastar\u00eda con ello, para no pretender descubrir el agua tibia como hace&nbsp;<strong>Ana Isabel V\u00e1squez Colmenares<\/strong>&nbsp;y&nbsp;<strong>CONAVIM<\/strong>&nbsp;-que sin informaci\u00f3n correcta- destina medio mill\u00f3n de pesos para un albergue de medio camino, cuando en Oaxaca hay un edificio construido exprofeso para tener un \u201cbuen\u201d albergue.<\/p>\n\n\n\n<p class=\"wp-block-paragraph\">La pifia de la semana correspondi\u00f3 a la misma&nbsp;<strong>Ana Isabel V\u00e1squez Colmenares,&nbsp;<\/strong>quien en su periplo medi\u00e1tico asegura que los hombres machistas responden con m\u00e1s virulencia ante las demandas de las mujeres por sus derechos. Su equivocada percepci\u00f3n de los hechos deriva del desconocimiento. No todo es andar repitiendo cifras y acciones, la teor\u00eda feminista requiere estudiarse. Entenderla. D\u00edas antes asegur\u00f3 en un tuit, que public\u00f3 en su cuenta, que asist\u00eda a un acto reconocimiento (dicho sea de paso, en horas de oficina) de \u201csu maestra\u201d&nbsp;<strong>Marcela Lagarde y de los R\u00edos.&nbsp;<\/strong>No se trata de eso. La respuesta a la violencia machista tiene su origen en la intrincada construcci\u00f3n social que da a las mujeres y los hombres lugares desiguales, pero sobre todo la err\u00f3nea idea de que tienen mayor poder y valor ellos que ellas. No la se\u00f1ora habla de valores y luego de derechos en una entrevista realizada por la periodista&nbsp;<strong>Mayra Ric\u00e1rdez&nbsp;<\/strong>que es sin duda una \u201cjoya\u201d.<\/p>\n\n\n\n<p class=\"wp-block-paragraph\">Y d\u00edas antes, otro priista, solo que esta vez se trata de un legislador local en Guerrero,&nbsp;<strong>Heriberto Huicochea V\u00e1zquez&nbsp;<\/strong>dio la nota mis\u00f3gina de la semana en su entidad, al declarar que est\u00e1 preocupado por la salida de los hombres de los partidos pol\u00edticos cuando las candidaturas, por \u201cla paridad\u201d, se da a las mujeres, pero eso no es lo peor, lo terrible fue cuando sugiri\u00f3 que el \u201cempoderamiento\u201d de las mujeres en los partidos pol\u00edticos y, por ende, en los cargos de elecci\u00f3n popular, deber\u00eda ser \u201cpaso a paso\u201d.<\/p>\n\n\n\n<p class=\"wp-block-paragraph\">Tal parece que, para este diputado guerrerense, como sucede con otras mujeres y hombres, no fue suficiente primero esperar m\u00e1s de cien a\u00f1os para que la ciudadan\u00eda de las mujeres fuera reconocida en las leyes (1947, elecciones municipales y 1953, el sufragio universal) y se consolidara la igualdad -num\u00e9rica- en 2014 con la reforma constitucional que establece la paridad, o sea, 61 a\u00f1os despu\u00e9s. Son como esas personas que siguen pensando que en las comunidades la inserci\u00f3n de las mujeres a la vida p\u00fablica es as\u00ed, \u201cpaso a paso\u201d, para no alterar el ritmo de las malas pr\u00e1cticas disfrazadas de costumbres buenas. O, como creer que algunas mujeres no entienden sus derechos y que tienen que esperar hasta que los comprendan bien. Lo cierto es que conocemos a muchos hombres, como el propio&nbsp;<strong>Huicochea V\u00e1zquez&nbsp;<\/strong>con deficiencias en eso que se llama y, escuch\u00e9 hoy de nueva cuenta: lectura de comprensi\u00f3n. Los derechos son derechos y su ejercicio no se debe escatimar a nadie. Lo contrario ser\u00eda discriminatorio y sexista.<\/p>\n\n\n\n<p class=\"wp-block-paragraph\">Pero en esta corona de pifias mis\u00f3ginas est\u00e1 tambi\u00e9n el caso de&nbsp;<strong>Joel Zamora Montes<\/strong>, ahora ex funcionario del<strong>&nbsp;Instituto<\/strong>Oaxaque\u00f1o de Atenci\u00f3n del Migrante (IOAM) y coordinador de Atenci\u00f3n Social en el municipio de Huajuapan de Le\u00f3n, en la regi\u00f3n mixteca, cesado por hacer publicaciones en redes sociales con caracter\u00edsticas mis\u00f3ginas que, incluso, ponen en riesgo la vida de las mujeres. El se\u00f1or fue denunciado por las feministas quienes se cansaron de recibir insultos, estos cada vez mayores, tras la marcha del pasado 16 de agosto.<\/p>\n\n\n\n<p class=\"wp-block-paragraph\">El exempleado, gustaba adem\u00e1s de tomarse fotos con la primera plana de quienes est\u00e1n en la pol\u00edtica oaxaque\u00f1a: como las titulares del IOAM, SMO y el propio gobernador&nbsp;<strong>Alejandro Murat.&nbsp;<\/strong>Una de sus publicaciones: \u201cTodo bien en casita hijas\u2026. #Feminazis\u201d a lo que una feminista le respondi\u00f3 tan pronto como trascendi\u00f3 su destituci\u00f3n, \u201ccomo est\u00e1s en tu casa Joelito\u201d.<\/p>\n\n\n\n<p class=\"wp-block-paragraph\">Y la \u00faltima de la semana, fue la actividad que realiz\u00f3 la diputada priista&nbsp;<strong>Magda Rend\u00f3n,<\/strong>&nbsp;quien llev\u00f3 hasta un cura, una virgen y feligreses para celebrar una misa a las puertas del Congreso local, previo a un foro El Aborto en la Actualidad, integrantes de la Ola Celestre, movimiento de ultraderecha que niega el derecho a decidir de las mujeres. La pregunta es \u00bfQui\u00e9n pag\u00f3 los viajes de las ponentes, algunas de ellas de Argentina y otra de Brasil?<\/p>\n\n\n\n<p class=\"wp-block-paragraph\">La pregunta de las mujeres al Congreso local es \u00bfqu\u00e9 pas\u00f3 con el Estado laico? Pregunta que se hace directamente a las diputadas de Morena:\u00a0<strong>In\u00e9s Leal, Gloria S\u00e1nchez y Elena Cuevas, y a Victoria Cruz, del PVEM.<\/strong><\/p>\n\n\n\n<p class=\"wp-block-paragraph\">Las alarmas se encienden, en tiempos de la 4T el avance de la derecha viene por la izquierda, el centro y la misma derecha y todo en contra de los derechos fundamentales de las mujeres.<\/p>\n\n\n\n<p class=\"wp-block-paragraph\">As\u00ed lo vemos con&nbsp;<strong>\u00c1ngel Dom\u00ednguez<\/strong>, tambi\u00e9n morenista, y un confeso seguidor de lo que llama la \u201cfamilia natural\u201d, como dijo ante los grupos cristianos que se dieron a la tarea de protestar en el Congreso de Oaxaca, durante la sesi\u00f3n en la que se aprob\u00f3 el matrimonio igualitario.<\/p>\n\n\n\n<p class=\"wp-block-paragraph\">\u00bfSe dan cuenta? En la pel\u00edcula inglesa Las Sufragistas, dirigida por&nbsp;<strong>Sarah Gavron&nbsp;<\/strong>y escrita por&nbsp;<strong>Abi Morgan<\/strong>, hay una escena donde los diputados discuten sobre la ciudadan\u00eda de la poblaci\u00f3n negra. Uno de los parlamentarios se\u00f1ala y \u00bfdespu\u00e9s del voto a los negros que sigue? \u00bfEl voto a las mujeres? No. Es la respuesta al un\u00edsono, exclamaci\u00f3n llena de coraje e indignaci\u00f3n por la propuesta.<\/p>\n\n\n\n<p class=\"wp-block-paragraph\">As\u00ed estamos. Podemos avanzar en todo y hemos adquirido derechos, pero el derecho a decidir sigue siendo el gran obst\u00e1culo de todos los derechos de las mexicanas, porque quienes deciden est\u00e1n atravesados por sus complejos y creencias personales.<\/p>\n","protected":false},"excerpt":{"rendered":"<p>Las pifias mis\u00f3ginas de la semana <\/p>\n","protected":false},"author":3,"featured_media":8460,"comment_status":"open","ping_status":"open","sticky":false,"template":"","format":"standard","meta":{"_monsterinsights_skip_tracking":false,"footnotes":""},"categories":[690,96,75],"tags":[],"class_list":["post-11543","post","type-post","status-publish","format-standard","has-post-thumbnail","category-690","category-mujeres-y-politica","category-soledad-jarquin-edgar"],"_links":{"self":[{"href":"https:\/\/redsemlac.com\/semmexico\/wp-json\/wp\/v2\/posts\/11543","targetHints":{"allow":["GET"]}}],"collection":[{"href":"https:\/\/redsemlac.com\/semmexico\/wp-json\/wp\/v2\/posts"}],"about":[{"href":"https:\/\/redsemlac.com\/semmexico\/wp-json\/wp\/v2\/types\/post"}],"author":[{"embeddable":true,"href":"https:\/\/redsemlac.com\/semmexico\/wp-json\/wp\/v2\/users\/3"}],"replies":[{"embeddable":true,"href":"https:\/\/redsemlac.com\/semmexico\/wp-json\/wp\/v2\/comments?post=11543"}],"version-history":[{"count":0,"href":"https:\/\/redsemlac.com\/semmexico\/wp-json\/wp\/v2\/posts\/11543\/revisions"}],"wp:featuredmedia":[{"embeddable":true,"href":"https:\/\/redsemlac.com\/semmexico\/wp-json\/wp\/v2\/media\/8460"}],"wp:attachment":[{"href":"https:\/\/redsemlac.com\/semmexico\/wp-json\/wp\/v2\/media?parent=11543"}],"wp:term":[{"taxonomy":"category","embeddable":true,"href":"https:\/\/redsemlac.com\/semmexico\/wp-json\/wp\/v2\/categories?post=11543"},{"taxonomy":"post_tag","embeddable":true,"href":"https:\/\/redsemlac.com\/semmexico\/wp-json\/wp\/v2\/tags?post=11543"}],"curies":[{"name":"wp","href":"https:\/\/api.w.org\/{rel}","templated":true}]}}