{"id":11539,"date":"2019-09-03T22:24:07","date_gmt":"2019-09-03T22:24:07","guid":{"rendered":"https:\/\/redsemlac.com\/semmexico\/?p=11539"},"modified":"2023-07-21T14:53:34","modified_gmt":"2023-07-21T19:53:34","slug":"debe-continuar-en-funciones-el-centro-ciudad-de-las-mujeres-de-tlapa-nestora-salgado","status":"publish","type":"post","link":"https:\/\/redsemlac.com\/semmexico\/debe-continuar-en-funciones-el-centro-ciudad-de-las-mujeres-de-tlapa-nestora-salgado\/","title":{"rendered":"Debe continuar en funciones el Centro \u00abCiudad de las Mujeres\u00bb de Tlapa: Nestora Salgado"},"content":{"rendered":"\n<p class=\"wp-block-paragraph\"><strong>Propone que Senado de\nla Rep\u00fablica exhorte al Gobierno Federal y gobiernos estatal y municipales para\nque realicen las acciones necesarias que permitan dar continuidad al Centro<\/strong><\/p>\n\n\n\n<p class=\"wp-block-paragraph\"><strong>Redacci\u00f3n<\/strong><\/p>\n\n\n\n<p class=\"wp-block-paragraph\">SemM\u00e9xico. Ciudad de M\u00e9xico. 3 de septiembre de 2019. La\nSenadora Nestora Salgado Garc\u00eda propuso que el Senado de la Rep\u00fablica exhorte\nal Gobierno Federal, al gobierno de Guerrero y a los 19 gobiernos municipales\nde la regi\u00f3n Monta\u00f1a del estado, para que, en ejercicio de sus atribuciones,\nrealicen las acciones necesarias que permitan dar continuidad al Centro Ciudad\nde las Mujeres de Tlapa de Comonfort, Guerrero; as\u00ed como a determinar la\ndependencia que ser\u00e1 encargada del funcionamiento de dicho Centro.<\/p>\n\n\n\n<p class=\"wp-block-paragraph\">En conferencia de prensa la senadora morenista expuso ante\nmedios de comunicaci\u00f3n,&nbsp; que el llamado\nes a que los tres \u00f3rdenes de gobierno se comprometan a proporcionar las\ncondiciones necesarias para el Centro, que ha brindado atenci\u00f3n integral al\nmenos a 25 mil mujeres na savi, nahua, m\u00e9pha\u00e1, contin\u00fae en funcionamiento.<\/p>\n\n\n\n<p class=\"wp-block-paragraph\">Tambi\u00e9n en la conferencia de prensa, un grupo de 15\ntrabajadoras del Centro Ciudad de las Mujeres en voz de Er\u00e9ndira Gonz\u00e1lez,\ndestac\u00f3 la necesidad de que una instancia de este tipo siga atendiendo a\nmujeres de la Monta\u00f1a. Guadalupe Galindo, perito traductora de tu\u00b4un savi dio\nun mensaje en su lengua materna explicando las funciones del Centro inaugurado\nen 2015 en tanto que las senadoras Eva Galaz y Martha Guerrero pidieron al\npresidente L\u00f3pez Obrador apoyar e impulsar este tipo de centros de atenci\u00f3n.<\/p>\n\n\n\n<figure class=\"wp-block-image\"><img decoding=\"async\" src=\"https:\/\/redsemlac.com\/semmexico\/wp-content\/uploads\/2019\/09\/NESTORA-2-1024x381.png\" alt=\"\" class=\"wp-image-11540\"\/><\/figure>\n\n\n\n<p class=\"wp-block-paragraph\">Salgado Garc\u00eda dio a conocer que luego de una reuni\u00f3n de\ntrabajadoras de Ciudad de las Mujeres con funcionarios de la SEDATU, lograron\nque la Secretar\u00eda se comprometiera a pagarles los salarios de diciembre de 2018\na septiembre de 2019, adem\u00e1s de aceptar promover mesas de trabajo con otras\nsecretar\u00edas e instancias como la Secretar\u00eda de Bienestar, el INPI, Inmujeres,\npara atender a la brevedad la situaci\u00f3n del Centro a efecto de que las mujeres\nque est\u00e1n siendo atendidas no sean vulneradas.<\/p>\n\n\n\n<p class=\"wp-block-paragraph\">\u201cAgradecemos a SEDATU la disposici\u00f3n al di\u00e1logo, confiamos\nen que cumplir\u00e1 su palabra. Por otro lado, exhortamos no solo al Gobierno\nFederal, sino al Gobierno de Guerrero y a los gobiernos municipales a sostener\nuna responsabilidad urgente con las mujeres para garantizar sus derechos\nhumanos; garantizar el acceso a una vida libre de violencia; a prevenir y\nerradicar cualquier forma de discriminaci\u00f3n\u201d, se\u00f1al\u00f3 la senadora.<\/p>\n\n\n\n<p class=\"wp-block-paragraph\">La propuesta de exhorto solicita tambi\u00e9n a la C\u00e1mara de\nDiputados para que, en el Presupuesto de Egresos de la Federaci\u00f3n para el\nEjercicio Fiscal 2020, se contemplen los recursos necesarios para el adecuado\nfuncionamiento del Centro Ciudad de las Mujeres de Tlapa de Comonfort,\nGuerrero.<\/p>\n\n\n\n<p class=\"wp-block-paragraph\">Salgado Garc\u00eda reiter\u00f3 la disposici\u00f3n para que desde el\nSenado de la Rep\u00fablica, se impulsen las reformas necesarias que permitan dar\ncontinuidad al Centro.<\/p>\n\n\n\n<p class=\"wp-block-paragraph\">SEM\/IL<\/p>\n","protected":false},"excerpt":{"rendered":"<p>Propone que Senado de la Rep\u00fablica exhorte al Gobierno Federal y gobiernos estatal y municipales para que realicen las acciones necesarias que permitan dar continuidad al Centro<\/p>\n","protected":false},"author":3,"featured_media":11541,"comment_status":"open","ping_status":"open","sticky":false,"template":"","format":"standard","meta":{"_monsterinsights_skip_tracking":false,"footnotes":""},"categories":[690,50],"tags":[],"class_list":["post-11539","post","type-post","status-publish","format-standard","has-post-thumbnail","category-690","category-congreso"],"_links":{"self":[{"href":"https:\/\/redsemlac.com\/semmexico\/wp-json\/wp\/v2\/posts\/11539","targetHints":{"allow":["GET"]}}],"collection":[{"href":"https:\/\/redsemlac.com\/semmexico\/wp-json\/wp\/v2\/posts"}],"about":[{"href":"https:\/\/redsemlac.com\/semmexico\/wp-json\/wp\/v2\/types\/post"}],"author":[{"embeddable":true,"href":"https:\/\/redsemlac.com\/semmexico\/wp-json\/wp\/v2\/users\/3"}],"replies":[{"embeddable":true,"href":"https:\/\/redsemlac.com\/semmexico\/wp-json\/wp\/v2\/comments?post=11539"}],"version-history":[{"count":0,"href":"https:\/\/redsemlac.com\/semmexico\/wp-json\/wp\/v2\/posts\/11539\/revisions"}],"wp:featuredmedia":[{"embeddable":true,"href":"https:\/\/redsemlac.com\/semmexico\/wp-json\/wp\/v2\/media\/11541"}],"wp:attachment":[{"href":"https:\/\/redsemlac.com\/semmexico\/wp-json\/wp\/v2\/media?parent=11539"}],"wp:term":[{"taxonomy":"category","embeddable":true,"href":"https:\/\/redsemlac.com\/semmexico\/wp-json\/wp\/v2\/categories?post=11539"},{"taxonomy":"post_tag","embeddable":true,"href":"https:\/\/redsemlac.com\/semmexico\/wp-json\/wp\/v2\/tags?post=11539"}],"curies":[{"name":"wp","href":"https:\/\/api.w.org\/{rel}","templated":true}]}}