{"id":11530,"date":"2019-09-03T19:50:26","date_gmt":"2019-09-03T19:50:26","guid":{"rendered":"https:\/\/redsemlac.com\/semmexico\/?p=11530"},"modified":"2023-07-21T14:53:34","modified_gmt":"2023-07-21T19:53:34","slug":"opinion-89","status":"publish","type":"post","link":"https:\/\/redsemlac.com\/semmexico\/opinion-89\/","title":{"rendered":"Incendios descontrolados en Bolivia"},"content":{"rendered":"\n<h3 class=\"wp-block-heading\"><strong>El fuego, la gallina de los huevos de oro y los gallos<\/strong><\/h3>\n\n\n\n<p class=\"wp-block-paragraph\"> <strong>Drina Ergueta<\/strong><\/p>\n\n\n\n<p class=\"wp-block-paragraph\">SemM\u00e9xico. La Paz-Bolivia. 3 de septiembre de 2019.-&nbsp;&nbsp;En medio de la crisis que vive Bolivia por los incendios de las tierras que corresponden a la Amazon\u00eda sudamericana, \u00d3scar Ciro Pereyra, m\u00e1ximo dirigente ganadero boliviano, le dijo al presidente Evo Morales que no se pod\u00eda \u201cmatar a la gallina de los huevos de oro\u201d, rechazando as\u00ed la posible derogaci\u00f3n de una reciente norma que aceptaba ampliar el n\u00famero de hect\u00e1reas de selva que pueden ser quemadas para habilitarlas para su explotaci\u00f3n. Es sin duda, el elemento clave del problema.<\/p>\n\n\n\n<p class=\"wp-block-paragraph\">Quien ha recorrido Europa, por ejemplo, sabe que gran parte de su territorio densamente poblado est\u00e1 intensamente explotado por la agropecuaria. En el pasado, este territorio eran bosques y se dice que una ardilla podr\u00eda ir de un extremo a otro saltando de \u00e1rbol en \u00e1rbol. Hoy eso no existe, salvo algunas islas, y en su lugar hay plantaciones intensivas y granjas ganaderas. Son pa\u00edses ricos. Adem\u00e1s, son pa\u00edses contaminantes, aunque en Europa en las \u00faltimas d\u00e9cadas se ha trabajado bastante en la reducci\u00f3n de estos \u00edndices.<\/p>\n\n\n\n<p class=\"wp-block-paragraph\">En Bolivia, seg\u00fan datos oficiales, la superficie agr\u00edcola alcanza los 3.5 millones de hect\u00e1reas (2015), es decir, un mill\u00f3n m\u00e1s que hace diez a\u00f1os. Hoy la agricultura nacional ocupa tierras por el equivalente al 3,5% del territorio nacional y la superficie quemada en las \u00faltimas semanas es el 1%. Es mucho lo que se ha quemado porque Bolivia es muy grande, grande y despoblada con sus poco m\u00e1s de 11,3 millones de habitantes. Es muy reducida la cantidad de tierras que se destina a la agricultura y, pese al crecimiento sostenido de los \u00faltimos a\u00f1os, Bolivia es un pa\u00eds pobre.<\/p>\n\n\n\n<p class=\"wp-block-paragraph\">Los pa\u00edses desarrollados, que son quienes realizan explotaciones intensivas de la tierra y sus recursos, no terminan de ponerse de acuerdo en reducir las emisiones contaminantes mientras miran las selvas de la Amazon\u00eda como lugares que hay que preservar. O sea, nosotros, ricos, contaminamos y que sean los pobres los que cuiden el medio ambiente. \u00bfNo ser\u00eda adecuado que sean los pa\u00edses ricos los que paguen por los cuidados del Amazonas? Alguna compensaci\u00f3n debiera tener un pa\u00eds como Bolivia.<\/p>\n\n\n\n<p class=\"wp-block-paragraph\">En los hechos, Bolivia, empobrecida, utiliza muy poco sus recursos y seguramente a eso se refiere el dirigente ganadero, tan franco y pr\u00e1ctico y tan poco cauto con la coyuntura y los medios. Evidentemente, cualquier quema (como \u00fanica manera barata y accesible para habilitar la tierra para su explotaci\u00f3n) debe ser controlada, como tambi\u00e9n se deben pagar impuestos (no s\u00f3lo es pedir) y las ganancias distribuir (no s\u00f3lo es enriquecerse).<\/p>\n\n\n\n<p class=\"wp-block-paragraph\">Hace pocas semanas tambi\u00e9n ardieron 16.000 hect\u00e1reas, el 8% de una isla canaria. En su momento se dijo ten\u00eda un \u201cfuego incontrolable\u201d y all\u00ed acudieron 700 bomberos profesionales con aviones helic\u00f3pteros y lo que hizo falta. Siendo isla, el mar ayud\u00f3. La comparaci\u00f3n es interesante con un territorio inmenso de Bolivia, sin agua cerca, sin casi profesionales, s\u00f3lo gente voluntaria y sin previsi\u00f3n ni preparaci\u00f3n alguna, siendo un pa\u00eds econ\u00f3micamente peque\u00f1o donde el fuego s\u00ed que es incontrolable.<\/p>\n\n\n\n<p class=\"wp-block-paragraph\">All\u00ed est\u00e1, ardiendo a\u00fan, la gallina de los huevos de oro y mientras tanto los gallos se la pasan, desde todos los bandos m\u00e1s visibles, haciendo todo lo posible para sacar alg\u00fan r\u00e9dito pol\u00edtico en este per\u00edodo de campa\u00f1a electoral plagado de promesas, acusaciones, declaraciones y muchas fotograf\u00edas.<\/p>\n\n\n\n<p class=\"wp-block-paragraph\">Gallos porque s\u00f3lo se ve a hombres abri\u00e9ndose paso a codazos para figurar y ver qu\u00e9 r\u00e9dito sacan. Desde los empresarios agropecuarios, pasando por los dirigentes cocaleros y excolonizadores, los ind\u00edgenas\u2026 hasta los pir\u00f3manos son hombres y tambi\u00e9n los h\u00e9roes: los bomberos y voluntarios (hay muchas mujeres que como cosa extra\u00f1a las sacan en los medios) y quienes \u201cayudan\u201d desde fuera del pa\u00eds, presidentes, artistas, futbolistas, dise\u00f1adores de moda a los que la buena prensa con un tema sensible siempre les va bien.<\/p>\n\n\n\n<p class=\"wp-block-paragraph\">Es necesario una pol\u00edtica de Estado respecto a este tema, valorarlo en su medida y actuar, y no permitir que la campa\u00f1a electoral y los intereses primen. Adem\u00e1s de que participen y decidan las mujeres, que en materia de \u201ccuidar\u201d tienen obviamente m\u00e1s experiencia.<br><\/p>\n","protected":false},"excerpt":{"rendered":"<p>El fuego, la gallina de los huevos de oro y los gallos<\/p>\n","protected":false},"author":3,"featured_media":8467,"comment_status":"open","ping_status":"open","sticky":false,"template":"","format":"standard","meta":{"_monsterinsights_skip_tracking":false,"footnotes":""},"categories":[690,77,102],"tags":[],"class_list":["post-11530","post","type-post","status-publish","format-standard","has-post-thumbnail","category-690","category-drina-ergueta","category-textura-violeta"],"_links":{"self":[{"href":"https:\/\/redsemlac.com\/semmexico\/wp-json\/wp\/v2\/posts\/11530","targetHints":{"allow":["GET"]}}],"collection":[{"href":"https:\/\/redsemlac.com\/semmexico\/wp-json\/wp\/v2\/posts"}],"about":[{"href":"https:\/\/redsemlac.com\/semmexico\/wp-json\/wp\/v2\/types\/post"}],"author":[{"embeddable":true,"href":"https:\/\/redsemlac.com\/semmexico\/wp-json\/wp\/v2\/users\/3"}],"replies":[{"embeddable":true,"href":"https:\/\/redsemlac.com\/semmexico\/wp-json\/wp\/v2\/comments?post=11530"}],"version-history":[{"count":0,"href":"https:\/\/redsemlac.com\/semmexico\/wp-json\/wp\/v2\/posts\/11530\/revisions"}],"wp:featuredmedia":[{"embeddable":true,"href":"https:\/\/redsemlac.com\/semmexico\/wp-json\/wp\/v2\/media\/8467"}],"wp:attachment":[{"href":"https:\/\/redsemlac.com\/semmexico\/wp-json\/wp\/v2\/media?parent=11530"}],"wp:term":[{"taxonomy":"category","embeddable":true,"href":"https:\/\/redsemlac.com\/semmexico\/wp-json\/wp\/v2\/categories?post=11530"},{"taxonomy":"post_tag","embeddable":true,"href":"https:\/\/redsemlac.com\/semmexico\/wp-json\/wp\/v2\/tags?post=11530"}],"curies":[{"name":"wp","href":"https:\/\/api.w.org\/{rel}","templated":true}]}}