{"id":11511,"date":"2019-09-03T00:22:46","date_gmt":"2019-09-03T00:22:46","guid":{"rendered":"https:\/\/redsemlac.com\/semmexico\/?p=11511"},"modified":"2023-07-21T14:53:34","modified_gmt":"2023-07-21T19:53:34","slug":"edil-de-san-agustin-pone-candado-a-mujeres-en-proceso-electoral","status":"publish","type":"post","link":"https:\/\/redsemlac.com\/semmexico\/edil-de-san-agustin-pone-candado-a-mujeres-en-proceso-electoral\/","title":{"rendered":"Edil de San Agust\u00edn pone \u201ccandado\u201d a mujeres en proceso electoral"},"content":{"rendered":"\n<p class=\"wp-block-paragraph\"><strong>En una reciente\nsesi\u00f3n de cabildo, el Presidente Municipal de San Agust\u00edn de las Juntas, Tom\u00e1s\nP\u00e9rez L\u00f3pez advirti\u00f3 que no permitir\u00eda que mujeres sean electas \u201cpor conflictivas\ne incapaces\u201d<\/strong><\/p>\n\n\n\n<p class=\"wp-block-paragraph\"><strong>Redacci\u00f3n<\/strong><\/p>\n\n\n\n<p class=\"wp-block-paragraph\">SemM\u00e9xico\/ JM Noticias. San Agust\u00edn de las Juntas, Oax. 02\nde septiembre 2019.- Amparado en el sistema de usos y costumbres y con aval del\nInstituto Estatal Electoral y de Participaci\u00f3n Ciudadana de Oaxaca (IEEPCO) el\nAyuntamiento de San Agust\u00edn de las Juntas viola la Constituci\u00f3n federal al\nemitir una convocatoria en la que pone obst\u00e1culos a las mujeres para contender\npor la presidencia municipal.<\/p>\n\n\n\n<p class=\"wp-block-paragraph\">El domingo 1 de septiembre de 2019, el Ayuntamiento de San\nAgust\u00edn de las Juntas emiti\u00f3 convocatoria a todos los ciudadanos y ciudadanas\npara que participen en la Asamblea General Comunitaria de Elecci\u00f3n de\nAutoridades Municipales, para el periodo comprendido del 1 de enero de 2020 al\n31 de diciembre de 2022.<\/p>\n\n\n\n<p class=\"wp-block-paragraph\">La convocatoria ama\u00f1ada del municipio sujeto al r\u00e9gimen de\nSistemas Normativos Ind\u00edgenas refiere como normatividad el Acuerdo\nIEEPCO-CG-SIN-4-\/2015.<\/p>\n\n\n\n<p class=\"wp-block-paragraph\">En su apartado \u201cParticipaci\u00f3n de las Mujeres como garant\u00eda\ndel principio de universalidad del sufragio, as\u00ed como del ejercicio de su\nderecho de votar y ser votadas en condiciones de igualdad\u201d, la convocatoria\nofrece garantizar que las mujeres disfruten y ejerzan su derecho a votar y ser\nvotadas en condiciones de igualdad con los hombres, as\u00ed como acceder a\ndesempe\u00f1ar los cargos p\u00fablicos y de elecci\u00f3n popular, pero en otro apartado\npone candados contra las femeninas.<\/p>\n\n\n\n<ul class=\"wp-block-gallery columns-3 is-cropped wp-block-gallery-1 is-layout-flex wp-block-gallery-is-layout-flex\"><li class=\"blocks-gallery-item\"><figure><img loading=\"lazy\" decoding=\"async\" width=\"720\" height=\"960\" src=\"https:\/\/redsemlac.com\/semmexico\/wp-content\/uploads\/2019\/09\/EDIL-5.jpg\" alt=\"\" data-id=\"11516\" data-link=\"https:\/\/redsemlac.com\/semmexico\/?attachment_id=11516\" class=\"wp-image-11516\"\/><\/figure><\/li><li class=\"blocks-gallery-item\"><figure><img loading=\"lazy\" decoding=\"async\" width=\"720\" height=\"960\" src=\"https:\/\/redsemlac.com\/semmexico\/wp-content\/uploads\/2019\/09\/EDIL-4.jpg\" alt=\"\" data-id=\"11515\" data-link=\"https:\/\/redsemlac.com\/semmexico\/?attachment_id=11515\" class=\"wp-image-11515\"\/><\/figure><\/li><li class=\"blocks-gallery-item\"><figure><img loading=\"lazy\" decoding=\"async\" width=\"720\" height=\"960\" src=\"https:\/\/redsemlac.com\/semmexico\/wp-content\/uploads\/2019\/09\/EDIL-3.jpg\" alt=\"\" data-id=\"11514\" data-link=\"https:\/\/redsemlac.com\/semmexico\/?attachment_id=11514\" class=\"wp-image-11514\"\/><\/figure><\/li><\/ul>\n\n\n\n<p class=\"wp-block-paragraph\">De acuerdo a la convocatoria, la Asamblea General\nComunitaria de Elecci\u00f3n de Autoridades Municipales se llevar\u00e1 a cabo el domingo\n20 de octubre de 2019 a las diez de la ma\u00f1ana en la explanada del palacio\nmunicipal de San Agust\u00edn de las Juntas.<\/p>\n\n\n\n<p class=\"wp-block-paragraph\">De los requisitos que deben reunir las y los concejales a\nelegir, para el cargo de presidente municipal el Ayuntamiento incluy\u00f3 los que\nla Constituci\u00f3n exige, entre ellos ser ciudadano mexicano, originario de San\nAgust\u00edn de las Juntas, estar en el ejercicio de sus derechos y obligaciones\ncomo miembro activo de la comunidad; adem\u00e1s, haber cumplido con los servicios\nque la comunidad le ha conferido de manera satisfactoria, pero con el enorme\ncandado de \u201chaber sido s\u00edndico municipal o regidor propietario\u201d.<\/p>\n\n\n\n<p class=\"wp-block-paragraph\">Dicho \u201ccandado\u201d cierra el paso a la participaci\u00f3n de la\nmujer para ser electa presidenta municipal, violando sus derechos y garant\u00edas\nconstitucionales; y allana el camino a los dos candidatos del actual Presidente\nMunicipal Tom\u00e1s P\u00e9rez L\u00f3pez, Javier Fabi\u00e1n Mej\u00eda y Celso P\u00e9rez Torres.<\/p>\n\n\n\n<p class=\"wp-block-paragraph\">Las aberraciones jur\u00eddicas en el contenido de la\nconvocatoria muestran ignorancia del Ayuntamiento y sus asesores, dando lugar a\nque las mujeres exijan a las instituciones garantizar sus derechos\nconstitucionales.<\/p>\n\n\n\n<p class=\"wp-block-paragraph\"><strong>EL DATO<\/strong><\/p>\n\n\n\n<p class=\"wp-block-paragraph\">En una reciente sesi\u00f3n de cabildo, el Presidente Municipal\nde San Agust\u00edn de las Juntas, Tom\u00e1s P\u00e9rez L\u00f3pez advirti\u00f3 que no permitir\u00eda que\nmujeres sean electas \u201cpor conflictivas e incapaces\u201d.<\/p>\n","protected":false},"excerpt":{"rendered":"<p>En una reciente sesi\u00f3n de cabildo, el Presidente Municipal de San Agust\u00edn de las Juntas, Tom\u00e1s P\u00e9rez L\u00f3pez advirti\u00f3 que no permitir\u00eda que mujeres sean electas \u201cpor conflictivas e incapaces\u201d<\/p>\n","protected":false},"author":3,"featured_media":11517,"comment_status":"open","ping_status":"open","sticky":false,"template":"","format":"standard","meta":{"_monsterinsights_skip_tracking":false,"footnotes":""},"categories":[690,52],"tags":[],"class_list":["post-11511","post","type-post","status-publish","format-standard","has-post-thumbnail","category-690","category-hombres"],"_links":{"self":[{"href":"https:\/\/redsemlac.com\/semmexico\/wp-json\/wp\/v2\/posts\/11511","targetHints":{"allow":["GET"]}}],"collection":[{"href":"https:\/\/redsemlac.com\/semmexico\/wp-json\/wp\/v2\/posts"}],"about":[{"href":"https:\/\/redsemlac.com\/semmexico\/wp-json\/wp\/v2\/types\/post"}],"author":[{"embeddable":true,"href":"https:\/\/redsemlac.com\/semmexico\/wp-json\/wp\/v2\/users\/3"}],"replies":[{"embeddable":true,"href":"https:\/\/redsemlac.com\/semmexico\/wp-json\/wp\/v2\/comments?post=11511"}],"version-history":[{"count":0,"href":"https:\/\/redsemlac.com\/semmexico\/wp-json\/wp\/v2\/posts\/11511\/revisions"}],"wp:featuredmedia":[{"embeddable":true,"href":"https:\/\/redsemlac.com\/semmexico\/wp-json\/wp\/v2\/media\/11517"}],"wp:attachment":[{"href":"https:\/\/redsemlac.com\/semmexico\/wp-json\/wp\/v2\/media?parent=11511"}],"wp:term":[{"taxonomy":"category","embeddable":true,"href":"https:\/\/redsemlac.com\/semmexico\/wp-json\/wp\/v2\/categories?post=11511"},{"taxonomy":"post_tag","embeddable":true,"href":"https:\/\/redsemlac.com\/semmexico\/wp-json\/wp\/v2\/tags?post=11511"}],"curies":[{"name":"wp","href":"https:\/\/api.w.org\/{rel}","templated":true}]}}