{"id":11460,"date":"2019-09-02T15:14:04","date_gmt":"2019-09-02T15:14:04","guid":{"rendered":"https:\/\/redsemlac.com\/semmexico\/?p=11460"},"modified":"2023-07-21T14:53:35","modified_gmt":"2023-07-21T19:53:35","slug":"opinion-84","status":"publish","type":"post","link":"https:\/\/redsemlac.com\/semmexico\/opinion-84\/","title":{"rendered":"Miradas de reportero"},"content":{"rendered":"\n<h2 class=\"wp-block-heading\"><strong>Muy modosito el diagn\u00f3stico de la ONU para proteger periodistas<\/strong><\/h2>\n\n\n\n<p class=\"wp-block-paragraph\"><strong>Rogelio Hern\u00e1ndez L\u00f3pez<\/strong><\/p>\n\n\n\n<p class=\"wp-block-paragraph\">SemM\u00e9xico. Ciudad de M\u00e9xico. 02 de Septiembre 2019.&#8211; &nbsp;Quiz\u00e1 me distraje un momento de la\npresentaci\u00f3n que hizo Jan Jarab del diagn\u00f3stico que hizo personal de su oficina\nen M\u00e9xico al mecanismo de protecci\u00f3n a defensores y periodistas. S\u00f3lo escuch\u00e9,\nen dos frases muy breves, su recomendaci\u00f3n de que ese instrumento del gobierno\nfederal \u201cpromueva un abordaje preventivo, un enfoque para anular las causas de\nriesgos y a fortalecer capacidades. \u2013cavilaba el reportero ese lunes 26 de\nagosto al salir con cara de tristeza de las instalaciones de la Comisi\u00f3n de los\nDerechos Humanos de la Ciudad de M\u00e9xico.<\/p>\n\n\n\n<p class=\"wp-block-paragraph\">&#8212; Supe, desde hace tres meses que preparaban ese\ndiagn\u00f3stico \u2013recordaba&#8211;. Ten\u00eda esperanza de har\u00edan un an\u00e1lisis completo, bien\nhecho, tanto del funcionamiento del mecanismo como lo hicieron, pero que\ntambi\u00e9n sopesar\u00edan las tipolog\u00edas de los agresores y de los agredidos, de los\nriesgos por regiones, del contexto general de violencia y que recomendar\u00eda\npol\u00edticas p\u00fablicas de prevenciones reales a las agresiones, m\u00e1s all\u00e1 de lo\ncautelar y de campa\u00f1as medi\u00e1ticas\u2026<\/p>\n\n\n\n<p class=\"wp-block-paragraph\">Casi nada de eso escuch\u00e9 en la presentaci\u00f3n. Creo que no atend\u00ed\nbien cada palabra. \u2013se reprochaba. <\/p>\n\n\n\n<ul class=\"wp-block-gallery columns-2 is-cropped wp-block-gallery-1 is-layout-flex wp-block-gallery-is-layout-flex\"><li class=\"blocks-gallery-item\"><figure><img loading=\"lazy\" decoding=\"async\" width=\"635\" height=\"434\" src=\"https:\/\/redsemlac.com\/semmexico\/wp-content\/uploads\/2019\/09\/imagen-para-rogelio-1.png\" alt=\"\" data-id=\"11462\" data-link=\"https:\/\/redsemlac.com\/semmexico\/?attachment_id=11462\" class=\"wp-image-11462\"\/><\/figure><\/li><li class=\"blocks-gallery-item\"><figure><img loading=\"lazy\" decoding=\"async\" width=\"764\" height=\"570\" src=\"https:\/\/redsemlac.com\/semmexico\/wp-content\/uploads\/2019\/09\/imagen-para-rogelio-2.png\" alt=\"\" data-id=\"11464\" data-link=\"https:\/\/redsemlac.com\/semmexico\/?attachment_id=11464\" class=\"wp-image-11464\"\/><\/figure><\/li><\/ul>\n\n\n\n<p class=\"wp-block-paragraph\"><strong>103 recomendaciones<\/strong><\/p>\n\n\n\n<p class=\"wp-block-paragraph\">Las esperanzas del reportero se basaban en conocer la\nexperiencia y preparaci\u00f3n acad\u00e9mica del personal de la oficina en M\u00e9xico de la\nAlta Comisionada de los Derechos Humanos de la ONU; en saber que tomaron m\u00e1s de\ncien d\u00edas para hacer el trabajo; en que cuentan con recursos econ\u00f3micos propios\npara costear un estudio as\u00ed; en que entrevistaron a 147 personas, 62 de ellas\nbeneficiarias del mecanismo; en que consultaron a sus colegas de otras oficinas\nde organismos internacionales y a expertos en el tema dentro y fuera de M\u00e9xico\ny adem\u00e1s que revisar\u00edan todas las recomendaciones sobre derechos humanos que le\nhan hecho a M\u00e9xico. Pocas veces se sabe de un intento de diagn\u00f3stico con tantas\ncapacidades y acciones.<\/p>\n\n\n\n<p class=\"wp-block-paragraph\">Por todo eso el reportero ten\u00eda necesidad de buscar en los\ndocumentos lo que no escuch\u00f3 sobre prevenci\u00f3n y protecci\u00f3n integral. Dedic\u00f3 tiempo\nsuficiente para leer con detenimiento las 24 p\u00e1ginas del resumen ejecutivo del\ndiagn\u00f3stico y cada una de las 103 recomendaciones. Todo eso ampliado en el\ndocumento de resumen de su investigaci\u00f3n en 410 p\u00e1ginas. Y tampoco hall\u00f3 esas\nrecomendaciones que esperaba de la ONU-ACDH para allegarles capacidades de\nautoprotecci\u00f3n para sus colegas. <\/p>\n\n\n\n<p class=\"wp-block-paragraph\">El reportero supone que conoce el tema; acaso es de los\nperiodistas m\u00e1s familiarizados con los asuntos de protecci\u00f3n para sus colegas.\nHace 21 a\u00f1os hizo la primera investigaci\u00f3n sobre las fortalezas y debilidades\nde los periodistas mexicanos que public\u00f3 Grijalbo en 1999 (Solo para\nperiodistas); desde 2011 ha sido de los redactores civiles de las propuestas de\nleyes de protecci\u00f3n tanto federal, del DF y de otros cinco estados. Fue tambi\u00e9n\nmiembro fundador de los consejos consultivos de los mecanismos de protecci\u00f3n\nfederal y del DF. Tambi\u00e9n fue cofundador y primer director de una asociaci\u00f3n\ncivil que pretendi\u00f3 reivindicar al periodista como la persona f\u00edsica que\nrealiza una actividad profesional del inter\u00e9s p\u00fablico, funci\u00f3n de la m\u00e1s alta\nresponsabilidad social que debe ser protegida y auspiciada por el Estado, es\ndecir sujeto de protecci\u00f3n integral, m\u00e1s all\u00e1 del amparo policiaco ante riesgos\nde da\u00f1os. <\/p>\n\n\n\n<p class=\"wp-block-paragraph\"><strong>El enfermo es otro<\/strong><\/p>\n\n\n\n<p class=\"wp-block-paragraph\">Al \u201cpeinar\u201d los documentos del diagn\u00f3stico sobre el\nfuncionamiento del mecanismo encontr\u00f3 que el termino prevenci\u00f3n se us\u00f3 en 127\nveces y el de capacidades 47. Pero en las valoraciones y recomendaciones los\nvocablos fueron utilizados para las medidas preventivas propias del mecanismo,\nde su personal, de agentes de procuraci\u00f3n de justicia y policiales y\/o de\npersonas o grupos amenazados o beneficiarios de la protecci\u00f3n de cautela\npolicial.<\/p>\n\n\n\n<p class=\"wp-block-paragraph\">Todo eso, en resumen, qued\u00f3 dentro del \u00e1mbito del mecanismo.\nLas pocas referencias a pol\u00edticas p\u00fablicas de prevenci\u00f3n reales que anot\u00f3 el\ndiagn\u00f3stico de la ONU fueron referentes a las recomendaciones que han hecho al\ngobierno mexicano otras \u00e1reas de Naciones Unidas y de la OEA u otros organismos\ninternacionales para todos los \u00e1mbitos de los derechos humanos.<\/p>\n\n\n\n<p class=\"wp-block-paragraph\">Fue demasiado poco lo de prevenci\u00f3n, m\u00e1s all\u00e1 del mecanismo\ny su \u00e1mbito, que contienen los documentos del diagn\u00f3stico. Lo que qued\u00f3 muy\npreciso fue en el primer p\u00e1rrafo de la p\u00e1gina 10 del informe de 410 p\u00e1ginas: <\/p>\n\n\n\n<p class=\"wp-block-paragraph\">\u201c\u2026 el Mecanismo mantiene su enfoque principal en evitar la\nconsumaci\u00f3n del da\u00f1o (lo reactivo), sin priorizar la atenci\u00f3n a las causas que\ngeneran el riesgo, que deben ser atendidas a trav\u00e9s de acciones pol\u00edticas y de\nprevenci\u00f3n que permitan anular el origen del riesgo\u2026 Es fundamental entender\nque sin un enfoque de prevenci\u00f3n combinado con una actuaci\u00f3n dirigida a anular\nlas causas del riesgo no se va a disminuir la necesidad de protecci\u00f3n\nindividual y finalmente el Mecanismo se volver\u00e1 ineficaz e insostenible porque,\nmanteniendo la actual tendencia creciente, para 2024 ser\u00edan aproximadamente\n3,400 las personas beneficiarias acogidas al mismo.\u201d<\/p>\n\n\n\n<p class=\"wp-block-paragraph\">Pero de eso, no hubo recomendaciones concretas.<\/p>\n\n\n\n<p class=\"wp-block-paragraph\">&#8212; Como que este diagn\u00f3stico de la ONU fue resultado de la\nmirada de dos m\u00e9dicos especializados en dietas y en reumatismo \u2013metaforizaba el\nreportero&#8211; Le falt\u00f3 el m\u00e9todo y enfoques amplios de los internistas; de esos profesionales\nque todas las enciclopedias m\u00e9dicas definen como los que est\u00e1n preparados para\nla visi\u00f3n m\u00e1s amplia y \u201ca quienes recurren otros m\u00e9dicos para entender a\nenfermos complejos cuyo diagn\u00f3stico es dif\u00edcil, porque se encuentran afectados\npor varias enfermedades.\u201d<\/p>\n\n\n\n<p class=\"wp-block-paragraph\">Con ese otro enfoque habr\u00eda que considerar que el enfermo no\nes el mecanismo sino las vulnerabilidades de periodistas y defensores en un\ncontexto de violencia e irrespeto por los derechos humanos.<\/p>\n\n\n\n<p class=\"wp-block-paragraph\">Las encuestas m\u00e1s recientes, como la de Parametr\u00eda, indican\nque la mayor\u00eda de la gente sabe que el trabajo de los periodistas es de alto\nriesgo y que se necesitan otras medidas del Estado. Eso es lo que debe\nenfocarse en un diagn\u00f3stico completo, de internista.<\/p>\n\n\n\n<p class=\"wp-block-paragraph\"><strong>Lo que falt\u00f3<\/strong><\/p>\n\n\n\n<p class=\"wp-block-paragraph\">Es muy probable que el reportero est\u00e9 demasiado empe\u00f1ado en\nque la mejor protecci\u00f3n a periodistas sea allegarle fortalezas a sus colegas\npara que protejan bien la informaci\u00f3n de inter\u00e9s p\u00fablico y a su integridad a la\nhora de servir a los p\u00fablicos. Sabe bien que todo reportero que haga bien su\ntrabajo ser\u00e1 molesto, incomodo. para quienes infrinjan las leyes o afecten a\nterceros. Y para eso requiere que el Estado le garantice un entorno de\nseguridad personal, laboral y social que incluye condiciones para la\npreparaci\u00f3n continua. Es decir, merece en entorno para tener fortalezas\nprofesionales.<\/p>\n\n\n\n<p class=\"wp-block-paragraph\">Faltaron, seg\u00fan la visi\u00f3n de este reportero, recomendaciones\npara que el Ejecutivo Federal involucre a todas las autoridades del Estado\nMexicano en la aplicaci\u00f3n de una estrategia nacional que cambie el modelo o\nparadigma \u2013como dicen los acad\u00e9micos\u2014de observar el fen\u00f3meno de agravios y\nasesinatos de periodistas y los vea como parte de sus pol\u00edticas p\u00fablicas de\ncomunicaci\u00f3n social democr\u00e1tica; una estrategia de protecci\u00f3n integral al\ntrabajo de los periodistas que ponga por delante su obtenci\u00f3n de capacidades, la\nreducci\u00f3n de sus varias vulnerabilidades. Una estrategia de prevenci\u00f3n real.<\/p>\n\n\n\n<p class=\"wp-block-paragraph\">Esta era la esperanza del reportero al hurgar en el\ndiagn\u00f3stico del mecanismo. Y al observar el resultado, adem\u00e1s de sentir\ntristeza por no encontrar lo esperado tuvo que justificar que ese tipo de\ndocumentos de una oficina de la ONU no pueden ser exigentes de lo que es\nnecesario sino mantener un estilo circunspecto, recatado, respetuoso, modosito\npues.<\/p>\n\n\n\n<p class=\"wp-block-paragraph\">&#8212;&#8211;<\/p>\n\n\n\n<p class=\"wp-block-paragraph\">Nota.- Para leer el diagn\u00f3stico: <a href=\"http:\/\/hchr.org.mx\/images\/doc_pub\/190725-Diagnostico-Mecanismo-FINAL.pdf\">http:\/\/hchr.org.mx\/images\/doc_pub\/190725-Diagnostico-Mecanismo-FINAL.pdf<\/a><\/p>\n","protected":false},"excerpt":{"rendered":"<p>Muy modosito el diagn\u00f3stico de la ONU para proteger periodistas<\/p>\n","protected":false},"author":3,"featured_media":8473,"comment_status":"open","ping_status":"open","sticky":false,"template":"","format":"standard","meta":{"_monsterinsights_skip_tracking":false,"footnotes":""},"categories":[690,106,85],"tags":[],"class_list":["post-11460","post","type-post","status-publish","format-standard","has-post-thumbnail","category-690","category-mirada-de-reportero","category-rogelio-hernandez-lopez"],"_links":{"self":[{"href":"https:\/\/redsemlac.com\/semmexico\/wp-json\/wp\/v2\/posts\/11460","targetHints":{"allow":["GET"]}}],"collection":[{"href":"https:\/\/redsemlac.com\/semmexico\/wp-json\/wp\/v2\/posts"}],"about":[{"href":"https:\/\/redsemlac.com\/semmexico\/wp-json\/wp\/v2\/types\/post"}],"author":[{"embeddable":true,"href":"https:\/\/redsemlac.com\/semmexico\/wp-json\/wp\/v2\/users\/3"}],"replies":[{"embeddable":true,"href":"https:\/\/redsemlac.com\/semmexico\/wp-json\/wp\/v2\/comments?post=11460"}],"version-history":[{"count":0,"href":"https:\/\/redsemlac.com\/semmexico\/wp-json\/wp\/v2\/posts\/11460\/revisions"}],"wp:featuredmedia":[{"embeddable":true,"href":"https:\/\/redsemlac.com\/semmexico\/wp-json\/wp\/v2\/media\/8473"}],"wp:attachment":[{"href":"https:\/\/redsemlac.com\/semmexico\/wp-json\/wp\/v2\/media?parent=11460"}],"wp:term":[{"taxonomy":"category","embeddable":true,"href":"https:\/\/redsemlac.com\/semmexico\/wp-json\/wp\/v2\/categories?post=11460"},{"taxonomy":"post_tag","embeddable":true,"href":"https:\/\/redsemlac.com\/semmexico\/wp-json\/wp\/v2\/tags?post=11460"}],"curies":[{"name":"wp","href":"https:\/\/api.w.org\/{rel}","templated":true}]}}